{"id":903,"date":"2015-07-15T13:23:02","date_gmt":"2015-07-15T13:23:02","guid":{"rendered":"http:\/\/tinerimearomana.ro\/orchestra-romana-tineret\/?p=903"},"modified":"2023-03-18T09:27:01","modified_gmt":"2023-03-18T09:27:01","slug":"festivalul-international-vara-magica","status":"publish","type":"post","link":"https:\/\/tinerimearomana.ro\/orchestra-romana-tineret\/festivalul-international-vara-magica\/","title":{"rendered":"Festivalul International &#8211; Vara magica"},"content":{"rendered":"<div class=\"su-spacer\" style=\"height:20px\"><\/div>\n[infobox style=&#8217;info&#8217; static=&#8217;1&#8242;]\n<h2>ORCHESTRA ROM\u00c2N\u0102 DE TINERET \u00eesi incepe vara european\u0103 cu dou\u0103 concerte la Bucure\u015fti \u015fi \u00een Italia<\/h2>\n<div class=\"su-row\"><div class=\"su-column su-column-size-3-5\"><div class=\"su-column-inner su-u-clearfix su-u-trim\">\n<div class=\"su-spacer\" style=\"height:20px\"><\/div>\n<p style=\"text-indent: 40px;\"><strong>Centrul Na\u0163ional de Art\u0103 Tinerimea Rom\u00e2n\u0103<\/strong> \u015fi <strong>Institutul Cultural Rom\u00e2n<\/strong> cu sprijinul <strong>Lanto Communication<\/strong> anun\u021b\u0103 dou\u0103 concerte extraordinare ale <strong>Orchestrei Rom\u00e2ne de Tineret<\/strong> dirijat\u0103 de <strong>Cristian Mandeal <\/strong>care se adreseaz\u0103 at\u00e2t publicului din Rom\u00e2nia \u2013 pe 15 iulie la Ateneul Rom\u00e2n in cadrul <strong>Festivalului Interna\u021bional Vara Magic\u0103<\/strong>, c\u00e2t \u015fi publicului interna\u021bional \u2013 pe 18 iulie la <strong>Festivalul Mahler de la Toblach\/Dobbiaco (Italia)<\/strong>.<\/p>\n<div class=\"su-spacer\" style=\"height:20px\"><\/div>\n<p style=\"text-indent: 40px;\">Primul eveniment va avea loc la Ateneul Rom\u00e2n pe 15 iulie, de la ora 19 \u015fi il va avea ca solist pe <strong>Eugen \u021aichindelean<\/strong> in Concertul nr. 5 pentru vioar\u0103 \u015fi orchestr\u0103 urmat in partea a doua de Simfonia I in Re major de Mahler.<\/p>\n<div class=\"su-spacer\" style=\"height:20px\"><\/div>\n<p style=\"text-indent: 40px;\">Al doilea eveniment va avea loc pe <strong>18 iulie 2015, la Toblach (Dobbiaco) \u2013 Italia, \u00een Sala \u201cGustav Mahler\u201d<\/strong>, \u00een deschiderea <strong>Festivalului International \u201eGustav Mahler\u201d,<\/strong> Orchestra Rom\u00e2n\u0103 de Tineret sub bagheta lui <strong>Cristian Mandeal<\/strong>, solist\u0103 pianista Oxana Corjos, cu un program ce incepe cu Rapsodia I de Enescu, continu\u0103 cu Burlesca pentru pian si orchestr\u0103 de Richard Strauss \u015fi se incheie cu Simfonia I de Mahler.<\/p>\n<div class=\"su-spacer\" style=\"height:20px\"><\/div>\n<p style=\"text-indent: 40px;\">Despre aceste evenimente, managerul Centrului Na\u0163ional de Art\u0103 \u201eTinerimea Rom\u00e2n\u0103\u201d, <strong>Marin Cazacu<\/strong> afirma : \u201eAce\u0219ti tineri au crescut \u00eempreun\u0103, sunt selec\u021biona\u021bi din \u00eentreaga Rom\u00e2nie, au fost alesi dup\u0103 criterii de performan\u021b\u0103 egale, adic\u0103 sunt to\u021bi la fel de buni \u0219i \u00een mod special cu acelea\u0219i aspira\u021bii profesionale. Este extrem de important s\u0103 doreasc\u0103 s\u0103 d\u0103ruiasc\u0103 tot ceea ce au \u00eenv\u0103\u021bat de-a lungul timpului \u00eentr-un proiect pe care \u0219i ei \u00eel consider\u0103 proiectul vie\u021bii lor \u0219i de care cu greu se despart la o anumit\u0103 v\u00e2rst\u0103. Este o orchestr\u0103 de tineret \u0219i e firesc la un moment dat ca acestia s\u0103 intre \u00eentr-o orchestr\u0103 profesionist\u0103 \u0219i s\u0103 apar\u0103 al\u021bii, mai tineri, \u0219i s\u0103 continue acest ciclu de performan\u021b\u0103.\u201d<\/p>\n<div class=\"su-spacer\" style=\"height:20px\"><\/div>\n<p style=\"text-indent: 40px;\"><strong>Radu Boroianu<\/strong>, presedintele Institutului Cultural Rom\u00e2n, declara referitor la colaborarea cu Orchestra Rom\u00e2n\u0103 de Tineret : \u201eSuntem foarte bucuro\u0219i pentru acest parteneriat pentru c\u0103 el se \u00eenscrie \u00eentr-o linie care va deveni probabil regul\u0103 la Institutul Cultural Rom\u00e2n \u0219i anume promovarea cu prec\u0103dere a tipului de manifest\u0103ri \u00een care arti\u0219ti care se bucur\u0103 deja de o apreciere interna\u021bional\u0103, promoveaz\u0103 talentul lor \u0219i cultura rom\u00e2neasc\u0103 \u00een general peste hotare \u00een turnee. Cu alte cuvinte, \u00eencetul cu \u00eencetul consisten\u021ba manifest\u0103rilor ICR va cre\u0219te, pentru c\u0103, a\u0219a cum \u00eel numesc eu \u201epuzzle-ul\u201d \u00eent\u00e2mpl\u0103rilor legate de promovarea creativit\u0103\u021bii rom\u00e2ne\u0219ti \u00een afara grani\u021belor Rom\u00e2niei va fi mult mai u\u0219or de compus de c\u0103tre str\u0103inii c\u0103rora ne adres\u0103m \u0219i, de ce nu, de nativi rom\u00e2ni care se afl\u0103 r\u0103sp\u00e2ndi\u021bi prin lume, fie istoric, fie \u00eent\u00e2mpl\u0103tor. E important ca pietrele pe care le punem \u00een aceast\u0103 construc\u021bie s\u0103 fie consistente \u0219i Orchestra de Tineret este una dintre aceste pietre consistente. De la \u00eenceput am apreciat ini\u021biativa celor doi mari interpre\u021bi rom\u00e2ni, a dirijorului Cristian Mandeal \u0219i a violoncelistului Marin Cazacu, \u00een 2008, pentru c\u0103 mi s-a p\u0103rut c\u0103 acest proiect al domniilor lor poate s\u0103 scoat\u0103 din anonimat valori care \u00ee\u0219i a\u0219teapt\u0103 prea mult r\u00e2ndul pentru a fi transmise publicului larg.\u201d<\/p>\n<p style=\"text-indent: 40px;\">Partenerii media ai evenimentelor sunt Radio Rom\u00e2nia Cultural si Radio Rom\u00e2nia Muzical.<\/p>\n<\/div><\/div>\n<div class=\"su-column su-column-size-2-5\"><div class=\"su-column-inner su-u-clearfix su-u-trim\">\n<a href=\"http:\/\/tinerimearomana.ro\/orchestra-romana-tineret\/wp-content\/uploads\/sites\/4\/2015\/07\/festival-vara-magica-big.jpg\"><img fetchpriority=\"high\" decoding=\"async\" class=\"alignright\" src=\"http:\/\/tinerimearomana.ro\/orchestra-romana-tineret\/wp-content\/uploads\/sites\/4\/2015\/07\/festival-vara-magica-big.jpg\" alt=\"festival-vara-magica-big\" width=\"320\" height=\"451\" \/><\/a><br \/>\n<\/div><\/div><\/div>\n<div class=\"su-spacer\" style=\"height:30px\"><\/div>\n<strong>FOTO<\/strong><br \/>\n<div class=\"su-custom-gallery su-custom-gallery-align-left su-custom-gallery-title-never su-lightbox-gallery\"><div class=\"su-custom-gallery-slide\" style=\"width:220px;height:160px\"><a href=\"https:\/\/tinerimearomana.ro\/orchestra-romana-tineret\/wp-content\/uploads\/sites\/4\/2015\/07\/vara-magica7.jpg\" title=\"vara-magica7\"><img decoding=\"async\" src=\"https:\/\/tinerimearomana.ro\/orchestra-romana-tineret\/wp-content\/uploads\/sites\/4\/2015\/07\/vara-magica7.jpg\" alt=\"vara-magica7\" width=\"220\" height=\"160\" \/><span class=\"su-custom-gallery-title\">vara-magica7<\/span><\/a><\/div><div class=\"su-custom-gallery-slide\" style=\"width:220px;height:160px\"><a href=\"https:\/\/tinerimearomana.ro\/orchestra-romana-tineret\/wp-content\/uploads\/sites\/4\/2015\/07\/vara-magica6.jpg\" title=\"vara-magica6\"><img decoding=\"async\" src=\"https:\/\/tinerimearomana.ro\/orchestra-romana-tineret\/wp-content\/uploads\/sites\/4\/2015\/07\/vara-magica6.jpg\" alt=\"vara-magica6\" width=\"220\" height=\"160\" \/><span class=\"su-custom-gallery-title\">vara-magica6<\/span><\/a><\/div><div class=\"su-custom-gallery-slide\" style=\"width:220px;height:160px\"><a href=\"https:\/\/tinerimearomana.ro\/orchestra-romana-tineret\/wp-content\/uploads\/sites\/4\/2015\/07\/vara-magica5.jpg\" title=\"vara-magica5\"><img loading=\"lazy\" decoding=\"async\" src=\"https:\/\/tinerimearomana.ro\/orchestra-romana-tineret\/wp-content\/uploads\/sites\/4\/2015\/07\/vara-magica5.jpg\" alt=\"vara-magica5\" width=\"220\" height=\"160\" \/><span class=\"su-custom-gallery-title\">vara-magica5<\/span><\/a><\/div><div class=\"su-custom-gallery-slide\" style=\"width:220px;height:160px\"><a href=\"https:\/\/tinerimearomana.ro\/orchestra-romana-tineret\/wp-content\/uploads\/sites\/4\/2015\/07\/vara-magica4.jpg\" title=\"vara-magica4\"><img loading=\"lazy\" decoding=\"async\" src=\"https:\/\/tinerimearomana.ro\/orchestra-romana-tineret\/wp-content\/uploads\/sites\/4\/2015\/07\/vara-magica4.jpg\" alt=\"vara-magica4\" width=\"220\" height=\"160\" \/><span class=\"su-custom-gallery-title\">vara-magica4<\/span><\/a><\/div><div class=\"su-custom-gallery-slide\" style=\"width:220px;height:160px\"><a href=\"https:\/\/tinerimearomana.ro\/orchestra-romana-tineret\/wp-content\/uploads\/sites\/4\/2015\/07\/vara-magica3.jpg\" title=\"vara-magica3\"><img loading=\"lazy\" decoding=\"async\" src=\"https:\/\/tinerimearomana.ro\/orchestra-romana-tineret\/wp-content\/uploads\/sites\/4\/2015\/07\/vara-magica3.jpg\" alt=\"vara-magica3\" width=\"220\" height=\"160\" \/><span class=\"su-custom-gallery-title\">vara-magica3<\/span><\/a><\/div><div class=\"su-custom-gallery-slide\" style=\"width:220px;height:160px\"><a href=\"https:\/\/tinerimearomana.ro\/orchestra-romana-tineret\/wp-content\/uploads\/sites\/4\/2015\/07\/vara-magica2.jpg\" title=\"vara-magica2\"><img loading=\"lazy\" decoding=\"async\" src=\"https:\/\/tinerimearomana.ro\/orchestra-romana-tineret\/wp-content\/uploads\/sites\/4\/2015\/07\/vara-magica2.jpg\" alt=\"vara-magica2\" width=\"220\" height=\"160\" \/><span class=\"su-custom-gallery-title\">vara-magica2<\/span><\/a><\/div><div class=\"su-custom-gallery-slide\" style=\"width:220px;height:160px\"><a href=\"https:\/\/tinerimearomana.ro\/orchestra-romana-tineret\/wp-content\/uploads\/sites\/4\/2015\/07\/vara-magica1.jpg\" title=\"vara-magica1\"><img loading=\"lazy\" decoding=\"async\" src=\"https:\/\/tinerimearomana.ro\/orchestra-romana-tineret\/wp-content\/uploads\/sites\/4\/2015\/07\/vara-magica1.jpg\" alt=\"vara-magica1\" width=\"220\" height=\"160\" \/><span class=\"su-custom-gallery-title\">vara-magica1<\/span><\/a><\/div><div class=\"su-custom-gallery-slide\" style=\"width:220px;height:160px\"><a href=\"https:\/\/tinerimearomana.ro\/orchestra-romana-tineret\/wp-content\/uploads\/sites\/4\/2015\/07\/Festivalul-Mahler-Italia-big.jpg\" title=\"Festivalul-Mahler-Italia-big\"><img loading=\"lazy\" decoding=\"async\" src=\"https:\/\/tinerimearomana.ro\/orchestra-romana-tineret\/wp-content\/uploads\/sites\/4\/2015\/07\/Festivalul-Mahler-Italia-big.jpg\" alt=\"Festivalul-Mahler-Italia-big\" width=\"220\" height=\"160\" \/><span class=\"su-custom-gallery-title\">Festivalul-Mahler-Italia-big<\/span><\/a><\/div><div class=\"su-clear\"><\/div><\/div>\n[\/infobox][:]\n","protected":false},"excerpt":{"rendered":"<p>[infobox style=&#8217;info&#8217; static=&#8217;1&#8242;] ORCHESTRA ROM\u00c2N\u0102 DE TINERET \u00eesi incepe vara european\u0103 cu dou\u0103 concerte la Bucure\u015fti \u015fi \u00een Italia FOTO [\/infobox][:]<\/p>\n","protected":false},"author":1,"featured_media":902,"comment_status":"open","ping_status":"open","sticky":false,"template":"","format":"standard","meta":{"_kad_post_transparent":"","_kad_post_title":"","_kad_post_layout":"","_kad_post_sidebar_id":"","_kad_post_content_style":"","_kad_post_vertical_padding":"","_kad_post_feature":"","_kad_post_feature_position":"","_kad_post_header":false,"_kad_post_footer":false,"_kad_post_classname":"","footnotes":""},"categories":[4],"tags":[],"class_list":["post-903","post","type-post","status-publish","format-standard","has-post-thumbnail","hentry","category-concerte-ro"],"_links":{"self":[{"href":"https:\/\/tinerimearomana.ro\/orchestra-romana-tineret\/wp-json\/wp\/v2\/posts\/903"}],"collection":[{"href":"https:\/\/tinerimearomana.ro\/orchestra-romana-tineret\/wp-json\/wp\/v2\/posts"}],"about":[{"href":"https:\/\/tinerimearomana.ro\/orchestra-romana-tineret\/wp-json\/wp\/v2\/types\/post"}],"author":[{"embeddable":true,"href":"https:\/\/tinerimearomana.ro\/orchestra-romana-tineret\/wp-json\/wp\/v2\/users\/1"}],"replies":[{"embeddable":true,"href":"https:\/\/tinerimearomana.ro\/orchestra-romana-tineret\/wp-json\/wp\/v2\/comments?post=903"}],"version-history":[{"count":13,"href":"https:\/\/tinerimearomana.ro\/orchestra-romana-tineret\/wp-json\/wp\/v2\/posts\/903\/revisions"}],"predecessor-version":[{"id":2689,"href":"https:\/\/tinerimearomana.ro\/orchestra-romana-tineret\/wp-json\/wp\/v2\/posts\/903\/revisions\/2689"}],"wp:featuredmedia":[{"embeddable":true,"href":"https:\/\/tinerimearomana.ro\/orchestra-romana-tineret\/wp-json\/wp\/v2\/media\/902"}],"wp:attachment":[{"href":"https:\/\/tinerimearomana.ro\/orchestra-romana-tineret\/wp-json\/wp\/v2\/media?parent=903"}],"wp:term":[{"taxonomy":"category","embeddable":true,"href":"https:\/\/tinerimearomana.ro\/orchestra-romana-tineret\/wp-json\/wp\/v2\/categories?post=903"},{"taxonomy":"post_tag","embeddable":true,"href":"https:\/\/tinerimearomana.ro\/orchestra-romana-tineret\/wp-json\/wp\/v2\/tags?post=903"}],"curies":[{"name":"wp","href":"https:\/\/api.w.org\/{rel}","templated":true}]}}