{"id":892,"date":"2015-07-04T14:42:12","date_gmt":"2015-07-04T14:42:12","guid":{"rendered":"http:\/\/tinerimearomana.ro\/orchestra-romana-tineret\/?p=892"},"modified":"2023-03-18T09:27:01","modified_gmt":"2023-03-18T09:27:01","slug":"orchestra-romana-de-tineret-in-turneu","status":"publish","type":"post","link":"https:\/\/tinerimearomana.ro\/orchestra-romana-tineret\/orchestra-romana-de-tineret-in-turneu\/","title":{"rendered":"Tinerimea Rom\u00e2n\u0103 anun\u0163\u0103 participarea ORCHESTREI ROM\u00c2NE DE TINERET  la o serie de turnee cu sprijinul Institutului Cultural Rom\u00e2n[:en]Romanian Youth Orchestra on tour"},"content":{"rendered":"<div class=\"su-spacer\" style=\"height:20px\"><\/div>\n[infobox style=&#8217;info&#8217; static=&#8217;1&#8242;]\n<p style=\"text-indent: 40px;\"><strong>Centrul Na\u0163ional de Art\u0103 Tinerimea Rom\u00e2n\u0103<\/strong> \u015fi <strong>Institutul Cultural Rom\u00e2n<\/strong> v\u0103 invit\u0103 pe <strong>9 iulie ora 14<\/strong> la o<strong> conferinta de pres\u0103<\/strong> ce se va desf\u0103\u015fura la <strong>sediul central ICR din Aleea Alexandru<\/strong>, pe tema prezen\u021belor Orchestrei Rom\u00e2ne de Tineret \u00een <strong>Italia, Fran\u0163a \u015fi Austria,<\/strong> dar \u015fi la<strong> Festivalul \u201cEnescu\u201d<\/strong>, prezen\u0163e care au loc cu sprijinul ICR.<\/p>\n<div class=\"su-spacer\" style=\"height:20px\"><\/div>\n<p style=\"text-indent: 40px;\">Primul eveniment va avea loc pe <strong>18 iulie 2015, la Toblach (Dobbiaco) \u2013 Italia, \u00een Sala \u201cGustav Mahler\u201d<\/strong>, \u00een deschiderea <strong>Festivalului International \u201eGustav Mahler\u201d<\/strong>, Orchestra Rom\u00e2n\u0103 de Tineret sub bagheta lui Cristian Mandeal, solist\u0103 pianist Oxana Corjos, cu un program Enescu, Richard Strauss, Mahler.<\/p>\n<div class=\"su-spacer\" style=\"height:20px\"><\/div>\n<p style=\"text-indent: 40px;\">Pe<strong> 30 august 2015, la Bucuresti, la Sala Mare a Palatului<\/strong>, <strong>de la ora 19.30<\/strong>, Orchestra Rom\u00e2n\u0103 de Tineret va evolua \u00een deschiderea Festivalului International \u201eGeorge Enescu\u201d al\u0103turi de Corul Filarmonicii \u201eG. Enescu\u201d , dirijor Ion Iosif Prunner \u015fi de Corul de Copii Radio. Solist\u0103 Sarah Chang. Sub bagheta lui KRISTJAN J\u00c4RVI, vor putea fi ascultate : G. Enescu \u2013 Rapsodia op. 11, nr. 1 , in La major, J.Sibelius \u2013 Concertul pentru vioara si orchestra, op. 47, in re minor \u015fi C. Orff \u2013 Carmina Burana.<\/p>\n<div class=\"su-spacer\" style=\"height:20px\"><\/div>\n<p style=\"text-indent: 40px;\">Pe <strong>2 septembrie la Aix-en-Provence (Fran\u0163a) <\/strong>la Grande Theatre de Provence, Orchestra Rom\u00e2n\u0103 de Tineret, dirijat\u0103 de Cristian Mandeal va prezenta un program Enescu, cu Rapsodia op. 11, nr. 1, in La major \u015fi Suita nr. 1 , op. 9, in Do major, iar \u00een partea a doua trei celebre lucr\u0103ri de Ceaikovski : Poemul simfonic \u201eFurtuna\u201d , op. 18, Poemul simfonic \u201eFrancesca da Rimini\u201d , 32 \u015fi Uvertura fantezie \u201eRomeo si Julieta\u201d.<\/p>\n<div class=\"su-spacer\" style=\"height:20px\"><\/div>\n<p style=\"text-indent: 40px;\">\u00cen sf\u00e2r\u015fit, pe <strong>28 octombrie la Konzerhaus, Viena<\/strong>, tot sub bagheta lui Cristian Mandeal, Orchestra Romana de Tineret va prezenta un program cuprinz\u00e2nd George Enescu \u2013 Rapsodia op. 11, nr. 1, in La major, Maurice Ravel &#8211; Rapsodia spaniola \u015fi P.I. Ceaikovski \u2013 Simfonia nr. 6 , op. 74, \u201ePatetica\u201d.<\/p>\n<div class=\"su-spacer\" style=\"height:30px\"><\/div>\n<strong>FOTO<\/strong><br \/>\n<div class=\"su-custom-gallery su-custom-gallery-align-left su-custom-gallery-title-never su-lightbox-gallery\"><div class=\"su-custom-gallery-slide\" style=\"width:220px;height:160px\"><a href=\"https:\/\/tinerimearomana.ro\/orchestra-romana-tineret\/wp-content\/uploads\/sites\/4\/2015\/02\/Foto_Virgil-Oprina110.jpg\" title=\"Foto_Virgil-Oprina110\"><img decoding=\"async\" src=\"https:\/\/tinerimearomana.ro\/orchestra-romana-tineret\/wp-content\/uploads\/sites\/4\/2015\/02\/Foto_Virgil-Oprina110.jpg\" alt=\"Foto_Virgil-Oprina110\" width=\"220\" height=\"160\" \/><span class=\"su-custom-gallery-title\">Foto_Virgil-Oprina110<\/span><\/a><\/div><div class=\"su-custom-gallery-slide\" style=\"width:220px;height:160px\"><a href=\"https:\/\/tinerimearomana.ro\/orchestra-romana-tineret\/wp-content\/uploads\/sites\/4\/2015\/02\/Foto_Virgil-Oprina113.jpg\" title=\"Foto_Virgil-Oprina113\"><img decoding=\"async\" src=\"https:\/\/tinerimearomana.ro\/orchestra-romana-tineret\/wp-content\/uploads\/sites\/4\/2015\/02\/Foto_Virgil-Oprina113.jpg\" alt=\"Foto_Virgil-Oprina113\" width=\"220\" height=\"160\" \/><span class=\"su-custom-gallery-title\">Foto_Virgil-Oprina113<\/span><\/a><\/div><div class=\"su-clear\"><\/div><\/div>\n[\/infobox][:]\n","protected":false},"excerpt":{"rendered":"<p>[infobox style=&#8217;info&#8217; static=&#8217;1&#8242;] Centrul Na\u0163ional de Art\u0103 Tinerimea Rom\u00e2n\u0103 \u015fi Institutul Cultural Rom\u00e2n v\u0103 invit\u0103 pe 9 iulie ora 14 la o conferinta de pres\u0103 ce se va desf\u0103\u015fura la sediul central ICR din Aleea Alexandru, pe tema prezen\u021belor Orchestrei Rom\u00e2ne de Tineret \u00een Italia, Fran\u0163a \u015fi Austria, dar \u015fi la Festivalul \u201cEnescu\u201d, prezen\u0163e care&#8230;<\/p>\n","protected":false},"author":1,"featured_media":576,"comment_status":"open","ping_status":"open","sticky":false,"template":"","format":"standard","meta":{"_kad_post_transparent":"","_kad_post_title":"","_kad_post_layout":"","_kad_post_sidebar_id":"","_kad_post_content_style":"","_kad_post_vertical_padding":"","_kad_post_feature":"","_kad_post_feature_position":"","_kad_post_header":false,"_kad_post_footer":false,"_kad_post_classname":"","footnotes":""},"categories":[4],"tags":[],"class_list":["post-892","post","type-post","status-publish","format-standard","has-post-thumbnail","hentry","category-concerte-ro"],"_links":{"self":[{"href":"https:\/\/tinerimearomana.ro\/orchestra-romana-tineret\/wp-json\/wp\/v2\/posts\/892"}],"collection":[{"href":"https:\/\/tinerimearomana.ro\/orchestra-romana-tineret\/wp-json\/wp\/v2\/posts"}],"about":[{"href":"https:\/\/tinerimearomana.ro\/orchestra-romana-tineret\/wp-json\/wp\/v2\/types\/post"}],"author":[{"embeddable":true,"href":"https:\/\/tinerimearomana.ro\/orchestra-romana-tineret\/wp-json\/wp\/v2\/users\/1"}],"replies":[{"embeddable":true,"href":"https:\/\/tinerimearomana.ro\/orchestra-romana-tineret\/wp-json\/wp\/v2\/comments?post=892"}],"version-history":[{"count":8,"href":"https:\/\/tinerimearomana.ro\/orchestra-romana-tineret\/wp-json\/wp\/v2\/posts\/892\/revisions"}],"predecessor-version":[{"id":2688,"href":"https:\/\/tinerimearomana.ro\/orchestra-romana-tineret\/wp-json\/wp\/v2\/posts\/892\/revisions\/2688"}],"wp:featuredmedia":[{"embeddable":true,"href":"https:\/\/tinerimearomana.ro\/orchestra-romana-tineret\/wp-json\/wp\/v2\/media\/576"}],"wp:attachment":[{"href":"https:\/\/tinerimearomana.ro\/orchestra-romana-tineret\/wp-json\/wp\/v2\/media?parent=892"}],"wp:term":[{"taxonomy":"category","embeddable":true,"href":"https:\/\/tinerimearomana.ro\/orchestra-romana-tineret\/wp-json\/wp\/v2\/categories?post=892"},{"taxonomy":"post_tag","embeddable":true,"href":"https:\/\/tinerimearomana.ro\/orchestra-romana-tineret\/wp-json\/wp\/v2\/tags?post=892"}],"curies":[{"name":"wp","href":"https:\/\/api.w.org\/{rel}","templated":true}]}}