{"id":883,"date":"2015-06-19T12:55:54","date_gmt":"2015-06-19T12:55:54","guid":{"rendered":"http:\/\/tinerimearomana.ro\/orchestra-romana-tineret\/?p=883"},"modified":"2023-03-18T09:27:01","modified_gmt":"2023-03-18T09:27:01","slug":"orchestra-romana-de-tineret-deschide-bucharest-music-film-festival","status":"publish","type":"post","link":"https:\/\/tinerimearomana.ro\/orchestra-romana-tineret\/orchestra-romana-de-tineret-deschide-bucharest-music-film-festival\/","title":{"rendered":"Orchestra Rom\u00e2n\u0103 de Tineret deschide Bucharest Music Film Festival[:en]Romanian Youth Orchestra opens Bucharest Music Film Festival"},"content":{"rendered":"[infobox style=&#8217;info&#8217; static=&#8217;1&#8242;]\n<h1>Orchestra Rom\u00e2n\u0103 de Tineret deschide Bucharest Music Film Festival al\u0103turi de Bucharest Jazz Orchestra, Virgil Ian\u0163u \u015fi Andrei Tudor<\/h1>\n<div class=\"su-row\"><div class=\"su-column su-column-size-3-5\"><div class=\"su-column-inner su-u-clearfix su-u-trim\">\n<strong>Tinerimea Rom\u00e2n\u0103<\/strong> anun\u0163\u0103 participarea <strong>ORCHESTREI ROM\u00c2NE DE TINERET<\/strong> \u00eentr-o formula inedit\u0103 \u00een deschiderea Bucharest Music Film Festival \u00een Pia\u021ba George Enescu. Tinerii muzicieni rom\u00e2ni vor c\u00e2nta de la ora 20 al\u0103turi de <strong>BUCHAREST JAZZ ORCHESTRA<\/strong>, solist <strong>VIRGIL IAN\u0162U<\/strong>, dirijor <strong>ANDREI TUDOR<\/strong>, \u00eentr-o formul\u0103 a c\u0103rei direc\u0163ie muzical\u0103 este semnat\u0103 de <strong>Sebastian Burneci<\/strong>.<br \/>\n<div class=\"su-spacer\" style=\"height:50px\"><\/div>\nUn festival devenit tradi\u021bie pe scena cultural\u0103 a ora\u0219ului, Bucharest Music Film Festival a ajuns la cea de-a X-a edi\u021bie \u0219i va celebra acest moment al\u0103turi de bucure\u0219teni \u00een Pia\u021ba George Enescu, \u00een perioada 19 -28 iunie. Pe toat\u0103 durata evenimentului, iubitorii de muzic\u0103 de calitate se vor delecta cu o serie de concerte live impresionante, \u00een cadrul c\u0103rora operele clasice vor fi puse sub semnul modernit\u0103\u021bii prin interpret\u0103rile contemporane ale muzicienilor.<br \/>\n<\/div><\/div>\n<div class=\"su-column su-column-size-2-5\"><div class=\"su-column-inner su-u-clearfix su-u-trim\">\n<a href=\"http:\/\/tinerimearomana.ro\/orchestra-romana-tineret\/wp-content\/uploads\/sites\/4\/2015\/06\/BMFF-orchestra.jpg\"><img fetchpriority=\"high\" decoding=\"async\" class=\"alignright\" src=\"http:\/\/tinerimearomana.ro\/orchestra-romana-tineret\/wp-content\/uploads\/sites\/4\/2015\/06\/BMFF-orchestra.jpg\" alt=\"Afis-Recital Beethoven\" width=\"320\" height=\"451\" \/><\/a><br \/>\n<\/div><\/div><\/div>\n[\/infobox][:]\n","protected":false},"excerpt":{"rendered":"<p>[infobox style=&#8217;info&#8217; static=&#8217;1&#8242;] Orchestra Rom\u00e2n\u0103 de Tineret deschide Bucharest Music Film Festival al\u0103turi de Bucharest Jazz Orchestra, Virgil Ian\u0163u \u015fi Andrei Tudor [\/infobox][:]<\/p>\n","protected":false},"author":1,"featured_media":890,"comment_status":"open","ping_status":"open","sticky":false,"template":"","format":"standard","meta":{"_kad_post_transparent":"","_kad_post_title":"","_kad_post_layout":"","_kad_post_sidebar_id":"","_kad_post_content_style":"","_kad_post_vertical_padding":"","_kad_post_feature":"","_kad_post_feature_position":"","_kad_post_header":false,"_kad_post_footer":false,"_kad_post_classname":"","footnotes":""},"categories":[4],"tags":[],"class_list":["post-883","post","type-post","status-publish","format-standard","has-post-thumbnail","hentry","category-concerte-ro"],"_links":{"self":[{"href":"https:\/\/tinerimearomana.ro\/orchestra-romana-tineret\/wp-json\/wp\/v2\/posts\/883"}],"collection":[{"href":"https:\/\/tinerimearomana.ro\/orchestra-romana-tineret\/wp-json\/wp\/v2\/posts"}],"about":[{"href":"https:\/\/tinerimearomana.ro\/orchestra-romana-tineret\/wp-json\/wp\/v2\/types\/post"}],"author":[{"embeddable":true,"href":"https:\/\/tinerimearomana.ro\/orchestra-romana-tineret\/wp-json\/wp\/v2\/users\/1"}],"replies":[{"embeddable":true,"href":"https:\/\/tinerimearomana.ro\/orchestra-romana-tineret\/wp-json\/wp\/v2\/comments?post=883"}],"version-history":[{"count":7,"href":"https:\/\/tinerimearomana.ro\/orchestra-romana-tineret\/wp-json\/wp\/v2\/posts\/883\/revisions"}],"predecessor-version":[{"id":2692,"href":"https:\/\/tinerimearomana.ro\/orchestra-romana-tineret\/wp-json\/wp\/v2\/posts\/883\/revisions\/2692"}],"wp:featuredmedia":[{"embeddable":true,"href":"https:\/\/tinerimearomana.ro\/orchestra-romana-tineret\/wp-json\/wp\/v2\/media\/890"}],"wp:attachment":[{"href":"https:\/\/tinerimearomana.ro\/orchestra-romana-tineret\/wp-json\/wp\/v2\/media?parent=883"}],"wp:term":[{"taxonomy":"category","embeddable":true,"href":"https:\/\/tinerimearomana.ro\/orchestra-romana-tineret\/wp-json\/wp\/v2\/categories?post=883"},{"taxonomy":"post_tag","embeddable":true,"href":"https:\/\/tinerimearomana.ro\/orchestra-romana-tineret\/wp-json\/wp\/v2\/tags?post=883"}],"curies":[{"name":"wp","href":"https:\/\/api.w.org\/{rel}","templated":true}]}}