{"id":800,"date":"2015-04-17T13:27:34","date_gmt":"2015-04-17T13:27:34","guid":{"rendered":"http:\/\/tinerimearomana.ro\/orchestra-romana-tineret\/?p=800"},"modified":"2023-03-18T09:27:01","modified_gmt":"2023-03-18T09:27:01","slug":"26-aprilie-concert-ceaikovski-in-love","status":"publish","type":"post","link":"https:\/\/tinerimearomana.ro\/orchestra-romana-tineret\/26-aprilie-concert-ceaikovski-in-love\/","title":{"rendered":"26 Aprilie &#8211; Concert Ceaikovski in love[:en]April 26 &#8211; Tchaikovsky  in love"},"content":{"rendered":"[infobox style=&#8217;info&#8217; static=&#8217;1&#8242;]\n<h1>Tinerimea Rom\u00e2n\u0103 \u2013 succes deplin la \u201cCeaikovski in love\u201d<\/h1>\n<div class=\"su-row\"><div class=\"su-column su-column-size-3-5\"><div class=\"su-column-inner su-u-clearfix su-u-trim\">\n<strong>Tinerimea Rom\u00e2n\u0103<\/strong> are bucuria de a anun\u021ba un nou mare succes al Orchestrei Rom\u00e2ne de Tineret dirijat\u0103 de Cristian Mandeal \u00een cadrul proiectului <em>Ceaikovski in love<\/em>.<\/p>\n<p>Poemele simfonice Furtuna \u0219i <em>Francesca da Rimini<\/em>, al\u0103turi de <em>Uvertura-fantezie Romeo \u0219i Julieta<\/em> sunt cele trei capodopere ceaikovskiene care au constituit corolarul celor dou\u0103 zile de concert, un adev\u0103rat tur de for\u021b\u0103 pe care Orchestra Rom\u00e2n\u0103 de Tineret \u0219i dirijorul Cristian Mandeal l-a sus\u021binut pe 25 \u0219i 26 aprilie la Ateneul Rom\u00e2n \u00een cadrul unui dublu proiect care a inclus \u0219i o nou\u0103 edi\u021bie a <em>Festivalului Interna\u021bional de Percu\u021bie<\/em>, eveniment creat de Lanto Communication.<\/p>\n<p>Entuziasmul publicului a apreciat \u0219i a r\u0103spl\u0103tit cu \u00eendelungi aplauze at\u00e2t evolu\u021bia celor 6 soli\u0219ti percu\u021bioni\u0219ti de top mondial care au girat clasa interna\u021bional\u0103 a festivalului, c\u00e2t \u0219i versiunile absolut speciale pe care tinerii muzicieni condu\u0219i de Cristian Mandeal le-au oferit muzicii lui Ceaikovski.<\/p>\n<p>Acest concert a fost inclus \u00een cadrul Festivalului Interna\u0163ional de Percu\u0163ie, \u00een cadrul c\u0103ruia pe 25 aprilie a c\u00e2ntat \u015fi percu\u0163ionistul Peter Sadlo, unul dintre muzicienii foarte aprecia\u0163i de Sergiu Celibidache, care a creat una dintre cele mai puternice \u015fcoli de percu\u0163ie din Europa. \u00cen acela\u015fi context, a concertat \u015fi cvartetul Wave condus de Bogdan B\u0103canu, care va evolua \u00een diferite formule \u00een cele dou\u0103 seri ale festivalului. Cea mai cunoscut\u0103 firm\u0103 produc\u0103toare de instrumente de percu\u0163ie, Adams, a venit la Bucure\u015fti cu prilejul Festivalului Interna\u0163ional de Percu\u0163ie \u015fi a lansat un model nou de marimb\u0103, ce poart\u0103 numele muzicianului rom\u00e2n Bogdan B\u0103canu, care a c\u00e2ntat pentru prima dat\u0103 pe acest instrument \u00een premier\u0103 mondial\u0103 la Bucure\u015fti.<\/p>\n<p>Orchestra Rom\u00e2n\u0103 de Tineret condus\u0103 de dirijorul Cristian Mandeal va continua seria prezen\u021belor interna\u021bionale la Festivalul Mahler de la Toblach \u0219i la Expozi\u021bia Interna\u021bional\u0103 de la Milano, programate \u00een cursul lunii iulie.<br \/>\n<\/div><\/div>\n<div class=\"su-column su-column-size-2-5\"><div class=\"su-column-inner su-u-clearfix su-u-trim\">\n<a href=\"http:\/\/tinerimearomana.ro\/orchestra-romana-tineret\/wp-content\/uploads\/sites\/4\/2015\/04\/Afis-Ceaikovski-in-love-26-april-2015.jpg\"><img fetchpriority=\"high\" decoding=\"async\" class=\"alignright wp-image-801\" src=\"http:\/\/tinerimearomana.ro\/orchestra-romana-tineret\/wp-content\/uploads\/sites\/4\/2015\/04\/Afis-Ceaikovski-in-love-26-april-2015.jpg\" alt=\"Afis-Ceaikovski-in-love-26-april-2015\" width=\"320\" height=\"451\" srcset=\"https:\/\/tinerimearomana.ro\/orchestra-romana-tineret\/wp-content\/uploads\/sites\/4\/2015\/04\/Afis-Ceaikovski-in-love-26-april-2015.jpg 600w, https:\/\/tinerimearomana.ro\/orchestra-romana-tineret\/wp-content\/uploads\/sites\/4\/2015\/04\/Afis-Ceaikovski-in-love-26-april-2015-213x300.jpg 213w\" sizes=\"(max-width: 320px) 100vw, 320px\" \/><\/a><br \/>\n<\/div><\/div><\/div>\n***<\/p>\n<p>Organizator : Centrul Na\u0163ional de Art\u0103 \u201eTinerimea Rom\u00e2n\u0103\u201d<br \/>\nCoproduc\u0103tori: Apa Nova \u015fi Lanto Communication<br \/>\nSponsor principal : BRD<br \/>\nPartener principal : Adams Musical Instruments<br \/>\nParteneri media: Radio Rom\u00e2nia Cultural \u015fi Radio Rom\u00e2nia Muzical<\/p>\n<div class=\"su-row\"><div class=\"su-column su-column-size-4-4\"><div class=\"su-column-inner su-u-clearfix su-u-trim\">\n<strong>FOTO EVENIMENT<\/strong><br \/>\n<div class=\"su-custom-gallery su-custom-gallery-align-left su-custom-gallery-title-never su-lightbox-gallery\"><div class=\"su-custom-gallery-slide\" style=\"width:220px;height:160px\"><a href=\"https:\/\/tinerimearomana.ro\/orchestra-romana-tineret\/wp-content\/uploads\/sites\/4\/2015\/05\/Ceaikovski-in-love6.jpg\" title=\"Ceaikovski-in-love6\"><img decoding=\"async\" src=\"https:\/\/tinerimearomana.ro\/orchestra-romana-tineret\/wp-content\/uploads\/sites\/4\/2015\/05\/Ceaikovski-in-love6.jpg\" alt=\"Ceaikovski-in-love6\" width=\"220\" height=\"160\" \/><span class=\"su-custom-gallery-title\">Ceaikovski-in-love6<\/span><\/a><\/div><div class=\"su-custom-gallery-slide\" style=\"width:220px;height:160px\"><a href=\"https:\/\/tinerimearomana.ro\/orchestra-romana-tineret\/wp-content\/uploads\/sites\/4\/2015\/05\/Ceaikovski-in-love5.jpg\" title=\"Ceaikovski-in-love5\"><img decoding=\"async\" src=\"https:\/\/tinerimearomana.ro\/orchestra-romana-tineret\/wp-content\/uploads\/sites\/4\/2015\/05\/Ceaikovski-in-love5.jpg\" alt=\"Ceaikovski-in-love5\" width=\"220\" height=\"160\" \/><span class=\"su-custom-gallery-title\">Ceaikovski-in-love5<\/span><\/a><\/div><div class=\"su-custom-gallery-slide\" style=\"width:220px;height:160px\"><a href=\"https:\/\/tinerimearomana.ro\/orchestra-romana-tineret\/wp-content\/uploads\/sites\/4\/2015\/05\/Ceaikovski-in-love4.jpg\" title=\"Ceaikovski-in-love4\"><img loading=\"lazy\" decoding=\"async\" src=\"https:\/\/tinerimearomana.ro\/orchestra-romana-tineret\/wp-content\/uploads\/sites\/4\/2015\/05\/Ceaikovski-in-love4.jpg\" alt=\"Ceaikovski-in-love4\" width=\"220\" height=\"160\" \/><span class=\"su-custom-gallery-title\">Ceaikovski-in-love4<\/span><\/a><\/div><div class=\"su-custom-gallery-slide\" style=\"width:220px;height:160px\"><a href=\"https:\/\/tinerimearomana.ro\/orchestra-romana-tineret\/wp-content\/uploads\/sites\/4\/2015\/05\/Ceaikovski-in-love3.jpg\" title=\"Ceaikovski-in-love3\"><img loading=\"lazy\" decoding=\"async\" src=\"https:\/\/tinerimearomana.ro\/orchestra-romana-tineret\/wp-content\/uploads\/sites\/4\/2015\/05\/Ceaikovski-in-love3.jpg\" alt=\"Ceaikovski-in-love3\" width=\"220\" height=\"160\" \/><span class=\"su-custom-gallery-title\">Ceaikovski-in-love3<\/span><\/a><\/div><div class=\"su-custom-gallery-slide\" style=\"width:220px;height:160px\"><a href=\"https:\/\/tinerimearomana.ro\/orchestra-romana-tineret\/wp-content\/uploads\/sites\/4\/2015\/05\/Ceaikovski-in-love2.jpg\" title=\"Ceaikovski-in-love2\"><img loading=\"lazy\" decoding=\"async\" src=\"https:\/\/tinerimearomana.ro\/orchestra-romana-tineret\/wp-content\/uploads\/sites\/4\/2015\/05\/Ceaikovski-in-love2.jpg\" alt=\"Ceaikovski-in-love2\" width=\"220\" height=\"160\" \/><span class=\"su-custom-gallery-title\">Ceaikovski-in-love2<\/span><\/a><\/div><div class=\"su-custom-gallery-slide\" style=\"width:220px;height:160px\"><a href=\"https:\/\/tinerimearomana.ro\/orchestra-romana-tineret\/wp-content\/uploads\/sites\/4\/2015\/05\/Ceaikovski-in-love1.jpg\" title=\"Ceaikovski-in-love1\"><img loading=\"lazy\" decoding=\"async\" src=\"https:\/\/tinerimearomana.ro\/orchestra-romana-tineret\/wp-content\/uploads\/sites\/4\/2015\/05\/Ceaikovski-in-love1.jpg\" alt=\"Ceaikovski-in-love1\" width=\"220\" height=\"160\" \/><span class=\"su-custom-gallery-title\">Ceaikovski-in-love1<\/span><\/a><\/div><div class=\"su-clear\"><\/div><\/div>\n<\/div><\/div><\/div>\n[\/infobox]\n[\/infobox][:en][infobox style=&#8217;info&#8217; static=&#8217;1&#8242;]\n<h1>Romanian Youth &#8211; fully successful show &#8220;Tchaikovsky in love&#8221;<\/h1>\n<div class=\"su-row\"><div class=\"su-column su-column-size-3-5\"><div class=\"su-column-inner su-u-clearfix su-u-trim\">\n<strong>Romanian Youth <\/strong>is pleased to announce a new great success of the Romanian Youth Orchestra conducted by Tchaikovsky Mandeal with the project Tchaikosky in love.<\/p>\n<p>Storm symphonic poems and Francesca da Rimini, along with Overture-Fantasy Romeo and Juliet are the three masterpieces that were the corollary ceaikovskiene the two-day concert, a tour de force that Romanian Youth Orchestra and conductor sustained Mandeal 25 and 26 April at the Romanian Athenaeum in a double project that included a new edition of the International Percussion Festival, an event created by Lanto Communication.<br \/>\nThe enthusiasm of the audience appreciated and rewarded with lengthy applause as developments in the world top six percussionists soloists who have endorsed international class festival and absolute versions special young musicians led by Mandeal they offered Tchaikovsky&#8217;s music.<\/p>\n<p>This concert was included in the International Festival of Percussion, where on April 25 and percussionist Peter Sadlo sang one of highly regarded musicians of Sergiu Celibidache, who created one of the strongest schools of percussion in Europe. In the same context, the quartet has performed and led by Bogdan B\u0103canu Wave that will evolve in different formulas in the two nights of the festival. The best known producers of percussion instruments, Adams came to Bucharest on the occasion of the International Festival of Percussion and Marimba launched a new model, named Bogdan B\u0103canu Romanian musician who sang for the first time on this instrument for the first time World Bucharest.<\/p>\n<p>Romanian Youth Orchestra led by conductor Mandeal international presences will continue the series Mahler Festival in Toblach and at the International Exhibition in Milan, scheduled in July.<br \/>\n<\/div><\/div>\n<div class=\"su-column su-column-size-2-5\"><div class=\"su-column-inner su-u-clearfix su-u-trim\">\n<a href=\"http:\/\/tinerimearomana.ro\/orchestra-romana-tineret\/wp-content\/uploads\/sites\/4\/2015\/04\/Afis-Ceaikovski-in-love-26-april-2015.jpg\"><img fetchpriority=\"high\" decoding=\"async\" class=\"alignright wp-image-801\" src=\"http:\/\/tinerimearomana.ro\/orchestra-romana-tineret\/wp-content\/uploads\/sites\/4\/2015\/04\/Afis-Ceaikovski-in-love-26-april-2015.jpg\" alt=\"Afis-Ceaikovski-in-love-26-april-2015\" width=\"320\" height=\"451\" srcset=\"https:\/\/tinerimearomana.ro\/orchestra-romana-tineret\/wp-content\/uploads\/sites\/4\/2015\/04\/Afis-Ceaikovski-in-love-26-april-2015.jpg 600w, https:\/\/tinerimearomana.ro\/orchestra-romana-tineret\/wp-content\/uploads\/sites\/4\/2015\/04\/Afis-Ceaikovski-in-love-26-april-2015-213x300.jpg 213w\" sizes=\"(max-width: 320px) 100vw, 320px\" \/><\/a><br \/>\n<\/div><\/div><\/div>\n***<\/p>\n<p>Organizer: National Center of Art &#8220;Romanian Youth&#8221;<br \/>\nCo-producer: Apa Nova and Lanto Communication<br \/>\nMain sponsor: BRD<br \/>\nMain partner: Adams Musical Instruments<br \/>\nMedia partners: Radio Romania Cultural and Radio Romania Music<\/p>\n<div class=\"su-row\"><div class=\"su-column su-column-size-4-4\"><div class=\"su-column-inner su-u-clearfix su-u-trim\">\n<strong>PHOTO EVENT<\/strong><br \/>\n<div class=\"su-custom-gallery su-custom-gallery-align-left su-custom-gallery-title-never su-lightbox-gallery\"><div class=\"su-custom-gallery-slide\" style=\"width:220px;height:160px\"><a href=\"https:\/\/tinerimearomana.ro\/orchestra-romana-tineret\/wp-content\/uploads\/sites\/4\/2015\/05\/Ceaikovski-in-love6.jpg\" title=\"Ceaikovski-in-love6\"><img decoding=\"async\" src=\"https:\/\/tinerimearomana.ro\/orchestra-romana-tineret\/wp-content\/uploads\/sites\/4\/2015\/05\/Ceaikovski-in-love6.jpg\" alt=\"Ceaikovski-in-love6\" width=\"220\" height=\"160\" \/><span class=\"su-custom-gallery-title\">Ceaikovski-in-love6<\/span><\/a><\/div><div class=\"su-custom-gallery-slide\" style=\"width:220px;height:160px\"><a href=\"https:\/\/tinerimearomana.ro\/orchestra-romana-tineret\/wp-content\/uploads\/sites\/4\/2015\/05\/Ceaikovski-in-love5.jpg\" title=\"Ceaikovski-in-love5\"><img decoding=\"async\" src=\"https:\/\/tinerimearomana.ro\/orchestra-romana-tineret\/wp-content\/uploads\/sites\/4\/2015\/05\/Ceaikovski-in-love5.jpg\" alt=\"Ceaikovski-in-love5\" width=\"220\" height=\"160\" \/><span class=\"su-custom-gallery-title\">Ceaikovski-in-love5<\/span><\/a><\/div><div class=\"su-custom-gallery-slide\" style=\"width:220px;height:160px\"><a href=\"https:\/\/tinerimearomana.ro\/orchestra-romana-tineret\/wp-content\/uploads\/sites\/4\/2015\/05\/Ceaikovski-in-love4.jpg\" title=\"Ceaikovski-in-love4\"><img loading=\"lazy\" decoding=\"async\" src=\"https:\/\/tinerimearomana.ro\/orchestra-romana-tineret\/wp-content\/uploads\/sites\/4\/2015\/05\/Ceaikovski-in-love4.jpg\" alt=\"Ceaikovski-in-love4\" width=\"220\" height=\"160\" \/><span class=\"su-custom-gallery-title\">Ceaikovski-in-love4<\/span><\/a><\/div><div class=\"su-custom-gallery-slide\" style=\"width:220px;height:160px\"><a href=\"https:\/\/tinerimearomana.ro\/orchestra-romana-tineret\/wp-content\/uploads\/sites\/4\/2015\/05\/Ceaikovski-in-love3.jpg\" title=\"Ceaikovski-in-love3\"><img loading=\"lazy\" decoding=\"async\" src=\"https:\/\/tinerimearomana.ro\/orchestra-romana-tineret\/wp-content\/uploads\/sites\/4\/2015\/05\/Ceaikovski-in-love3.jpg\" alt=\"Ceaikovski-in-love3\" width=\"220\" height=\"160\" \/><span class=\"su-custom-gallery-title\">Ceaikovski-in-love3<\/span><\/a><\/div><div class=\"su-custom-gallery-slide\" style=\"width:220px;height:160px\"><a href=\"https:\/\/tinerimearomana.ro\/orchestra-romana-tineret\/wp-content\/uploads\/sites\/4\/2015\/05\/Ceaikovski-in-love2.jpg\" title=\"Ceaikovski-in-love2\"><img loading=\"lazy\" decoding=\"async\" src=\"https:\/\/tinerimearomana.ro\/orchestra-romana-tineret\/wp-content\/uploads\/sites\/4\/2015\/05\/Ceaikovski-in-love2.jpg\" alt=\"Ceaikovski-in-love2\" width=\"220\" height=\"160\" \/><span class=\"su-custom-gallery-title\">Ceaikovski-in-love2<\/span><\/a><\/div><div class=\"su-custom-gallery-slide\" style=\"width:220px;height:160px\"><a href=\"https:\/\/tinerimearomana.ro\/orchestra-romana-tineret\/wp-content\/uploads\/sites\/4\/2015\/05\/Ceaikovski-in-love1.jpg\" title=\"Ceaikovski-in-love1\"><img loading=\"lazy\" decoding=\"async\" src=\"https:\/\/tinerimearomana.ro\/orchestra-romana-tineret\/wp-content\/uploads\/sites\/4\/2015\/05\/Ceaikovski-in-love1.jpg\" alt=\"Ceaikovski-in-love1\" width=\"220\" height=\"160\" \/><span class=\"su-custom-gallery-title\">Ceaikovski-in-love1<\/span><\/a><\/div><div class=\"su-clear\"><\/div><\/div>\n<\/div><\/div><\/div>\n[\/infobox][:]\n","protected":false},"excerpt":{"rendered":"<p>[:ro]<strong>Tinerimea Rom\u00e2n\u0103<\/strong> are bucuria de a anun\u021ba un nou mare succes al Orchestrei Rom\u00e2ne de Tineret dirijat\u0103 de Cristian Mandeal \u00een cadrul proiectului <em>Ceaikovski in love<\/em>.[:en]Sunday, April 26 at 19:00, at the Romanian Athenaeum, Romanian Youth Orchestra Invites you to a special evening[:]<\/p>\n","protected":false},"author":1,"featured_media":807,"comment_status":"open","ping_status":"open","sticky":false,"template":"","format":"standard","meta":{"_kad_post_transparent":"","_kad_post_title":"","_kad_post_layout":"","_kad_post_sidebar_id":"","_kad_post_content_style":"","_kad_post_vertical_padding":"","_kad_post_feature":"","_kad_post_feature_position":"","_kad_post_header":false,"_kad_post_footer":false,"_kad_post_classname":"","footnotes":""},"categories":[4],"tags":[],"class_list":["post-800","post","type-post","status-publish","format-standard","has-post-thumbnail","hentry","category-concerte-ro"],"_links":{"self":[{"href":"https:\/\/tinerimearomana.ro\/orchestra-romana-tineret\/wp-json\/wp\/v2\/posts\/800"}],"collection":[{"href":"https:\/\/tinerimearomana.ro\/orchestra-romana-tineret\/wp-json\/wp\/v2\/posts"}],"about":[{"href":"https:\/\/tinerimearomana.ro\/orchestra-romana-tineret\/wp-json\/wp\/v2\/types\/post"}],"author":[{"embeddable":true,"href":"https:\/\/tinerimearomana.ro\/orchestra-romana-tineret\/wp-json\/wp\/v2\/users\/1"}],"replies":[{"embeddable":true,"href":"https:\/\/tinerimearomana.ro\/orchestra-romana-tineret\/wp-json\/wp\/v2\/comments?post=800"}],"version-history":[{"count":33,"href":"https:\/\/tinerimearomana.ro\/orchestra-romana-tineret\/wp-json\/wp\/v2\/posts\/800\/revisions"}],"predecessor-version":[{"id":2690,"href":"https:\/\/tinerimearomana.ro\/orchestra-romana-tineret\/wp-json\/wp\/v2\/posts\/800\/revisions\/2690"}],"wp:featuredmedia":[{"embeddable":true,"href":"https:\/\/tinerimearomana.ro\/orchestra-romana-tineret\/wp-json\/wp\/v2\/media\/807"}],"wp:attachment":[{"href":"https:\/\/tinerimearomana.ro\/orchestra-romana-tineret\/wp-json\/wp\/v2\/media?parent=800"}],"wp:term":[{"taxonomy":"category","embeddable":true,"href":"https:\/\/tinerimearomana.ro\/orchestra-romana-tineret\/wp-json\/wp\/v2\/categories?post=800"},{"taxonomy":"post_tag","embeddable":true,"href":"https:\/\/tinerimearomana.ro\/orchestra-romana-tineret\/wp-json\/wp\/v2\/tags?post=800"}],"curies":[{"name":"wp","href":"https:\/\/api.w.org\/{rel}","templated":true}]}}