{"id":70,"date":"2014-11-10T17:44:58","date_gmt":"2014-11-10T17:44:58","guid":{"rendered":"http:\/\/tinerimearomana.ro\/orchestra-romana-tineret\/?p=70"},"modified":"2023-03-18T09:24:03","modified_gmt":"2023-03-18T09:24:03","slug":"orchestra-romana-de-tineret-in-concert-la-ateneul-roman","status":"publish","type":"post","link":"https:\/\/tinerimearomana.ro\/orchestra-romana-tineret\/orchestra-romana-de-tineret-in-concert-la-ateneul-roman\/","title":{"rendered":"Orchestra Rom\u00e2n\u0103 de Tineret &#8211; \u00een concert la Ateneul Rom\u00e2n"},"content":{"rendered":"<p>\u00abAcest proiect, la aproape \u015fase ani, simt c\u0103 nu mai este doar o speran\u0163\u0103, ci este o confirmare c\u0103 toat\u0103 investi\u0163ia \u015fi munca din fiecare an d\u0103 rezultate \u015fi orchestra a ajuns la o performan\u0163\u0103 care poate impresiona \u015fi pe cel mai pu\u0163in preg\u0103tit s\u0103 asculte muzic\u0103 clasic\u0103.\u00bb &#8211; <strong>Marin Cazacu<\/strong>, despre concertul sus\u0163inut de Orchestra Rom\u00e2n\u0103 de Tineret s\u00e2mb\u0103t\u0103, 18 mai 2013, la Ateneul Rom\u00e2n, cu ocazia Conferin\u0163ei anuale a Federa\u0163iei europene a orchestrelor de profil, prima organizat\u0103 \u00een Rom\u00e2nia.<\/p>\n<p>Programul, alc\u0103tuit pe tema dramei lui Shakespeare &#8211; Romeo \u015fi Julieta, a inclus uvertura fantezie cu acela\u015fi titlu de Ceaikovski, suita de balet a lui Prokofiev \u015fi trei arii de Gounod interpretate de Orchestra Rom\u00e2n\u0103 de Tineret \u00een compania soli\u015ftilor Irina Iord\u0103chescu \u015fi Teodor Ilinc\u0103i.<\/p>\n<p>Iat\u0103 c\u00e2teva declara\u0163ii ale sopranei <strong>Irina Iord\u0103chescu<\/strong>, la finalul concertului:<\/p>\n<p>\u00abSunt absolut fericit\u0103! Efectiv, simt o energie extraordinar\u0103 de c\u00e2nd i-am cunoscut \u015fi de c\u00e2nd am c\u00e2ntat cu ei pentru prima repeti\u0163ie, am avut o stare extraordinar\u0103 \u00een fiecare zi. Sunt minuna\u0163i, sunt foarte talenta\u0163i, sunt foarte motiva\u0163i \u015fi sunt foarte con\u015ftiincio\u015fi. Am reg\u0103sit acea con\u015ftiin\u0163\u0103 profesional\u0103. Consider c\u0103 Orchestra Rom\u00e2n\u0103 de Tineret este o comoar\u0103 extraordinar\u0103 a \u0163\u0103rii. Pe mine a reu\u015fit s\u0103 m\u0103 fascineze acest dirijor, pentru c\u0103 am \u00een\u0163eles ce dore\u015fte de la solistul sau instrumentistul care este acolo, \u00een fa\u0163\u0103.\u00bb<\/p>\n<p>\u00cenainte de \u00eencheierea seratei muzicale, dirijorul Cristian Mandeal, Marin Cazacu &#8211; directorul Orchestrei Rom\u00e2ne de Tineret \u015fi Dorin Ioni\u0163\u0103 au primit medalia jubiliar\u0103 de onoare din partea Organiza\u0163iei de tineret a Ordinului De Molay.<\/p>\n<p>Iat\u0103 \u015fi c\u00e2teva opinii la final de concert:<\/p>\n<p>Compozitorul <strong>Dan Dediu<\/strong>: \u00abEste, \u00eentr-adev\u0103r, o reu\u015fit\u0103 a lui Marin Cazacu \u015fi a Orchestrei Na\u0163ionale de Tineret c\u0103 au str\u00e2ns aici toat\u0103 floarea reprezentan\u0163ilor orchestrelor de tineret din Europa. Au v\u0103zut la ce nivel se c\u00e2nt\u0103, au v\u0103zut astfel unde se c\u00e2nt\u0103, c\u00e2t de plin\u0103 este sala\u2026 Cred c\u0103 vor pleca acas\u0103 cu alte g\u00e2nduri \u015fi alte impresii despre Rom\u00e2nia \u015fi despre Orchestra Na\u0163ional\u0103 de Tineret din Rom\u00e2nia.\u00bb<\/p>\n<p>Criticul muzical <strong>Dumitru Avakian<\/strong>: \u00abIndiscutabil, Orchestra Rom\u00e2n\u0103 de Tineret \u00eensumeaz\u0103 elanul tinere\u0163ii c\u0103tre muzic\u0103. \u015ei atunci c\u00e2nd ansamblul este condus cu m\u0103iestria profesional\u0103 a unei personalit\u0103\u0163i cu este Cristian Mandeal, atunci \u015fansele de reu\u015fit\u0103 sunt cele importante.\u00bb<\/p>\n<p>Articol preluat de pe <a href=\"http:\/\/www.romania-muzical.ro\/articole\/art.htm?a=1162481&amp;c=16&amp;g=2#.UZ8YEUyYM-g.link\" target=\"_blank\" rel=\"noopener\">romania-muzical.ro\u00a0<\/a><\/p>\n[:en]\u201cI think that this project, which is in its sixth year, is no longer a dream, but a confirmation that all the effort and work put in every year pays off and the orchestra reached a performance which can impress the least likely person who would listen to classical music.\u201d &#8211; Marin Cazacu on the concert performed by the Romanian Youth Orchestra on Saturday, May 18, 2013, at the Romanian Athenaeum, on occasion of the Annual Conference of the European Federation of Orchestras, the first one organized in Romania.<\/p>\n<p>The program, based on the Shakespearian drama Romeo and Juliet included the fantasy overture with the same name composed by Tchaikovsky, Prokofiev\u2019s ballet suite and three areas by Gounod performed by the Romanian Youth Orchestra with soloists Irina Iord\u0103chescu \u015fi Teodor Ilinc\u0103i.<\/p>\n<p>Here are a few statements made by soprano <strong>Irina Iord\u0103chescu<\/strong>, at the end of the concert::<\/p>\n<p>&#8220;I\u2019m overjoyed! I feel an extraordinary energy ever since I met them and when I sang at the first rehearsal with them I felt great every day. They are wonderful, very talented, very motivated and very thorough. I think that the Romanian Youth Orchestra is an extraordinary treasure of this country. This conductor has managed to fascinate me, for I understood what he wants from the soloist or the musician who is there on the stage.\u201d<\/p>\n<p>Before the musical evening was over, conductor Cristian Mandeal, Marin Cazacu \u2013 the director of the Romanian Youth Orchestra and Dorin Ioni\u021b\u0103 received the jubilee honor medal from the Youth Organization of the De Molay Order.<\/p>\n<p>Here a few opinions at the end of the concert:<\/p>\n<p>Composer <strong>Dan Dediu<\/strong>: &#8220;It\u2019s a triumph for Marin Cazacu and the Youth National Orchestra that they managed to gather all the best representatives from European youth orchestras. They saw the artistic level, where they sing, how full the room was\u2026 I think they\u2019ll leave home with another perception of Romania and the Youth National Orchestra.\u201d<\/p>\n<p>Musical critic <strong>Dumitru Avakian<\/strong>: &#8220;The Romanian Youth Orchestra undoubtedly means the youth\u2019s energy for music. And when the ensemble is conducted by such a professional like Cristian Mandeal, then success is achieved.\u201d<\/p>\n<p>Article taken from <a href=\"http:\/\/www.romania-muzical.ro\/articole\/art.htm?a=1162481&amp;c=16&amp;g=2#.UZ8YEUyYM-g.link\" target=\"_blank\" rel=\"noopener\">romania-muzical.ro\u00a0<\/a><\/p>\n[:]\n","protected":false},"excerpt":{"rendered":"<p>\u00abAcest proiect, la aproape \u015fase ani, simt c\u0103 nu mai este doar o speran\u0163\u0103, ci este o confirmare c\u0103 toat\u0103 investi\u0163ia \u015fi munca din fiecare an d\u0103 rezultate \u015fi orchestra a ajuns la o performan\u0163\u0103 care poate impresiona \u015fi pe cel mai pu\u0163in preg\u0103tit s\u0103 asculte muzic\u0103 clasic\u0103.\u00bb &#8211; Marin Cazacu, despre concertul sus\u0163inut de&#8230;<\/p>\n","protected":false},"author":1,"featured_media":71,"comment_status":"open","ping_status":"open","sticky":false,"template":"","format":"standard","meta":{"_kad_post_transparent":"","_kad_post_title":"","_kad_post_layout":"","_kad_post_sidebar_id":"","_kad_post_content_style":"","_kad_post_vertical_padding":"","_kad_post_feature":"","_kad_post_feature_position":"","_kad_post_header":false,"_kad_post_footer":false,"_kad_post_classname":"","footnotes":""},"categories":[3],"tags":[],"class_list":["post-70","post","type-post","status-publish","format-standard","has-post-thumbnail","hentry","category-presa-ro"],"_links":{"self":[{"href":"https:\/\/tinerimearomana.ro\/orchestra-romana-tineret\/wp-json\/wp\/v2\/posts\/70"}],"collection":[{"href":"https:\/\/tinerimearomana.ro\/orchestra-romana-tineret\/wp-json\/wp\/v2\/posts"}],"about":[{"href":"https:\/\/tinerimearomana.ro\/orchestra-romana-tineret\/wp-json\/wp\/v2\/types\/post"}],"author":[{"embeddable":true,"href":"https:\/\/tinerimearomana.ro\/orchestra-romana-tineret\/wp-json\/wp\/v2\/users\/1"}],"replies":[{"embeddable":true,"href":"https:\/\/tinerimearomana.ro\/orchestra-romana-tineret\/wp-json\/wp\/v2\/comments?post=70"}],"version-history":[{"count":3,"href":"https:\/\/tinerimearomana.ro\/orchestra-romana-tineret\/wp-json\/wp\/v2\/posts\/70\/revisions"}],"predecessor-version":[{"id":2693,"href":"https:\/\/tinerimearomana.ro\/orchestra-romana-tineret\/wp-json\/wp\/v2\/posts\/70\/revisions\/2693"}],"wp:featuredmedia":[{"embeddable":true,"href":"https:\/\/tinerimearomana.ro\/orchestra-romana-tineret\/wp-json\/wp\/v2\/media\/71"}],"wp:attachment":[{"href":"https:\/\/tinerimearomana.ro\/orchestra-romana-tineret\/wp-json\/wp\/v2\/media?parent=70"}],"wp:term":[{"taxonomy":"category","embeddable":true,"href":"https:\/\/tinerimearomana.ro\/orchestra-romana-tineret\/wp-json\/wp\/v2\/categories?post=70"},{"taxonomy":"post_tag","embeddable":true,"href":"https:\/\/tinerimearomana.ro\/orchestra-romana-tineret\/wp-json\/wp\/v2\/tags?post=70"}],"curies":[{"name":"wp","href":"https:\/\/api.w.org\/{rel}","templated":true}]}}