{"id":564,"date":"2015-02-21T14:08:33","date_gmt":"2015-02-21T14:08:33","guid":{"rendered":"http:\/\/tinerimearomana.ro\/orchestra-romana-tineret\/?p=564"},"modified":"2023-03-18T09:27:01","modified_gmt":"2023-03-18T09:27:01","slug":"primul-concert-al-orchestrei-de-tineret-romania-moldova","status":"publish","type":"post","link":"https:\/\/tinerimearomana.ro\/orchestra-romana-tineret\/primul-concert-al-orchestrei-de-tineret-romania-moldova\/","title":{"rendered":"Primul concert al Orchestrei de Tineret Rom\u00e2nia-Moldova"},"content":{"rendered":"[:ro][infobox style=&#8217;info&#8217; static=&#8217;1&#8242;]\n[section style=&#8217;color: #fff; font-weight: bold; font-size: 20px; margin: 20px 0px; padding: 10px; background-color: rgb(223, 86, 86); width: 10%;&#8217;]15.02.2015[\/section]\n<h1>Tinerimea Rom\u00e2n\u0103 organizeaz\u0103 primul concert al Orchestrei de Tineret Rom\u00e2nia-Moldova.<\/h1>\n<p>&nbsp;<\/p>\n<p style=\"text-indent: 40px; margin-bottom: 15px;\">O premier\u0103 istoric\u0103! Pe data de 15 februarie ora 19.00 la Ateneul Rom\u00e2n tineri muzicieni de cea mai \u00eenalt\u0103 performan\u021b\u0103 din Rom\u00e2nia \u0219i Republica Moldova se vor reuni sub bagheta dirijorului Cristian Mandeal.<\/p>\n<p style=\"text-indent: 40px; margin-bottom: 15px;\">Orchestra Rom\u00e2n\u0103 de Tineret \u0219i Orchestra Na\u021bional\u0103 de Tineret a Moldovei \u00ee\u0219i reunesc for\u021bele \u00eentr-o orchestr\u0103 simfonic\u0103 a prieteniei artistice, care celebreaz\u0103 o spiritualitate \u0219i un fond cultural comun.<\/p>\n<p style=\"text-indent: 40px; margin-bottom: 15px;\">Pove\u0219tile muzicale de mare popularitate semnate de Mozart, Rossini, Beethoven, Rogalski sau Liszt se vor reuni \u00eentr-un concert organizat de Centrul National de Art\u0103 Tinerimea Rom\u00e2n\u0103, cu sprijinul Ministerului Culturii \u0219i al Ambasadei Republicii Moldova la Bucure\u0219ti. Sponsor principal BRD.<\/p>\n<p style=\"text-indent: 40px; margin-bottom: 15px;\">Cu acest eveniment, <strong>Tinerimea Rom\u00e2n\u0103<\/strong> scrie o pagin\u0103 important\u0103 a vastului s\u0103u proiect de valorificare a poten\u021bialului artistic al tinerelor genera\u021bii. \u00cenceput\u0103 \u00een urm\u0103 cu doi ani, colaborarea dintre Orchestra Rom\u00e2n\u0103 de Tineret \u0219i Orchestra de Tineret a Moldovei se concretizeaz\u0103 acum prin cel mai amplu proiect comun.<\/p>\n<p style=\"text-indent: 40px; margin-bottom: 15px;\">Tinerii campioni ai interpret\u0103rii muzicale, cu v\u00e2rste cuprinse \u00eentre 17 \u0219i 25 de ani, cu studii \u00een desf\u0103\u0219urare \u00een Rom\u00e2nia, Republica Moldova, dar \u0219i la cele mai prestigioase universit\u0103\u021bi din Europa \u0219i Statele Unite, laurea\u021bi a nenum\u0103rate premii la concursuri interna\u021bionale, vor fi pentru prima dat\u0103 \u00eempreun\u0103 pe scena de concert, sub cupola Ateneului Rom\u00e2n.<\/p>\n<p style=\"text-indent: 40px; margin-bottom: 15px;\">Maestru de talie interna\u021bional\u0103 nu doar al marilor orchestre profesioniste, dirijorul <strong>Cristian Mandeal<\/strong> \u0219i-a format o notorietate interna\u021bional\u0103 ca formator al tinerelor talente. Orchestra Rom\u00e2n\u0103 de Tineret creat\u0103 de violoncelistul \u0219i profesorul <strong>Marin Cazacu<\/strong> al c\u0103rui dirijor principal este Cristian Mandeal reprezint\u0103 deja o certitudine a valorilor culturale ale Rom\u00e2niei aplaudat\u0103 pe marile scene ale Europei.<\/p>\n<p style=\"text-indent: 40px; margin-bottom: 15px;\">Repertoriul acestui concert eveniment \u2013 premier\u0103 istoric\u0103, reprezint\u0103 o \u00een\u0219iruire de bijuterii muzicale ale muzicii cu program, fiecare lucrare av\u00e2nd \u00een spate c\u00e2te o poveste celebr\u0103, de la Uvertura la opera <em>R\u0103pirea din Serai<\/em> de Mozart, trec\u00e2nd prin Uvertura <em>Egmont<\/em> de Beethoven, Uvertura la opera <em>Wilhelm Tell<\/em> de Rossini sau celebrul <em>Vals<\/em> de Doga, p\u00e2n\u0103 la dou\u0103 din binecunoscutele <em>Schi\u021be Simfonice<\/em> de Rogalsky sau <em>Preludiile<\/em> lui Liszt.<\/p>\n[\/infobox]\n<div class=\"redred\" style=\"padding: 30px;\">[columns count=&#8217;2&#8242;]\n[column_item]\n[blogger ids=&#8221;593&#8243; descr=&#8221;200&#8243; dir=&#8221;horizontal&#8221; style=&#8221;puzzles&#8221;]\n[\/column_item]\n[column_item]\n[blogger ids=&#8221;595&#8243; descr=&#8221;200&#8243; dir=&#8221;horizontal&#8221; style=&#8221;puzzles&#8221;]\n[\/column_item]\n[\/columns]\u1427<\/div>\n[:en][infobox style=&#8217;info&#8217; static=&#8217;1&#8242;]\n[section style=&#8217;color: #fff; font-weight: bold; font-size: 20px; margin: 20px 0px; padding: 10px; background-color: rgb(223, 86, 86); width: 10%;&#8217;]15.02.2015[\/section]\n<h1>Tinerimea Rom\u00e2n\u0103 is organizing the first concert of the Romania-Moldova Youth Orchestra.<\/h1>\n<p>&nbsp;<\/p>\n<p style=\"text-indent: 40px; margin-bottom: 15px;\">A historic first! On February 15 at 19.00 at the Romanian Athenaeum, highly gifted young musicians from Romania and Moldavia will meet gather under the direction of conductor Cristian Mandeal.<\/p>\n<p style=\"text-indent: 40px; margin-bottom: 15px;\">Romania\u2019s and Moldavia\u2019s Youth Orchestras unite their forces in a symphonic orchestra of artistic friendship which celebrates spirituality and a common cultural background.<\/p>\n<p style=\"text-indent: 40px; margin-bottom: 15px;\">The famous musical repertoire from composers such as Mozart, Rossini, Beethoven, Rogalski or Liszt will be heard in a concert organized by the Tinerimea Rom\u00e2n\u0103 National Art Center, with the support of the Ministry of Culture and the Embassy of the Republic of Moldavia in Bucharest. BRD is the main sponsor.<\/p>\n<p style=\"text-indent: 40px; margin-bottom: 15px;\">With this event, <strong>Tinerimea Rom\u00e2n\u0103<\/strong> makes history yet again with its vast project meant to value the artistic potential of young generations. The collaboration between the Romanian Youth Orchestra and the Youth Orchestra of Moldavia which started two years ago, is reflected by the largest common project.<\/p>\n<p style=\"text-indent: 40px; margin-bottom: 15px;\">The young talented musicians aged between 17 and 25 with ongoing studies in Romania, Moldavia, and the most prestigious universities in Europe and the United States, winners of numerous awards at international competitions, will be for the first time together on stage at the Romanian Athenaeum.<\/p>\n<p style=\"text-indent: 40px; margin-bottom: 15px;\">Conductor Cristian Mandeal, an internationally renowned master of great professional orchestras and not only, achieved international notoriety by shaping young talents. The Romanian Youth Orchestra was created by Marin Cazacu, cello player and professor and its main conductor is Cristian Mandeal. It already is a Romanian cultural jewel appreciated on Europe\u2019s most famous stages.<\/p>\n<p style=\"text-indent: 40px; margin-bottom: 15px;\">The repertoire of this once in a lifetime concert \u2013 a historical first, it represents a succession of musical jewels from the music program genre, each work having a famous story behind, from the Overture to  <em>Die Entf\u00fchrung aus dem Serail (The Abduction from the Seraglio), <\/em> then moving to the <em>Egmont Overture <\/em> by Beethoven, the Overture to  <em>Wilhelm Tell<\/em> by Rossini or the famous <em>Waltz<\/em> de Doga, and ending with the famous <em>Symphonic Sketches <\/em>  by  Rogalsky or <em>Liszt\u2019s Preludes.<\/em> <\/p>\n[\/infobox]\n<div class=\"redred\" style=\"padding: 30px;\">[columns count=&#8217;2&#8242;]\n[column_item]\n[blogger ids=&#8221;593&#8243; descr=&#8221;200&#8243; dir=&#8221;horizontal&#8221; style=&#8221;puzzles&#8221;]\n[\/column_item]\n[column_item]\n[blogger ids=&#8221;595&#8243; descr=&#8221;200&#8243; dir=&#8221;horizontal&#8221; style=&#8221;puzzles&#8221;]\n[\/column_item]\n[\/columns]\u1427<\/div>\n[:]\n","protected":false},"excerpt":{"rendered":"<p>[:ro][infobox style=&#8217;info&#8217; static=&#8217;1&#8242;] [section style=&#8217;color: #fff; font-weight: bold; font-size: 20px; margin: 20px 0px; padding: 10px; background-color: rgb(223, 86, 86); width: 10%;&#8217;]15.02.2015[\/section] Tinerimea Rom\u00e2n\u0103 organizeaz\u0103 primul concert al Orchestrei de Tineret Rom\u00e2nia-Moldova. &nbsp; O premier\u0103 istoric\u0103! Pe data de 15 februarie ora 19.00 la Ateneul Rom\u00e2n tineri muzicieni de cea mai \u00eenalt\u0103 performan\u021b\u0103 din Rom\u00e2nia \u0219i&#8230;<\/p>\n","protected":false},"author":1,"featured_media":584,"comment_status":"open","ping_status":"open","sticky":false,"template":"","format":"standard","meta":{"_kad_post_transparent":"","_kad_post_title":"","_kad_post_layout":"","_kad_post_sidebar_id":"","_kad_post_content_style":"","_kad_post_vertical_padding":"","_kad_post_feature":"","_kad_post_feature_position":"","_kad_post_header":false,"_kad_post_footer":false,"_kad_post_classname":"","footnotes":""},"categories":[4],"tags":[],"class_list":["post-564","post","type-post","status-publish","format-standard","has-post-thumbnail","hentry","category-concerte-ro"],"_links":{"self":[{"href":"https:\/\/tinerimearomana.ro\/orchestra-romana-tineret\/wp-json\/wp\/v2\/posts\/564"}],"collection":[{"href":"https:\/\/tinerimearomana.ro\/orchestra-romana-tineret\/wp-json\/wp\/v2\/posts"}],"about":[{"href":"https:\/\/tinerimearomana.ro\/orchestra-romana-tineret\/wp-json\/wp\/v2\/types\/post"}],"author":[{"embeddable":true,"href":"https:\/\/tinerimearomana.ro\/orchestra-romana-tineret\/wp-json\/wp\/v2\/users\/1"}],"replies":[{"embeddable":true,"href":"https:\/\/tinerimearomana.ro\/orchestra-romana-tineret\/wp-json\/wp\/v2\/comments?post=564"}],"version-history":[{"count":3,"href":"https:\/\/tinerimearomana.ro\/orchestra-romana-tineret\/wp-json\/wp\/v2\/posts\/564\/revisions"}],"predecessor-version":[{"id":2590,"href":"https:\/\/tinerimearomana.ro\/orchestra-romana-tineret\/wp-json\/wp\/v2\/posts\/564\/revisions\/2590"}],"wp:featuredmedia":[{"embeddable":true,"href":"https:\/\/tinerimearomana.ro\/orchestra-romana-tineret\/wp-json\/wp\/v2\/media\/584"}],"wp:attachment":[{"href":"https:\/\/tinerimearomana.ro\/orchestra-romana-tineret\/wp-json\/wp\/v2\/media?parent=564"}],"wp:term":[{"taxonomy":"category","embeddable":true,"href":"https:\/\/tinerimearomana.ro\/orchestra-romana-tineret\/wp-json\/wp\/v2\/categories?post=564"},{"taxonomy":"post_tag","embeddable":true,"href":"https:\/\/tinerimearomana.ro\/orchestra-romana-tineret\/wp-json\/wp\/v2\/tags?post=564"}],"curies":[{"name":"wp","href":"https:\/\/api.w.org\/{rel}","templated":true}]}}