{"id":2917,"date":"2025-09-24T17:03:02","date_gmt":"2025-09-24T17:03:02","guid":{"rendered":"https:\/\/tinerimearomana.ro\/orchestra-romana-tineret\/?p=2917"},"modified":"2025-09-24T17:03:12","modified_gmt":"2025-09-24T17:03:12","slug":"orchestra-romana-de-tineret-a-triumfat-pentru-a-opta-oara-la-berlin-in-deschiderea-festivalului-young-euro-classic-2025","status":"publish","type":"post","link":"https:\/\/tinerimearomana.ro\/orchestra-romana-tineret\/orchestra-romana-de-tineret-a-triumfat-pentru-a-opta-oara-la-berlin-in-deschiderea-festivalului-young-euro-classic-2025\/","title":{"rendered":"Orchestra Rom\u00e2n\u0103 de Tineret a triumfat pentru a opta oar\u01ce la Berlin, \u00een deschiderea Festivalului Young Euro Classic 2025"},"content":{"rendered":"<p>Pe\u00a01 august 2025,\u00a0Orchestra Rom\u00e2n\u0103 de Tineret (ORT) sus\u021binea concertul de deschidere al\u00a0Festivalului\u00a0<i>Young Euro Classic<\/i>\u00a0de la Berlin. Era pentru a\u00a0opta oar\u0103\u00a0c\u00e2nd orchestra din Rom\u00e2nia a fost invitat\u0103 s\u0103 sus\u021bin\u0103 un concert la unul dintre cele mai importante evenimente culturale din lume dedicate orchestrelor na\u021bionale de tineret,\u00a0Festivalul\u00a0<b><i>Young Euro Classic<\/i><\/b>\u00a0lans\u00e2nd invita\u021bii\u00a0doar celor mai valoroase orchestre de tineret\u00a0la nivel mondial, frecventa participare a ORT confirm\u00e2nd statutul de ansamblu de elit\u0103 al acesteia \u00een peisajul muzical european.<\/p>\n<p><strong>Orchestra Rom\u00e2n\u0103 de Tineret<\/strong> a deschis<b>\u00a0<\/b>oficial edi\u021bia 2025\u00a0a festivalului\u00a0la\u00a0Konzerthaus Berlin \u2013 Sala Mare, \u00een cadrul sec\u021biunii\u00a0<i>Europe in Focus,\u00a0<\/i>la pupitru afl\u00e2ndu-se t\u00e2n\u01cera dirijoare austriac\u01ce\u00a0Katharina Wincor. Seara s-a deschis cu lucrarea\u00a0<i>Hore<\/i>\u00a0de\u00a0Adrian Pop<i>,\u00a0<\/i>care a solicitat complex organismul orchestral at\u00e2t \u00een momente de solo, c\u00e2t \u015fi \u00een sonoritatea de ansamblu, sub conducerea ferm\u0103 a tinerei dirijoare, al c\u0103rei discurs a fost de altminteri admirabil sus\u0163inut de concert-maestrul Theodor Andreescu, care a reu\u015fit la r\u00e2ndul sau s\u0103 \u00ee\u015fi mobilizeze colegii \u00een mod exemplar.<\/p>\n<p>vezi aici <a href=\"https:\/\/adevarul.ro\/blogurile-adevarul\/orchestra-romana-de-tineret-a-triumfat-pentru-a-2462149.html\">Adevarul.ro<\/a><\/p>\n<p><img fetchpriority=\"high\" decoding=\"async\" class=\"aligncenter size-full wp-image-2918\" src=\"https:\/\/tinerimearomana.ro\/orchestra-romana-tineret\/wp-content\/uploads\/sites\/4\/2025\/09\/ORT-Berlin-2025.jpg\" alt=\"\" width=\"980\" height=\"619\" srcset=\"https:\/\/tinerimearomana.ro\/orchestra-romana-tineret\/wp-content\/uploads\/sites\/4\/2025\/09\/ORT-Berlin-2025.jpg 980w, https:\/\/tinerimearomana.ro\/orchestra-romana-tineret\/wp-content\/uploads\/sites\/4\/2025\/09\/ORT-Berlin-2025-300x189.jpg 300w, https:\/\/tinerimearomana.ro\/orchestra-romana-tineret\/wp-content\/uploads\/sites\/4\/2025\/09\/ORT-Berlin-2025-768x485.jpg 768w\" sizes=\"(max-width: 980px) 100vw, 980px\" \/><\/p>\n","protected":false},"excerpt":{"rendered":"<p>Pe\u00a01 august 2025,\u00a0Orchestra Rom\u00e2n\u0103 de Tineret (ORT) sus\u021binea concertul de deschidere al\u00a0Festivalului\u00a0Young Euro Classic\u00a0de la Berlin. Era pentru a\u00a0opta oar\u0103\u00a0c\u00e2nd orchestra din Rom\u00e2nia a fost invitat\u0103 s\u0103 sus\u021bin\u0103 un concert la unul dintre cele mai importante evenimente culturale din lume dedicate orchestrelor na\u021bionale de tineret,\u00a0Festivalul\u00a0Young Euro Classic\u00a0lans\u00e2nd invita\u021bii\u00a0doar celor mai valoroase orchestre de tineret\u00a0la nivel&#8230;<\/p>\n","protected":false},"author":1,"featured_media":2918,"comment_status":"closed","ping_status":"closed","sticky":false,"template":"","format":"standard","meta":{"_kad_post_transparent":"default","_kad_post_title":"default","_kad_post_layout":"default","_kad_post_sidebar_id":"","_kad_post_content_style":"default","_kad_post_vertical_padding":"default","_kad_post_feature":"","_kad_post_feature_position":"","_kad_post_header":false,"_kad_post_footer":false,"_kad_post_classname":"","footnotes":""},"categories":[3],"tags":[],"class_list":["post-2917","post","type-post","status-publish","format-standard","has-post-thumbnail","hentry","category-presa-ro"],"_links":{"self":[{"href":"https:\/\/tinerimearomana.ro\/orchestra-romana-tineret\/wp-json\/wp\/v2\/posts\/2917"}],"collection":[{"href":"https:\/\/tinerimearomana.ro\/orchestra-romana-tineret\/wp-json\/wp\/v2\/posts"}],"about":[{"href":"https:\/\/tinerimearomana.ro\/orchestra-romana-tineret\/wp-json\/wp\/v2\/types\/post"}],"author":[{"embeddable":true,"href":"https:\/\/tinerimearomana.ro\/orchestra-romana-tineret\/wp-json\/wp\/v2\/users\/1"}],"replies":[{"embeddable":true,"href":"https:\/\/tinerimearomana.ro\/orchestra-romana-tineret\/wp-json\/wp\/v2\/comments?post=2917"}],"version-history":[{"count":1,"href":"https:\/\/tinerimearomana.ro\/orchestra-romana-tineret\/wp-json\/wp\/v2\/posts\/2917\/revisions"}],"predecessor-version":[{"id":2919,"href":"https:\/\/tinerimearomana.ro\/orchestra-romana-tineret\/wp-json\/wp\/v2\/posts\/2917\/revisions\/2919"}],"wp:featuredmedia":[{"embeddable":true,"href":"https:\/\/tinerimearomana.ro\/orchestra-romana-tineret\/wp-json\/wp\/v2\/media\/2918"}],"wp:attachment":[{"href":"https:\/\/tinerimearomana.ro\/orchestra-romana-tineret\/wp-json\/wp\/v2\/media?parent=2917"}],"wp:term":[{"taxonomy":"category","embeddable":true,"href":"https:\/\/tinerimearomana.ro\/orchestra-romana-tineret\/wp-json\/wp\/v2\/categories?post=2917"},{"taxonomy":"post_tag","embeddable":true,"href":"https:\/\/tinerimearomana.ro\/orchestra-romana-tineret\/wp-json\/wp\/v2\/tags?post=2917"}],"curies":[{"name":"wp","href":"https:\/\/api.w.org\/{rel}","templated":true}]}}