{"id":2866,"date":"2024-07-07T07:45:58","date_gmt":"2024-07-07T07:45:58","guid":{"rendered":"https:\/\/tinerimearomana.ro\/orchestra-romana-tineret\/?p=2866"},"modified":"2024-07-07T08:18:48","modified_gmt":"2024-07-07T08:18:48","slug":"orchestra-romana-de-tineret-romanian-sinfonietta-orchestra-si-ansamblul-violoncellissimo-la-festivalul-vara-magica-2024","status":"publish","type":"post","link":"https:\/\/tinerimearomana.ro\/orchestra-romana-tineret\/orchestra-romana-de-tineret-romanian-sinfonietta-orchestra-si-ansamblul-violoncellissimo-la-festivalul-vara-magica-2024\/","title":{"rendered":"ORCHESTRA ROMANA DE TINERET, ROMANIAN SINFONIETTA ORCHESTRA SI ANSAMBLUL VIOLONCELLISSIMO LA FESTIVALUL &#8220;VARA MAGICA&#8221; 2024"},"content":{"rendered":"<p class=\"tm8\"><span class=\"tm9\">\u00a0 \u00a0 \u00a0 \u00a0 \u00a0 \u00a0 Ca \u00een fiecare an, bucure\u015ftenii au ocazia de a se re\u00eent\u00e2lni cu Orchestrele Na\u0163ionale de Tineret ale Rom\u00e2niei la Festivalul Vara Magic\u0103, care a \u00eenceput la Ateneul Rom\u00e2n, pe 3 iulie.<\/span><\/p>\n<p class=\"tm11\"><span class=\"tm12\">\u00a0\u00a0\u00a0\u00a0\u00a0\u00a0\u00a0\u00a0\u00a0\u00a0\u00a0 Mai precis, aceste concerte vor avea loc pe\u00a0<\/span><strong><span class=\"tm13\">14 august, ora 19:30 &#8211; Orchestra Rom\u00e2n\u0103 de Tineret, dirijor: Cristian Mandeal, solist: Petru Pane \u2013 clarinet, \u00een program:\u00a0<\/span><\/strong><span class=\"tm12\">Gioachino Rossini &#8211; Uvertura la Wilhelm Tell, Luigi Bassi &#8211; Fantezia de concert pe teme din Rigoletto pentru clarinet \u0219i orchestr\u0103, Aranjament dup\u0103 Bela Kovacs &#8211;\u00a0 \u00a0\u201eAfter You, Mr. Gershwin !\u201d\u00a0pentru clarinet \u0219i orchestr\u0103,\u00a0Antonin Dvorak &#8211; Simfonia nr.9 ,,Din lumea nou\u0103\u201d \u015fi pe\u00a0<\/span><strong><span class=\"tm13\">21 august, ora 19:30 &#8211; Orchestra Sinfonietta, dirijor \u0219i solist: violonistul Alexander Sitkovetsky, \u00een program:\u00a0<\/span><\/strong><span class=\"tm12\">Serghei Prokofiev &#8211; Simfonia nr. 1, op. 25,\u00a0\u201eClasica\u201d, Wolfgang Amadeus Mozart &#8211; Concertul nr. 5 in la major pentru vioar\u0103 \u0219i orchestr\u0103, KV 219, Felix Mendelssohn &#8211; Simfonia nr. 4 &#8220;Italiana\u201d.<\/span><\/p>\n<p class=\"tm11\"><span class=\"tm12\">\u00a0\u00a0\u00a0\u00a0\u00a0\u00a0\u00a0\u00a0\u00a0\u00a0\u00a0 Primul concert girat de Centrul Na\u0163ional de Art\u0103 Tinerimea Rom\u00e2n\u0103 va avea loc \u00eens\u0103 la Vara Magic\u0103 2024 la Ateneul Rom\u00e2n pe\u00a0<\/span><strong><span class=\"tm13\">10 iulie, ora 19:30, cu Ansamblul Violoncellissimo, conducerea muzical\u0103 Marin Cazacu, cu un program spectaculos,\u00a0<\/span><\/strong><span class=\"tm12\">eclectic, de la baroc la rock, de la clasic la muzic\u0103 de film.<\/span><\/p>\n<p class=\"tm15\"><span class=\"tm9\">\u00a0 \u00a0 \u00a0 \u00a0 \u00a0 \u00a0 \u00a0Ajuns la cea de-a <\/span><strong><span class=\"tm16\">13-a edi\u021bie<\/span><\/strong><span class=\"tm17\">,\u00a0<\/span><strong><span class=\"tm16\">Festivalul Interna\u021bional \u201dVara Magic\u0103\u201d<\/span><\/strong><span class=\"tm17\">, va avea loc \u00een perioada\u00a0<\/span><strong><span class=\"tm16\">3 iulie &#8211; 21 august<\/span><\/strong><span class=\"tm17\">, la\u00a0<\/span><strong><span class=\"tm16\">Ateneul Rom\u00e2n din Bucure\u0219ti.\u00a0<\/span><\/strong><span class=\"tm17\">Anul acesta, festivalul, care\u00a0<\/span><strong><span class=\"tm16\">de 13 ani\u00a0<\/span><\/strong><span class=\"tm17\">le propune bucure\u0219tenilor \u0219i turi\u0219tilor\u00a0<\/span><strong><span class=\"tm16\">concerte \u00een miez de var\u0103<\/span><\/strong><span class=\"tm17\">, va \u00eencepe\u00a0<\/span><strong><span class=\"tm16\">miercuri, pe 3 iulie, cu<\/span><\/strong><span class=\"tm17\">\u00a0concertul \u201dGenera\u021bii\u201d, sus\u021binut de\u00a0<\/span><em><span class=\"tm18\">Croitoru String Virtuosi Orchestra.\u00a0<\/span><\/em><span class=\"tm17\">\u00cen s\u0103pt\u0103m\u00e2nile care urmeaz\u0103, melomanii vor avea bucuria s\u0103 asculte, pe\u00a0<\/span><strong><span class=\"tm16\">10 iulie,\u00a0<\/span><\/strong><span class=\"tm17\">concertul\u00a0<\/span><strong><em><span class=\"tm19\">Violoncellissimo<\/span><\/em><\/strong><span class=\"tm17\">, ansamblul mult iubit de publicul din Rom\u00e2nia, cu un program eclectic, de la baroc la rock, de la clasic la muzic\u0103 de film, iar pe<\/span><strong><span class=\"tm16\">\u00a017 iulie,<\/span><\/strong><span class=\"tm17\">\u00a0 recitalul sus\u021binut de<\/span><strong><span class=\"tm16\">\u00a0violonistul Alexandru Tomescu \u0219i pianista S\u00eenziana Mircea<\/span><\/strong><span class=\"tm17\">, cu un program care a f\u0103cut \u00eenconjurul lumii, acum \u00een premier\u0103 prezentat publicului rom\u00e2nesc. O alt\u0103 premier\u0103 va avea loc\u00a0mar\u021bi<\/span><strong><span class=\"tm16\">\u00a023 iulie<\/span><\/strong><span class=\"tm17\">\u00a0&#8211;\u00a0<\/span><strong><span class=\"tm16\">Orchestra de Tineret din Macao (China)<\/span><\/strong><span class=\"tm17\">\u00a0concerteaz\u0103 pentru prima dat\u0103 la Bucure\u0219ti. Urmeaz\u0103 concertul sus\u021binut de\u00a0<\/span><strong><span class=\"tm16\">Camerata Regal\u0103<\/span><\/strong><span class=\"tm17\">, pe\u00a0<\/span><strong><span class=\"tm16\">24 iulie<\/span><\/strong><span class=\"tm17\">. Luna lui cuptor se va \u00eencheia cu un concert sus\u021binut de\u00a0<\/span><strong><span class=\"tm16\">Orchestra de Tineret a Austriei.\u00a0<\/span><\/strong><span class=\"tm17\">\u00cen luna august, melomanii sunt invita\u021bi la trei concerte:\u00a0<\/span><strong><span class=\"tm16\">Orchestra de Tineret a Sloveniei, pe 7 august<\/span><\/strong><span class=\"tm17\">,\u00a0<\/span><strong><span class=\"tm16\">Orchestra Rom\u00e2n\u0103 de Tineret, condus\u0103 de Cristian Mandeal, pe 14 august<\/span><\/strong><span class=\"tm17\">, festivalul \u201dVar\u0103 Magic\u0103\u201d \u00eencheindu-se miercuri,\u00a0<\/span><strong><span class=\"tm16\">21 august<\/span><\/strong><span class=\"tm17\">, cu un concert sus\u021binut de\u00a0<\/span><strong><span class=\"tm16\">Orchestra Sinfonietta, dirijor \u0219i solist: violonistul Alexander Sitkovetsky.<\/span><\/strong><\/p>\n<p class=\"tm15\"><strong><span class=\"tm16\">Biletele \u0219i abonamentele\u00a0<\/span><\/strong><span class=\"tm17\">pentru cele\u00a0<\/span><strong><span class=\"tm16\">9 concerte camerale \u0219i simfonice,<\/span><\/strong><span class=\"tm17\">\u00a0care vor avea loc \u00een serile de\u00a0<\/span><strong><span class=\"tm16\">miercuri, de la ora 19:30<\/span><\/strong><span class=\"tm17\">, \u00een lunile\u00a0<\/span><strong><span class=\"tm16\">iulie \u0219i august<\/span><\/strong><span class=\"tm17\">,<\/span><strong><span class=\"tm16\">\u00a0sunt deja puse \u00een v\u00e2nzare:\u00a0<\/span><u><a href=\"https:\/\/www.bilete.ro\/festivalul-vara-magica\/\"><span class=\"tm20\">Bilete la Festivalul Vara Magica<\/span><\/a><\/u><span class=\"tm16\">. Biletele se g\u0103sesc \u0219i la Casa de Bilete a Ateneului Rom\u00e2n, intrarea din strada Benjamin Franklin nr. 1-3, de luni p\u00e2n\u0103 vineri, \u00eentre orele 15:00-20:00.<\/span><\/strong><\/p>\n<p class=\"tm8\"><strong><span class=\"tm16\">Produc\u0103tor: Lanto<\/span><\/strong><\/p>\n<p class=\"tm11\"><strong><span class=\"tm13\">Parteneri:\u00a0<\/span><\/strong><span class=\"tm12\">NIRO Investment Group, Borsec, Oscar Downstream, Luxten Lighting Company, Camera de Comer\u021b \u0219i Industrie a Municipiului Bucure\u0219ti, Marea Loj\u0103 Na\u021bional\u0103 din Rom\u00e2nia, Filarmonica \u201eGeorge Enescu\u201d, Muzeul Na\u021bional\u00a0 \u201eGeorge Enescu\u201d, Centrul Na\u0163ional de Art\u0103\u00a0 \u201eTinerimea Rom\u00e2n\u0103<\/span><\/p>\n<p class=\"tm8\"><strong><span class=\"tm16\">Parteneri media:\u00a0<\/span><\/strong><span class=\"tm17\">Radio Rom\u00e2nia Muzical, Radio Rom\u00e2nia Cultural, Liternet, IQads, Smark, Bucure\u0219tii vechi \u0219i noi.<\/span><\/p>\n<p>&nbsp;<\/p>\n","protected":false},"excerpt":{"rendered":"<p>\u00a0 \u00a0 \u00a0 \u00a0 \u00a0 \u00a0 Ca \u00een fiecare an, bucure\u015ftenii au ocazia de a se re\u00eent\u00e2lni cu Orchestrele Na\u0163ionale de Tineret ale Rom\u00e2niei la Festivalul Vara Magic\u0103, care a \u00eenceput la Ateneul Rom\u00e2n, pe 3 iulie. \u00a0\u00a0\u00a0\u00a0\u00a0\u00a0\u00a0\u00a0\u00a0\u00a0\u00a0 Mai precis, aceste concerte vor avea loc pe\u00a014 august, ora 19:30 &#8211; Orchestra Rom\u00e2n\u0103 de Tineret, dirijor:&#8230;<\/p>\n","protected":false},"author":1,"featured_media":2867,"comment_status":"closed","ping_status":"closed","sticky":false,"template":"","format":"standard","meta":{"_kad_post_transparent":"default","_kad_post_title":"default","_kad_post_layout":"default","_kad_post_sidebar_id":"","_kad_post_content_style":"default","_kad_post_vertical_padding":"default","_kad_post_feature":"","_kad_post_feature_position":"","_kad_post_header":false,"_kad_post_footer":false,"_kad_post_classname":"","footnotes":""},"categories":[4],"tags":[],"class_list":["post-2866","post","type-post","status-publish","format-standard","has-post-thumbnail","hentry","category-concerte-ro"],"_links":{"self":[{"href":"https:\/\/tinerimearomana.ro\/orchestra-romana-tineret\/wp-json\/wp\/v2\/posts\/2866"}],"collection":[{"href":"https:\/\/tinerimearomana.ro\/orchestra-romana-tineret\/wp-json\/wp\/v2\/posts"}],"about":[{"href":"https:\/\/tinerimearomana.ro\/orchestra-romana-tineret\/wp-json\/wp\/v2\/types\/post"}],"author":[{"embeddable":true,"href":"https:\/\/tinerimearomana.ro\/orchestra-romana-tineret\/wp-json\/wp\/v2\/users\/1"}],"replies":[{"embeddable":true,"href":"https:\/\/tinerimearomana.ro\/orchestra-romana-tineret\/wp-json\/wp\/v2\/comments?post=2866"}],"version-history":[{"count":2,"href":"https:\/\/tinerimearomana.ro\/orchestra-romana-tineret\/wp-json\/wp\/v2\/posts\/2866\/revisions"}],"predecessor-version":[{"id":2869,"href":"https:\/\/tinerimearomana.ro\/orchestra-romana-tineret\/wp-json\/wp\/v2\/posts\/2866\/revisions\/2869"}],"wp:featuredmedia":[{"embeddable":true,"href":"https:\/\/tinerimearomana.ro\/orchestra-romana-tineret\/wp-json\/wp\/v2\/media\/2867"}],"wp:attachment":[{"href":"https:\/\/tinerimearomana.ro\/orchestra-romana-tineret\/wp-json\/wp\/v2\/media?parent=2866"}],"wp:term":[{"taxonomy":"category","embeddable":true,"href":"https:\/\/tinerimearomana.ro\/orchestra-romana-tineret\/wp-json\/wp\/v2\/categories?post=2866"},{"taxonomy":"post_tag","embeddable":true,"href":"https:\/\/tinerimearomana.ro\/orchestra-romana-tineret\/wp-json\/wp\/v2\/tags?post=2866"}],"curies":[{"name":"wp","href":"https:\/\/api.w.org\/{rel}","templated":true}]}}