{"id":2821,"date":"2023-09-18T10:42:21","date_gmt":"2023-09-18T10:42:21","guid":{"rendered":"https:\/\/tinerimearomana.ro\/orchestra-romana-tineret\/?p=2821"},"modified":"2023-09-18T10:42:21","modified_gmt":"2023-09-18T10:42:21","slug":"orchestra-romana-de-tineret-umar-la-umar-side-by-side-alaturi-de-orchestre-national-de-france-in-ciclul-mari-orchestre-ale-lumii-pe-22-septembrie-la-festivalul-enescu","status":"publish","type":"post","link":"https:\/\/tinerimearomana.ro\/orchestra-romana-tineret\/orchestra-romana-de-tineret-umar-la-umar-side-by-side-alaturi-de-orchestre-national-de-france-in-ciclul-mari-orchestre-ale-lumii-pe-22-septembrie-la-festivalul-enescu\/","title":{"rendered":"Orchestra Rom\u00e2n\u0103 de Tineret (UM\u0102R LA UM\u0102R) SIDE BY SIDE al\u0103turi de Orchestre National de France, \u00een ciclul \u201cMari Orchestre ale Lumii\u201d, pe 22 septembrie, la Festivalul \u201cEnescu\u201d"},"content":{"rendered":"<p><strong><b>Orchestra Rom<\/b><\/strong><strong><b>\u00e2n\u0103 de Tineret<\/b><\/strong>\u00a0va c\u00e2nta al\u0103turi de Orchestre National de France \u00een cadrul proiectului \u201cSide by side\u201d pe <strong><b>22 septembrie<\/b><\/strong>, de la ora 20 la <strong><b>Sala Palatului<\/b><\/strong>\u00a0din <strong><b>Bucure\u015fti<\/b><\/strong>, \u00een ciclul \u201cMari Orchestre ale Lumii\u201d a <strong><b>Festivalului Interna\u0163ional \u201cGeorge Enescu\u201d,<\/b><\/strong>\u00a0dirijor Cristian M\u0103celaru.<\/p>\n<p>Programul serii va cuprinde <em><i>Concertul nr. 2 \u00een do minor pentru pian \u0219i orchestr\u0103 op. 18<\/i><\/em>\u00a0de Rachmaninov \u2013 solist Kirill Gerstein, iar membrii Orchestrei Rom\u00e2ne de Tineret se vor afla pe scen\u0103 \u00een <em><i>Simfonia nr. 3 \u00een do major op. 21<\/i><\/em>\u00a0de Enescu (cu concursul Corului Filarmonicii George Enescu preg\u0103tit de Iosif Ion Prunner) \u015fi celebra lucrare enescian\u0103 <em><i>Rapsodia rom\u00e2n\u0103<\/i><\/em>\u00a0\u00een la major op. 11 nr. 1.<\/p>\n<p>Prima apari\u0163ie a Orchestrei Rom\u00e2ne de Tineret \u00een proiectul Side by side a avut loc \u00een 2017 al\u0103turi de vestita <em><i>Royal Concertgebouw Amsterdam.<\/i><\/em><\/p>\n<p>Marin Cazacu, fondatorul Orchestrei Rom\u00e2ne de Tineret \u00ee\u015fi amintea de prima apari\u0163ie a orchestrei \u00eentr-un astfel de context: <em><i>&#8221; Orchestra a revenit pentru a doua oar\u0103 \u00een cadrul edi\u0163iei 2017 a Festivalului \u201eEnescu\u201d, \u00een concertul de \u00eenchidere Orchestra Rom\u00e2n\u0103 de Tineret c\u00e2nt\u00e2nd al\u0103turi de Royal Concertgebouw Amsterdam \u00eentr-un proiect inedit, ini\u021biat de orchestra din Olanda, intitulat \u201eSide by side\u201d. \u201eUm\u0103r la um\u0103r\u201d ar fi o traducere cuv\u00e2nt cu cuv\u00e2nt a acestei denumiri, fiind vorba despre un proiect \u00een care orchestra Concertgebouw realiza un turneu de concerte \u00een mai multe \u021b\u0103ri, iar acolo reu\u0219e\u0219te s\u0103 \u00ee\u0219i apropie Orchestrele de Tineret pe care le aduce \u00een concerte pe scen\u0103 al\u0103turi de muzicienii uneia dintre cele mai titrate orchestre din lume, pentru a le oferi acestora un tip de apropiere cu marile idealuri profesionale pe care le impune la nivel mondial Orchestra Royal Concertgebouw Amsterdam.&#8221;<\/i><\/em><\/p>\n<p>Violonistul Liviu Prunaru, concertmaestrul Royal Concertgebouw Amsterdam afirma \u00een 2017 :<em><i>\u00a0\u201cA fost un proiect al Concertgebouw care se cheam\u0103 Side by Side \u0219i am parcurs lumea c\u00e2nt\u00e2nd \u015fi al\u0103turi de orchestre de tineri. Este extraordinar s\u0103 vezi cum dispare jum\u0103tate din orchestr\u0103, partea st\u00e2ng\u0103, \u0219i cum ea este \u00eenlocuit\u0103 de tineri. Un flux de energie pentru noi \u015fi viceversa. Ei gust\u0103 ce \u00eenseamn\u0103 s\u0103 fie \u00een inima unei orchestre extraordinare spre care aspir\u0103 \u0219i s\u0103 vad\u0103 cum func\u021bioneaz\u0103. \u00a0Este ca atunci c\u00e2nd te ui\u021bi la o poz\u0103 \u0219i nu trebuie s\u0103 mai folose\u0219ti cuvinte. Experien\u021ba aceea de o jum\u0103tate de or\u0103 cu noi, este echivalent\u0103 cu multe luni de studiu \u00een alt\u0103 parte. A fost inclus\u0103 \u015fi Orchestra Rom\u00e2n\u0103 de Tineret \u00een acest program, la un Festival \u201eEnescu\u201d \u015fi sunt convins c\u0103 \u015fi ei au avut aceea\u015fi senza\u0163ie.\u201d <\/i><\/em><\/p>\n<p><strong><b>Orchestra Rom<\/b><\/strong><strong><b>\u00e2n\u0103 de Tineret<\/b><\/strong>\u00a0s-a format \u00een anul 2008 la ini\u021biativa violoncelistului \u0219i profesorului Marin Cazacu \u0219i este primul \u0219i cel mai cunoscut ansamblu simfonic al Orchestrelor Na\u021bionale de Tineret ale Rom\u00e2niei. Acest proiect reune\u0219te cei mai buni tineri muzicieni din Rom\u00e2nia pentru o experien\u021b\u0103 artistic\u0103 unic\u0103 care are ca scop atingerea unui \u00eenalt nivel de performan\u021b\u0103, ca instrumentist \u00eentr-o orchestr\u0103 simfonic\u0103. Orchestra Rom\u00e2n\u0103 de Tineret este considerat\u0103 una dintre cele mai bune orchestre de gen din Europa \u0219i din lume, cu o consistent\u0103 activitate pe plan interna\u0163ional.<\/p>\n<p><em><i>Orchestra Rom\u00e2n\u0103 de Tineret la Festivalul Enescu 2019<\/i><\/em><\/p>\n<p><a href=\"https:\/\/www.youtube.com\/watch?v=7ZGw3Hc_gN0\"><strong><u><b>https:\/\/www.youtube.com\/watch?v=7ZGw3Hc_gN0<\/b><\/u><\/strong><\/a><\/p>\n<p>video concept Virgil Oprina<\/p>\n<p>Orchestra Rom\u00e2n\u0103 de Tineret al\u0103turi de Royal Concertgebouw Amsterdam <em><i>la Festivalul Enescu 2017<\/i><\/em><\/p>\n<p><a href=\"https:\/\/m.facebook.com\/story.php?story_fbid=703689228466104&amp;id=100064750986379\"><u>https:\/\/m.facebook.com\/story.php?story_fbid=703689228466104&amp;id=100064750986379<\/u><\/a><\/p>\n<p><img fetchpriority=\"high\" decoding=\"async\" class=\"aligncenter size-full wp-image-2822\" src=\"https:\/\/tinerimearomana.ro\/orchestra-romana-tineret\/wp-content\/uploads\/sites\/4\/2023\/09\/ORT-sept2023.jpg\" alt=\"\" width=\"1200\" height=\"675\" srcset=\"https:\/\/tinerimearomana.ro\/orchestra-romana-tineret\/wp-content\/uploads\/sites\/4\/2023\/09\/ORT-sept2023.jpg 1200w, https:\/\/tinerimearomana.ro\/orchestra-romana-tineret\/wp-content\/uploads\/sites\/4\/2023\/09\/ORT-sept2023-300x169.jpg 300w, https:\/\/tinerimearomana.ro\/orchestra-romana-tineret\/wp-content\/uploads\/sites\/4\/2023\/09\/ORT-sept2023-1024x576.jpg 1024w, https:\/\/tinerimearomana.ro\/orchestra-romana-tineret\/wp-content\/uploads\/sites\/4\/2023\/09\/ORT-sept2023-768x432.jpg 768w\" sizes=\"(max-width: 1200px) 100vw, 1200px\" \/><\/p>\n","protected":false},"excerpt":{"rendered":"<p>Orchestra Rom\u00e2n\u0103 de Tineret\u00a0va c\u00e2nta al\u0103turi de Orchestre National de France \u00een cadrul proiectului \u201cSide by side\u201d pe 22 septembrie, de la ora 20 la Sala Palatului\u00a0din Bucure\u015fti, \u00een ciclul \u201cMari Orchestre ale Lumii\u201d a Festivalului Interna\u0163ional \u201cGeorge Enescu\u201d,\u00a0dirijor Cristian M\u0103celaru. Programul serii va cuprinde Concertul nr. 2 \u00een do minor pentru pian \u0219i orchestr\u0103&#8230;<\/p>\n","protected":false},"author":1,"featured_media":2822,"comment_status":"closed","ping_status":"closed","sticky":false,"template":"","format":"standard","meta":{"_kad_post_transparent":"default","_kad_post_title":"default","_kad_post_layout":"default","_kad_post_sidebar_id":"","_kad_post_content_style":"default","_kad_post_vertical_padding":"default","_kad_post_feature":"","_kad_post_feature_position":"","_kad_post_header":false,"_kad_post_footer":false,"_kad_post_classname":"","footnotes":""},"categories":[4],"tags":[],"class_list":["post-2821","post","type-post","status-publish","format-standard","has-post-thumbnail","hentry","category-concerte-ro"],"_links":{"self":[{"href":"https:\/\/tinerimearomana.ro\/orchestra-romana-tineret\/wp-json\/wp\/v2\/posts\/2821"}],"collection":[{"href":"https:\/\/tinerimearomana.ro\/orchestra-romana-tineret\/wp-json\/wp\/v2\/posts"}],"about":[{"href":"https:\/\/tinerimearomana.ro\/orchestra-romana-tineret\/wp-json\/wp\/v2\/types\/post"}],"author":[{"embeddable":true,"href":"https:\/\/tinerimearomana.ro\/orchestra-romana-tineret\/wp-json\/wp\/v2\/users\/1"}],"replies":[{"embeddable":true,"href":"https:\/\/tinerimearomana.ro\/orchestra-romana-tineret\/wp-json\/wp\/v2\/comments?post=2821"}],"version-history":[{"count":1,"href":"https:\/\/tinerimearomana.ro\/orchestra-romana-tineret\/wp-json\/wp\/v2\/posts\/2821\/revisions"}],"predecessor-version":[{"id":2823,"href":"https:\/\/tinerimearomana.ro\/orchestra-romana-tineret\/wp-json\/wp\/v2\/posts\/2821\/revisions\/2823"}],"wp:featuredmedia":[{"embeddable":true,"href":"https:\/\/tinerimearomana.ro\/orchestra-romana-tineret\/wp-json\/wp\/v2\/media\/2822"}],"wp:attachment":[{"href":"https:\/\/tinerimearomana.ro\/orchestra-romana-tineret\/wp-json\/wp\/v2\/media?parent=2821"}],"wp:term":[{"taxonomy":"category","embeddable":true,"href":"https:\/\/tinerimearomana.ro\/orchestra-romana-tineret\/wp-json\/wp\/v2\/categories?post=2821"},{"taxonomy":"post_tag","embeddable":true,"href":"https:\/\/tinerimearomana.ro\/orchestra-romana-tineret\/wp-json\/wp\/v2\/tags?post=2821"}],"curies":[{"name":"wp","href":"https:\/\/api.w.org\/{rel}","templated":true}]}}