{"id":2311,"date":"2021-11-24T16:56:52","date_gmt":"2021-11-24T16:56:52","guid":{"rendered":"https:\/\/tinerimearomana.ro\/orchestra-romana-tineret\/?p=2311"},"modified":"2023-03-18T09:24:50","modified_gmt":"2023-03-18T09:24:50","slug":"orchestra-romana-de-tineret-concert-extraordinar-la-expozitia-mondiala-dubai-2020","status":"publish","type":"post","link":"https:\/\/tinerimearomana.ro\/orchestra-romana-tineret\/orchestra-romana-de-tineret-concert-extraordinar-la-expozitia-mondiala-dubai-2020\/","title":{"rendered":"ORCHESTRA ROMANA DE TINERET &#8211; CONCERT EXTRAORDINAR LA EXPOZITIA MONDIALA &#8220;DUBAI 2020&#8221;"},"content":{"rendered":"<p><strong>\u00a0Orchestra Rom\u00e2n\u0103 de Tineret<\/strong> dirijat\u0103 de <strong>Gabriel Bebe\u015felea <\/strong>semneaz\u0103 primul eveniment cultural rom\u00e2nesc de anvergur\u0103 de la <strong>Expo 2020 Dubai<\/strong>, soli\u015fti fiind laurea\u0163ii Concursului Interna\u0163ional \u201cGeorge Enescu\u201d 2021, violonistul <strong>Valentin \u015eerban<\/strong> \u015fi violoncelistul <strong>\u015etefan Cazacu. <\/strong>Concertul va avea loc \u00een onoarea <strong>Zilei Na\u0163ionale a Rom\u00e2niei <\/strong>pe scena<strong> Millenium Amphitheater<\/strong> din cadrul Expozi\u0163iei Mondiale Dubai 2020, fiind programat \u00een seara de <strong>6 decembrie, de la ora 20:00<\/strong>. \u00cen data de 7 decembrie, forma\u0163ii camerale din cadrul Orchestrei Rom\u00e2ne de Tineret vor sus\u0163ine micro-recitaluri \u00een pavilionul Rom\u00e2niei la Expo 2020.<\/p>\n<p>Tema Expozi\u021biei Mondiale Dubai \u2013 Expo 2020, care se desf\u0103\u015foar\u0103 \u00eentre 1 octombrie 2021 \u015fi 1 aprilie 2022 este <em>Connecting Minds, Creating the Future<\/em> \u0219i dore\u0219te s\u0103 afirme o nevoie global\u0103 de colaborare pentru a inspira genera\u021biile viitoare.<\/p>\n<p>Concertul Orchestrei Rom\u00e2ne de Tineret aduce exact acea not\u0103 de optimism \u015fi \u00eencredere \u00een viitor pe care \u00eencearc\u0103 s\u0103 o inspire publicului prezen\u0163a Rom\u00e2niei la Expo 2020, programul muzical cuprinz\u00e2nd lucr\u0103ri de Sabin P\u0103utza, Ciprian Porumbescu, Constantin Dimitrescu, Rossini, Mascagni, Saint-Sa\u00ebns, Puccini, Glinka\u00a0 \u015fi Johann Strauss Fiul. Cei doi soli\u015fti \u2013 care c\u00e2nt\u0103 \u015fi \u00een orchestr\u0103, de altfel, o formul\u0103 original\u0103 \u2013, vor prezenta dou\u0103 arhicunoscute lucr\u0103ri rom\u00e2ne\u015fti, <em>Balada pentru vioar\u0103 \u015fi orchestr\u0103<\/em> de Ciprian Porumbescu (Valentin \u015eerban \u2013 vioar\u0103) \u015fi <em>Dansuri rom\u00e2ne\u015fti pentru violoncel \u015fi orchestr\u0103<\/em> de Constantin Dimitrescu (\u015etefan Cazacu \u2013 violoncel), \u00eentreaga selec\u0163ie repertorial\u0103 aduc\u00e2nd culoare \u015fi bun\u0103 dispozi\u0163ie, asociind tinere\u0163ea muzicienilor cu prospe\u0163imea muzicii propuse.<\/p>\n<p><strong>\u00a0\u00a0\u00a0\u00a0\u00a0\u00a0\u00a0\u00a0\u00a0\u00a0\u00a0 Orchestra Rom\u00e2n\u0103 de Tineret<\/strong>\u00a0s-a format \u00een anul 2008 la ini\u021biativa violoncelistului Marin Cazacu, ca un program artistic \u0219i educa\u021bional, reunind cei mai buni tineri muzicieni din Rom\u00e2nia pentru o experien\u021b\u0103 artistic\u0103 unic\u0103 care are ca scop atingerea unui \u00eenalt nivel de performan\u021b\u0103, ca instrumentist \u00eentr-o orchestr\u0103 simfonic\u0103. Orchestra Rom\u00e2n\u0103 de Tineret este considerat\u0103 cea mai bun\u0103 orchestr\u0103 din Rom\u00e2nia din ultimii ani, cu o consistent\u0103 activitate pe plan interna\u0163ional.<\/p>\n<p>\u00cenaintea plec\u0103rii la acest concert, <strong>Marin Cazacu<\/strong>, managerul Centrului Na\u0163ional de Art\u0103 Tinerimea Rom\u00e2n\u0103\u201d declara: <em>\u201eEste excep\u0163ional pentru noi s\u0103 reprezent\u0103m \u0163ara la un asemenea nivel. Nu o facem pentru prima oar\u0103, am fost deja pe trei continente \u00een cei peste 10 ani de existen\u0163\u0103 ai orchestrei, dar este pentru prima oar\u0103 c\u00e2nd Orchestra Rom\u00e2n\u0103 de Tineret ajunge s\u0103 c\u00e2nte \u00een Orientul mijlociu. Iar oportunitatea de a fi asculta\u0163i de un public at\u00e2t de divers cum este cel al Expozi\u0163iei mondiale este entuziasmant\u0103 pentru noi.\u201d<\/em><\/p>\n<p><em>\u00a0<\/em>\u00a0\u00a0\u00a0\u00a0\u00a0\u00a0\u00a0\u00a0\u00a0 De asemenea, domnul <strong>Ferdinand Nagy<\/strong>, comisarul general al Sec\u021biunii Rom\u00e2ne pentru Expo 2020 Duba declara<em>: &#8220;Av\u00e2nd experien\u021ba expozi\u021biilor mondiale din Japonia \u0219i China, precum \u0219i activitatea \u00eendelungat\u0103 \u00een conducerea Biroului Interna\u021bional pentru Expozi\u021bii (BIE) sunt extrem de bucuros s\u0103 v\u0103d c\u0103, \u00een contextul acestei pandemii mondiale, Expo 2020 Dubai demonstreaz\u0103 o solidaritate \u0219i o dorin\u021b\u0103 de a reveni la via\u021ba normal\u0103 absolut remarcabile. Totodat\u0103 constat c\u0103 prezenta Rom\u00e2niei este una cu totul deosebit\u0103, iar evenimentele culturale de cea mai \u00eenalt\u0103 \u021binut\u0103 \u2013 av\u00e2nd ca moment de v\u00e2rf concertul excep\u021bionalei Orchestre Rom\u00e2ne de Tineret &#8211; plaseaz\u0103 \u021bara noastr\u0103 \u00een topul cultural al celor 190 de \u021b\u0103ri participante.\u201d<\/em><\/p>\n<p><em>https:\/\/www.youtube.com\/watch?v=jbtc5zc3J74<\/em><\/p>\n<p><strong>\u00a0<\/strong><strong>Organizator :\u00a0 Ministerul Afacerilor Externe <\/strong><\/p>\n<p><strong>Partener : Centrul Na\u021bional de Art\u0103 \u201eTinerimea Rom\u00e2n\u0103&#8221;<\/strong><\/p>\n<p><strong>Parteneri culturali : <\/strong><strong>Funda\u0163ia Prietenii muzicii Serafim Antropov, Pro Contemporania, The Culture Club <\/strong><\/p>\n<p><img decoding=\"async\" class=\"aligncenter size-full wp-image-2314\" src=\"https:\/\/tinerimearomana.ro\/orchestra-romana-tineret\/wp-content\/uploads\/sites\/4\/2021\/11\/ORT-Dubai2021-dec.jpg\" alt=\"\" width=\"100%\" height=\"auto\" \/>[:]\n","protected":false},"excerpt":{"rendered":"<p>\u00a0Orchestra Rom\u00e2n\u0103 de Tineret dirijat\u0103 de Gabriel Bebe\u015felea semneaz\u0103 primul eveniment cultural rom\u00e2nesc de anvergur\u0103 de la Expo 2020 Dubai, soli\u015fti fiind laurea\u0163ii Concursului Interna\u0163ional \u201cGeorge Enescu\u201d 2021, violonistul Valentin \u015eerban \u015fi violoncelistul \u015etefan Cazacu. Concertul va avea loc \u00een onoarea Zilei Na\u0163ionale a Rom\u00e2niei pe scena Millenium Amphitheater din cadrul Expozi\u0163iei Mondiale Dubai 2020,&#8230;<\/p>\n","protected":false},"author":1,"featured_media":2317,"comment_status":"closed","ping_status":"closed","sticky":false,"template":"","format":"standard","meta":{"_kad_post_transparent":"","_kad_post_title":"","_kad_post_layout":"","_kad_post_sidebar_id":"","_kad_post_content_style":"","_kad_post_vertical_padding":"","_kad_post_feature":"","_kad_post_feature_position":"","_kad_post_header":false,"_kad_post_footer":false,"_kad_post_classname":"","footnotes":""},"categories":[4],"tags":[],"class_list":["post-2311","post","type-post","status-publish","format-standard","has-post-thumbnail","hentry","category-concerte-ro"],"_links":{"self":[{"href":"https:\/\/tinerimearomana.ro\/orchestra-romana-tineret\/wp-json\/wp\/v2\/posts\/2311"}],"collection":[{"href":"https:\/\/tinerimearomana.ro\/orchestra-romana-tineret\/wp-json\/wp\/v2\/posts"}],"about":[{"href":"https:\/\/tinerimearomana.ro\/orchestra-romana-tineret\/wp-json\/wp\/v2\/types\/post"}],"author":[{"embeddable":true,"href":"https:\/\/tinerimearomana.ro\/orchestra-romana-tineret\/wp-json\/wp\/v2\/users\/1"}],"replies":[{"embeddable":true,"href":"https:\/\/tinerimearomana.ro\/orchestra-romana-tineret\/wp-json\/wp\/v2\/comments?post=2311"}],"version-history":[{"count":6,"href":"https:\/\/tinerimearomana.ro\/orchestra-romana-tineret\/wp-json\/wp\/v2\/posts\/2311\/revisions"}],"predecessor-version":[{"id":2511,"href":"https:\/\/tinerimearomana.ro\/orchestra-romana-tineret\/wp-json\/wp\/v2\/posts\/2311\/revisions\/2511"}],"wp:featuredmedia":[{"embeddable":true,"href":"https:\/\/tinerimearomana.ro\/orchestra-romana-tineret\/wp-json\/wp\/v2\/media\/2317"}],"wp:attachment":[{"href":"https:\/\/tinerimearomana.ro\/orchestra-romana-tineret\/wp-json\/wp\/v2\/media?parent=2311"}],"wp:term":[{"taxonomy":"category","embeddable":true,"href":"https:\/\/tinerimearomana.ro\/orchestra-romana-tineret\/wp-json\/wp\/v2\/categories?post=2311"},{"taxonomy":"post_tag","embeddable":true,"href":"https:\/\/tinerimearomana.ro\/orchestra-romana-tineret\/wp-json\/wp\/v2\/tags?post=2311"}],"curies":[{"name":"wp","href":"https:\/\/api.w.org\/{rel}","templated":true}]}}