{"id":2285,"date":"2021-08-03T09:03:00","date_gmt":"2021-08-03T09:03:00","guid":{"rendered":"https:\/\/tinerimearomana.ro\/orchestra-romana-tineret\/?p=2285"},"modified":"2023-03-18T09:24:51","modified_gmt":"2023-03-18T09:24:51","slug":"orchestra-romana-de-tineret-a-sasea-oara-la-konzerthaus-berlin-pe-7-august-2021","status":"publish","type":"post","link":"https:\/\/tinerimearomana.ro\/orchestra-romana-tineret\/orchestra-romana-de-tineret-a-sasea-oara-la-konzerthaus-berlin-pe-7-august-2021\/","title":{"rendered":"Orchestra Rom\u00e2n\u0103 de Tineret a \u015fasea oar\u0103 la Konzerthaus Berlin, pe 7 august 2021"},"content":{"rendered":"<p>Dup\u0103 un an de \u00eentrerupere, festivalul<strong> Young Euro Classic de la Berlin<\/strong> se reia \u00eentre <strong>31 iulie \u015fi 15 august 2021<\/strong> la celebra <strong>Konzerthaus<\/strong>, <strong>Orchestra Rom\u00e2n\u0103 de Tineret<\/strong> dirijat\u0103 de <strong>Cristian Mandeal<\/strong>, solist <strong>Daniel Ciobanu<\/strong> \u2013 pian, fiind invitat\u0103 pentru a \u015fasea oar\u0103 \u00een seara de <strong>7 august<\/strong>, de data aceasta cu un program C. Silvestri, D. \u0218ostakovici, R. Schumann.<\/p>\n<p>Young Euro Classic este un festival creat special pentru orchestre simfonice de tineret. Concertele se \u0163in la Konzerthaus din Gendarmenmarkt Berlin \u015fi sunt concentrate pe repertoriul clasic \u015fi contemporan.<\/p>\n<p>\u00cen fiecare an, \u00een timpul festivalului sala este arhiplin\u0103, compozi\u0163ii de la Beethoven la \u015eostakovici, dar \u015fi lucr\u0103ri contemporane din \u00eentreaga lume atr\u0103g\u00e2nd o audien\u0163\u0103 numeroas\u0103. Young Euro Classic este un festival cu o component\u0103 interna\u0163ional\u0103 foarte important\u0103 \u015fi aceasta nu numai din punctul de vedere al muzicii interpretate. \u00cen fiecare an, tot mai multe orchestre au participat la festival, aduc\u00e2nd la un loc cultura orchestral\u0103 european\u0103 \u015fi tradi\u0163iile muzicale ale fiec\u0103rei na\u0163iuni participante.<\/p>\n<p>Young Euro Classics a fost \u00eenfiin\u0163at \u00een anul 2000. Ideea a fost aceea de a crea o platform\u0103 a celor mai bune orchestre de tineret din \u00eentreaga lume \u015fi de a promova muzica clasic\u0103 \u00een Berlin prin intermediul acestora, crearea acestui festival reflect\u00e2nd \u015fi interesul deosebit pentru orchestrele de tineret ap\u0103rut \u00een ultimele dou\u0103 decenii la nivel global.<\/p>\n<p>Deschis anul acesta pe 30 iulie cu Orchestra de Tineret Germania-Fran\u0163a, continu\u00e2nd cu Greek Youth Symphony, Wiener Jeunesse Orchester, Bundesjugendorchester (Germania) sau Orchestra de Tineret a Suediei, festivalul va continua p\u00e2n\u0103 pe 15 august, c\u00e2nd se va \u00eencheia cu Orquesta del Lyceum de La Habana.<\/p>\n<p>Concertul Orchestrei Rom\u00e2ne de Tineret din 7 august va putea fi ascultat live \u015fi pe ecranele \u00een aer liber din Gendarmenmarkt, \u00een fa\u0163a Konzerthaus.<\/p>\n<p><strong>Orchestra Rom\u00e2n\u0103 de Tineret<\/strong> s-a format \u00een anul 2008 la ini\u021biativa violoncelistului <strong>Marin Cazacu<\/strong>, ca un program artistic \u0219i educa\u021bional. Acest proiect reune\u0219te cei mai buni tineri muzicieni din Rom\u00e2nia pentru o experien\u021b\u0103 artistic\u0103 unic\u0103 care are ca scop atingerea unui \u00eenalt nivel de performan\u021b\u0103, ca instrumentist \u00eentr-o orchestr\u0103 simfonic\u0103. Orchestra Rom\u00e2n\u0103 de Tineret este considerat\u0103 cea mai bun\u0103 orchestr\u0103 din Rom\u00e2nia din ultimii ani, cu o consistent\u0103 activitate pe plan interna\u0163ional.<\/p>\n<p>Inaintea plec\u0103rii la acest concert, Marin Cazacu, managerul Centrului Na\u0163ional de Art\u0103 Tinerimea Rom\u00e2n\u0103\u201d declara: <em>\u201eAm fost invita\u021bi pentru prima dat\u0103 la Festivalul Young Euro Classic de la Berlin \u00een 2012. Au trecut aproape 10 ani de atunci \u015fi, dup\u0103 nedorita pauz\u0103 din 2020, suntem bucuro\u015fi s\u0103 revenim acum cu un concert pe care \u00eel vom prezenta \u00eent\u00e2i la Sinaia, pe 5 august, pentru ca pe 7 august s\u0103 \u00eel relu\u0103m \u00een fa\u0163a entuziastului public de festival de la Berlin, care pentru prima oar\u0103 nu se va afla doar \u00een sal\u0103 ci \u015fi \u00een aer liber, \u00een fa\u0163a Konzerthaus, unde concertul se va difuza pe un ecran uria\u015f pentru cei care nu se pot afla \u00een sal\u0103. Este un sentiment extraordinar pe care a\u015ftept\u0103m s\u0103-l retr\u0103im cu ner\u0103bdare, pentru a demonstra \u00eenc\u0103 odat\u0103 for\u0163a muzicii de a uni oamenii de pretutindeni\u201d<\/em><\/p>\n<div class=\"entry-content-asset videofit\"><iframe title=\"Orchestra Romana de Tineret 22 iulie 2019 la Konzerthaus-Berlin\" width=\"720\" height=\"405\" src=\"https:\/\/www.youtube.com\/embed\/9MVLgAEwn4I?feature=oembed\" frameborder=\"0\" allow=\"accelerometer; autoplay; clipboard-write; encrypted-media; gyroscope; picture-in-picture\" allowfullscreen><\/iframe><\/div>\n[:]\n","protected":false},"excerpt":{"rendered":"<p>Dup\u0103 un an de \u00eentrerupere, festivalul Young Euro Classic de la Berlin se reia \u00eentre 31 iulie \u015fi 15 august 2021 la celebra Konzerthaus, Orchestra Rom\u00e2n\u0103 de Tineret dirijat\u0103 de Cristian Mandeal, solist Daniel Ciobanu \u2013 pian, fiind invitat\u0103 pentru a \u015fasea oar\u0103 \u00een seara de 7 august, de data aceasta cu un program C&#8230;.<\/p>\n","protected":false},"author":1,"featured_media":2286,"comment_status":"closed","ping_status":"closed","sticky":false,"template":"","format":"standard","meta":{"_kad_post_transparent":"","_kad_post_title":"","_kad_post_layout":"","_kad_post_sidebar_id":"","_kad_post_content_style":"","_kad_post_vertical_padding":"","_kad_post_feature":"","_kad_post_feature_position":"","_kad_post_header":false,"_kad_post_footer":false,"_kad_post_classname":"","footnotes":""},"categories":[4],"tags":[],"class_list":["post-2285","post","type-post","status-publish","format-standard","has-post-thumbnail","hentry","category-concerte-ro"],"_links":{"self":[{"href":"https:\/\/tinerimearomana.ro\/orchestra-romana-tineret\/wp-json\/wp\/v2\/posts\/2285"}],"collection":[{"href":"https:\/\/tinerimearomana.ro\/orchestra-romana-tineret\/wp-json\/wp\/v2\/posts"}],"about":[{"href":"https:\/\/tinerimearomana.ro\/orchestra-romana-tineret\/wp-json\/wp\/v2\/types\/post"}],"author":[{"embeddable":true,"href":"https:\/\/tinerimearomana.ro\/orchestra-romana-tineret\/wp-json\/wp\/v2\/users\/1"}],"replies":[{"embeddable":true,"href":"https:\/\/tinerimearomana.ro\/orchestra-romana-tineret\/wp-json\/wp\/v2\/comments?post=2285"}],"version-history":[{"count":3,"href":"https:\/\/tinerimearomana.ro\/orchestra-romana-tineret\/wp-json\/wp\/v2\/posts\/2285\/revisions"}],"predecessor-version":[{"id":2519,"href":"https:\/\/tinerimearomana.ro\/orchestra-romana-tineret\/wp-json\/wp\/v2\/posts\/2285\/revisions\/2519"}],"wp:featuredmedia":[{"embeddable":true,"href":"https:\/\/tinerimearomana.ro\/orchestra-romana-tineret\/wp-json\/wp\/v2\/media\/2286"}],"wp:attachment":[{"href":"https:\/\/tinerimearomana.ro\/orchestra-romana-tineret\/wp-json\/wp\/v2\/media?parent=2285"}],"wp:term":[{"taxonomy":"category","embeddable":true,"href":"https:\/\/tinerimearomana.ro\/orchestra-romana-tineret\/wp-json\/wp\/v2\/categories?post=2285"},{"taxonomy":"post_tag","embeddable":true,"href":"https:\/\/tinerimearomana.ro\/orchestra-romana-tineret\/wp-json\/wp\/v2\/tags?post=2285"}],"curies":[{"name":"wp","href":"https:\/\/api.w.org\/{rel}","templated":true}]}}