{"id":2267,"date":"2021-02-16T10:25:52","date_gmt":"2021-02-16T10:25:52","guid":{"rendered":"http:\/\/tinerimearomana.ro\/orchestra-romana-tineret\/?p=2267"},"modified":"2023-03-18T09:24:51","modified_gmt":"2023-03-18T09:24:51","slug":"orchestra-romana-de-tineret-concert-145-de-ani-de-la-nasterea-lui-constantin-brancusi","status":"publish","type":"post","link":"https:\/\/tinerimearomana.ro\/orchestra-romana-tineret\/orchestra-romana-de-tineret-concert-145-de-ani-de-la-nasterea-lui-constantin-brancusi\/","title":{"rendered":"Orchestra Rom\u00e2n\u0103 de Tineret \u2013 concert \u201c145 de ani de la na\u015fterea lui Constantin Br\u00e2ncu\u015fi"},"content":{"rendered":"<p><strong>Centrul Na\u021bional de Art\u0103 Tinerimea Rom\u00e2n\u0103<\/strong> \u00een parteneriat cu <strong>Muzeul Na\u021bional de Art\u0103 al Rom\u00e2niei<\/strong>, sub patronajul <strong>Ministerului Culturii<\/strong>, anun\u0163\u0103 un eveniment extraordinar prezentat publicului \u00een transmisiune radio \u015fi TV, coproduc\u0103tori fiind <strong>TVR<\/strong> \u0219i <strong>Radio Rom\u00e2nia<\/strong>.<\/p>\n<p><strong>Concertul extraordinar aniversar 145 de ani de la na\u015fterea marelui sculptor Constantin Br\u00e2ncu\u015fi<\/strong> va fi difuzat pe <strong>19 februarie<\/strong> la <strong>Radio Rom\u00e2nia Muzical,<\/strong> de la ora <strong>15.30<\/strong> \u015fi la <strong>TVR 3<\/strong> de la ora <strong>21<\/strong>, \u015fi va aduce \u00een fa\u0163a publicului <strong>Orchestra Rom\u00e2n\u0103 de Tineret<\/strong>, dirijat\u0103 de <strong>Cristian Mandeal,<\/strong> soliste <strong>Monica Bejenaru<\/strong> \u2013 voce \u015fi <strong>Simina Croitoru<\/strong> \u2013 vioar\u0103, cu un program cu totul neobi\u015fnuit, ilustrat cu imagini ale operelor lui Br\u00e2ncu\u015fi din Muzeul Na\u0163ional de Art\u0103 al Rom\u00e2niei.<\/p>\n<p>Marin Cazacu, managerul Centrului Na\u0163ional de Art\u0103 \u201cTinerimea Rom\u00e2n\u0103\u201d declara la repeti\u0163ii: <em>\u201cAcest proiect inedit a pornit de la dragostea lui Constantin Br\u00e2ncu\u0219i pentru muzica folcloric\u0103 rom\u00e2neasc\u0103. Orchestra Rom\u00e2n\u0103 de Tineret, al\u0103turi de maestrul Cristian Mandeal \u0219i solistele Monica Bejenaru \u0219i Simina Croitoru, vor interpreta piesele folclorice cele mai apreciate de marele sculptor rom\u00e2n, aduc\u00e2ndu-i un omagiu de suflet cu ocazia \u00eemplinirii a 145 ani de la na\u0219tere. Aceast\u0103 muzic\u0103 \u00eel emo\u021biona \u0219i-l inspira at\u00e2t de mult \u00eenc\u00e2t, dup\u0103 un concert, i-a declarat marii artiste Maria T\u0103nase: &#8220;c\u00e2nd te ascult cum le zici, M\u0103rie, a\u0219 fi \u00een stare s\u0103 d\u0103ltuiesc pentru fiecare c\u00e2ntec de-al nostru o Pas\u0103re M\u0103iastr\u0103&#8221; .<\/em><\/p>\n<p>Programul muzical va cuprinde <strong>dou\u0103 suite folclorice<\/strong> \u00een aranjamentul lui <strong>Mihai Gherghela\u0219<\/strong>, solist\u0103 <strong>Monica Bejenaru<\/strong> \u2013 voce, ce cuprinde prelucr\u0103ri ale unor piese celebre din folclorul rom\u00e2nesc din Oltenia, Banat, Cri\u0219ana, Transilvania, Moldova, Maramure\u015f, Dobrogea \u015fi Muntenia, patru piese instrumentale \u00een aranjamentul lui Eduard Boboia, solist\u0103 Simina Croitoru la vioar\u0103 \u2013 Cioc\u00e2rlia \u015fi Dans maramure\u015fean de Sabin P\u0103utza, apoi Hora staccato \u015fi Hora m\u0103r\u021bi\u015forului de Grigora\u0219 Dinicu \u015fi \u00een final <strong>Suita folcloric\u0103 nr. 3<\/strong> \u00een aranjamentul aceluia\u015fi Mihai Gherghela\u0219, solist\u0103 <strong>Monica Bejenaru<\/strong> \u2013 voce, ce va cuprinde din repertoriul Mariei T\u0103nase piesele Asear\u0103 v\u00e2ntul b\u0103tea, Cine iube\u015fte \u015fi las\u0103, P\u00e2n\u0103 c\u00e2nd nu te iubeam, Mi-am pus busuioc \u00een p\u0103r, Bun \u00eei vinul ghiurghiuliu, M\u0103rie \u015fi M\u0103rioar\u0103.<\/p>\n<p><img decoding=\"async\" class=\"aligncenter size-full wp-image-2268\" src=\"http:\/\/tinerimearomana.ro\/orchestra-romana-tineret\/wp-content\/uploads\/sites\/4\/2021\/02\/concert-brancusi2021.jpg\" alt=\"\" width=\"100%\" height=\"auto\" srcset=\"https:\/\/tinerimearomana.ro\/orchestra-romana-tineret\/wp-content\/uploads\/sites\/4\/2021\/02\/concert-brancusi2021.jpg 850w, https:\/\/tinerimearomana.ro\/orchestra-romana-tineret\/wp-content\/uploads\/sites\/4\/2021\/02\/concert-brancusi2021-300x212.jpg 300w, https:\/\/tinerimearomana.ro\/orchestra-romana-tineret\/wp-content\/uploads\/sites\/4\/2021\/02\/concert-brancusi2021-768x543.jpg 768w\" sizes=\"(max-width: 850px) 100vw, 850px\" \/>[:]\n","protected":false},"excerpt":{"rendered":"<p>Centrul Na\u021bional de Art\u0103 Tinerimea Rom\u00e2n\u0103 \u00een parteneriat cu Muzeul Na\u021bional de Art\u0103 al Rom\u00e2niei, sub patronajul Ministerului Culturii, anun\u0163\u0103 un eveniment extraordinar prezentat publicului \u00een transmisiune radio \u015fi TV, coproduc\u0103tori fiind TVR \u0219i Radio Rom\u00e2nia. Concertul extraordinar aniversar 145 de ani de la na\u015fterea marelui sculptor Constantin Br\u00e2ncu\u015fi va fi difuzat pe 19 februarie&#8230;<\/p>\n","protected":false},"author":1,"featured_media":2268,"comment_status":"closed","ping_status":"closed","sticky":false,"template":"","format":"standard","meta":{"_kad_post_transparent":"","_kad_post_title":"","_kad_post_layout":"","_kad_post_sidebar_id":"","_kad_post_content_style":"","_kad_post_vertical_padding":"","_kad_post_feature":"","_kad_post_feature_position":"","_kad_post_header":false,"_kad_post_footer":false,"_kad_post_classname":"","footnotes":""},"categories":[4],"tags":[],"class_list":["post-2267","post","type-post","status-publish","format-standard","has-post-thumbnail","hentry","category-concerte-ro"],"_links":{"self":[{"href":"https:\/\/tinerimearomana.ro\/orchestra-romana-tineret\/wp-json\/wp\/v2\/posts\/2267"}],"collection":[{"href":"https:\/\/tinerimearomana.ro\/orchestra-romana-tineret\/wp-json\/wp\/v2\/posts"}],"about":[{"href":"https:\/\/tinerimearomana.ro\/orchestra-romana-tineret\/wp-json\/wp\/v2\/types\/post"}],"author":[{"embeddable":true,"href":"https:\/\/tinerimearomana.ro\/orchestra-romana-tineret\/wp-json\/wp\/v2\/users\/1"}],"replies":[{"embeddable":true,"href":"https:\/\/tinerimearomana.ro\/orchestra-romana-tineret\/wp-json\/wp\/v2\/comments?post=2267"}],"version-history":[{"count":3,"href":"https:\/\/tinerimearomana.ro\/orchestra-romana-tineret\/wp-json\/wp\/v2\/posts\/2267\/revisions"}],"predecessor-version":[{"id":2529,"href":"https:\/\/tinerimearomana.ro\/orchestra-romana-tineret\/wp-json\/wp\/v2\/posts\/2267\/revisions\/2529"}],"wp:featuredmedia":[{"embeddable":true,"href":"https:\/\/tinerimearomana.ro\/orchestra-romana-tineret\/wp-json\/wp\/v2\/media\/2268"}],"wp:attachment":[{"href":"https:\/\/tinerimearomana.ro\/orchestra-romana-tineret\/wp-json\/wp\/v2\/media?parent=2267"}],"wp:term":[{"taxonomy":"category","embeddable":true,"href":"https:\/\/tinerimearomana.ro\/orchestra-romana-tineret\/wp-json\/wp\/v2\/categories?post=2267"},{"taxonomy":"post_tag","embeddable":true,"href":"https:\/\/tinerimearomana.ro\/orchestra-romana-tineret\/wp-json\/wp\/v2\/tags?post=2267"}],"curies":[{"name":"wp","href":"https:\/\/api.w.org\/{rel}","templated":true}]}}