{"id":2263,"date":"2021-01-14T18:52:06","date_gmt":"2021-01-14T18:52:06","guid":{"rendered":"http:\/\/tinerimearomana.ro\/orchestra-romana-tineret\/?p=2263"},"modified":"2023-03-18T09:24:51","modified_gmt":"2023-03-18T09:24:51","slug":"tvr-1-si-tvr-moldova-transmit-concertul-eveniment-ziua-culturii-nationale-sustinut-de-orchestra-romana-de-tineret","status":"publish","type":"post","link":"https:\/\/tinerimearomana.ro\/orchestra-romana-tineret\/tvr-1-si-tvr-moldova-transmit-concertul-eveniment-ziua-culturii-nationale-sustinut-de-orchestra-romana-de-tineret\/","title":{"rendered":"TVR 1 \u015fi TVR MOLDOVA transmit Concertul eveniment \u201cZiua Culturii Nationale sus\u021binut de Orchestra Romana de Tineret"},"content":{"rendered":"<p><strong>Vineri 15 ianuarie<\/strong>, de la ora <strong>21.10, TVR 1<\/strong> \u015fi <strong>TVR MOLDOVA<\/strong> transmit Concertul eveniment \u201cZiua Culturii Nationale \u2013 15 ianuarie 2021\u201d organizat de Ministerul Culturii \u0219i Centrul Na\u021bional de Art\u0103 Tinerimea Rom\u00e2n\u0103 la Ateneul Rom\u00e2n.<\/p>\n<p><strong>Orchestra Rom\u00e2n\u0103 de Tineret<\/strong> \u015fi dirijorul <strong>Cristian Mandeal<\/strong> au preg\u0103tit un repertoriu divers cu lucr\u0103ri semnate de George Enescu, Bela Bartok \u015fi Sabin P\u0103utza, dar \u015fi cu piese moderne, interpretate \u00eempreun\u0103 cu Direc\u021bia 5, sub bagheta dirijorilor Ionel \u0219i Andrei Tudor. Nu vor lipsi momente lirice \u00een care actorul Adrian P\u0103duraru, prezentatorul evenimentului, va recita din crea\u0163ia eminescian\u0103.<\/p>\n<p><img decoding=\"async\" class=\"aligncenter size-full wp-image-2264\" src=\"http:\/\/tinerimearomana.ro\/orchestra-romana-tineret\/wp-content\/uploads\/sites\/4\/2021\/01\/tvr1-ort-2021.jpg\" alt=\"\" width=\"100%\" height=\"auto\" srcset=\"https:\/\/tinerimearomana.ro\/orchestra-romana-tineret\/wp-content\/uploads\/sites\/4\/2021\/01\/tvr1-ort-2021.jpg 950w, https:\/\/tinerimearomana.ro\/orchestra-romana-tineret\/wp-content\/uploads\/sites\/4\/2021\/01\/tvr1-ort-2021-300x169.jpg 300w, https:\/\/tinerimearomana.ro\/orchestra-romana-tineret\/wp-content\/uploads\/sites\/4\/2021\/01\/tvr1-ort-2021-768x433.jpg 768w\" sizes=\"(max-width: 950px) 100vw, 950px\" \/>[:]\n","protected":false},"excerpt":{"rendered":"<p>Vineri 15 ianuarie, de la ora 21.10, TVR 1 \u015fi TVR MOLDOVA transmit Concertul eveniment \u201cZiua Culturii Nationale \u2013 15 ianuarie 2021\u201d organizat de Ministerul Culturii \u0219i Centrul Na\u021bional de Art\u0103 Tinerimea Rom\u00e2n\u0103 la Ateneul Rom\u00e2n. Orchestra Rom\u00e2n\u0103 de Tineret \u015fi dirijorul Cristian Mandeal au preg\u0103tit un repertoriu divers cu lucr\u0103ri semnate de George Enescu,&#8230;<\/p>\n","protected":false},"author":1,"featured_media":2264,"comment_status":"closed","ping_status":"closed","sticky":false,"template":"","format":"standard","meta":{"_kad_post_transparent":"","_kad_post_title":"","_kad_post_layout":"","_kad_post_sidebar_id":"","_kad_post_content_style":"","_kad_post_vertical_padding":"","_kad_post_feature":"","_kad_post_feature_position":"","_kad_post_header":false,"_kad_post_footer":false,"_kad_post_classname":"","footnotes":""},"categories":[4],"tags":[],"class_list":["post-2263","post","type-post","status-publish","format-standard","has-post-thumbnail","hentry","category-concerte-ro"],"_links":{"self":[{"href":"https:\/\/tinerimearomana.ro\/orchestra-romana-tineret\/wp-json\/wp\/v2\/posts\/2263"}],"collection":[{"href":"https:\/\/tinerimearomana.ro\/orchestra-romana-tineret\/wp-json\/wp\/v2\/posts"}],"about":[{"href":"https:\/\/tinerimearomana.ro\/orchestra-romana-tineret\/wp-json\/wp\/v2\/types\/post"}],"author":[{"embeddable":true,"href":"https:\/\/tinerimearomana.ro\/orchestra-romana-tineret\/wp-json\/wp\/v2\/users\/1"}],"replies":[{"embeddable":true,"href":"https:\/\/tinerimearomana.ro\/orchestra-romana-tineret\/wp-json\/wp\/v2\/comments?post=2263"}],"version-history":[{"count":3,"href":"https:\/\/tinerimearomana.ro\/orchestra-romana-tineret\/wp-json\/wp\/v2\/posts\/2263\/revisions"}],"predecessor-version":[{"id":2530,"href":"https:\/\/tinerimearomana.ro\/orchestra-romana-tineret\/wp-json\/wp\/v2\/posts\/2263\/revisions\/2530"}],"wp:featuredmedia":[{"embeddable":true,"href":"https:\/\/tinerimearomana.ro\/orchestra-romana-tineret\/wp-json\/wp\/v2\/media\/2264"}],"wp:attachment":[{"href":"https:\/\/tinerimearomana.ro\/orchestra-romana-tineret\/wp-json\/wp\/v2\/media?parent=2263"}],"wp:term":[{"taxonomy":"category","embeddable":true,"href":"https:\/\/tinerimearomana.ro\/orchestra-romana-tineret\/wp-json\/wp\/v2\/categories?post=2263"},{"taxonomy":"post_tag","embeddable":true,"href":"https:\/\/tinerimearomana.ro\/orchestra-romana-tineret\/wp-json\/wp\/v2\/tags?post=2263"}],"curies":[{"name":"wp","href":"https:\/\/api.w.org\/{rel}","templated":true}]}}