{"id":2256,"date":"2020-12-11T11:48:19","date_gmt":"2020-12-11T11:48:19","guid":{"rendered":"http:\/\/tinerimearomana.ro\/orchestra-romana-tineret\/?p=2256"},"modified":"2023-03-18T09:24:51","modified_gmt":"2023-03-18T09:24:51","slug":"concert-live-extraordinar-beethoven-mozart-cu-orchestra-romana-de-tineret-si-dirijorul-cristian-macelaru","status":"publish","type":"post","link":"https:\/\/tinerimearomana.ro\/orchestra-romana-tineret\/concert-live-extraordinar-beethoven-mozart-cu-orchestra-romana-de-tineret-si-dirijorul-cristian-macelaru\/","title":{"rendered":"CONCERT LIVE EXTRAORDINAR BEETHOVEN-MOZART CU ORCHESTRA ROMANA DE TINERET SI DIRIJORUL CRISTIAN MACELARU"},"content":{"rendered":"<p><strong>Duminic\u0103, 13 decembrie, de la ora 19:00, dirijorul Cristian M\u0103celaru<\/strong> va conduce <strong>Orchestra Rom\u00e2n\u0103 de Tineret,<\/strong> \u00een concertul ce va putea fi ascultat \u00een direct de la Ateneul Rom\u00e2n pe pagina de facebook a <strong>Centrului Na\u0163ional de Art\u0103 Tinerimea Rom\u00e2n\u0103<\/strong> la adresa <a href=\"https:\/\/www.facebook.com\/CentrulNationalTinerimeaRomana\">https:\/\/www.facebook.com\/CentrulNationalTinerimeaRomana<\/a><\/p>\n<p>Solistul concertului organizat \u00een parteneriat de Centrul Na\u021bional de Art\u0103 Tinerimea Rom\u00e2n\u0103 \u015fi Filarmonica \u201cGeorge Enescu\u201d este <strong>pianistul Simon TRP\u010cESKI<\/strong> \u015fi va avea \u00een program Concertul nr. 5 pentru pian si orchestra in Mi bemol major, op. 73, \u201eImperialul\u201d de Ludwig van Beethoven \u015fi Simfonia nr. 41 \u201eJupiter\u201d, KV 551 de Wolfgang Amadeus Mozart.<\/p>\n<p><strong>Dirijorul Cristian M\u0103celaru<\/strong> revine \u015fi anul acesta al\u0103turi de Orchestrele Na\u0163ionale de Tineret ale Rom\u00e2niei, cu care colaboreaz\u0103 de mai mul\u0163i ani. Aflat deja \u00een al doilea an de c\u00e2nd este dirijor sef al WDR Sinfonieorchester \u015fi Orchestre National de France. Aflat \u00een al doilea an de c\u00e2nd este dirijor \u0219ef WDR Sinfonieorchester Koln, Cristian M\u0103celaru este unul dintre cei mai cunoscu\u0163i \u015fefi de orchestr\u0103 \u00een ascensiune din lume. Numit director muzical al Orchestre National de France din Paris, una dintre cele mai importante orchestra din Europa, \u00eencep\u00e2nd cu septembrie 2021, \u015fi-a \u00eenceput activitatea \u00een aceast\u0103 postur\u0103 cu un an mai devreme, adic\u0103 din septembrie 2020. La \u00eenceputul anului 2020, Cristian M\u0103celaru a fost distins cu premiul GRAMMY\u00ae pentru dirijat cu \u00eenregistrarea f\u0103cut\u0103 pentru Decca Classics cu Concertul pentru vioar\u0103 de Wynton Marsalis cu Nicola Benedetti \u015fi Philadelphia Orchestra. Din vara anului 2020, Cristian M\u0103celaru este director artistic \u015fi dirijor principal al World Youth Symphony Orchestra la Interlochen Center for the Arts. Tot \u00een 2020, Cristian M\u0103celaru a intrat \u00een al patrulea sezon de director artistic \u015fi dirijor al Cabrillo Festival of Contemporary Music, cel mai important festival dedicat repertoriului simfonic contemporan la nivel mondial.<\/p>\n<p>\u00cen biografia artistic\u0103 a pianistului Simon Trp\u010deski putem vedea o ampl\u0103 experien\u0163\u0103 concertistic\u0103 al\u0103turi de orchestre precum Concertgebouworkest, Russian National Orchestra, WDR Sinfonieorchester, Orchestre National de France, New York Philharmonic, China Philharmonic \u015fi Sydney Symphony Orchestras. Simon Trp\u010deski Sus\u0163ine \u00een mod regulat recitaluri solo \u00een ora\u015fe precum New York, Paris, Munchen, Praga, S\u00e3o Paulo, Sydney, Beijing, Tokyo sau Londra, unde a fost recent Artist in Residence la Wigmore Hall. Cu sus\u0163inerea KulturOp \u2013 Macedonia, Trp\u010deski lucreaz\u0103 regulat cu tineri muzicieni din Macedonia pentru a cultiva noua genera\u0163ie de arti\u015fti a \u0163\u0103rii. N\u0103scut \u00een Macedonia, Trp\u010deski a studiat cu Boris Romanov, a fost BBC New Generation Artist \u015fi a primit Royal Philharmonic Society Young Artist Award in 2003.<\/p>\n<p>Organizator: <strong>Centrul Na\u021bional de Art\u0103 \u201eTinerimea Rom\u00e2n\u0103&#8221;<\/strong><\/p>\n<p>Partener principal : <strong>Filarmonica \u201eGeorge Enescu\u201d<\/strong><\/p>\n<p><img decoding=\"async\" class=\"aligncenter size-full wp-image-2257\" src=\"http:\/\/tinerimearomana.ro\/orchestra-romana-tineret\/wp-content\/uploads\/sites\/4\/2020\/12\/Concert_13decembrie_ORT-Macelaru-web.jpg\" alt=\"\" width=\"100%\" height=\"auto\" srcset=\"https:\/\/tinerimearomana.ro\/orchestra-romana-tineret\/wp-content\/uploads\/sites\/4\/2020\/12\/Concert_13decembrie_ORT-Macelaru-web.jpg 724w, https:\/\/tinerimearomana.ro\/orchestra-romana-tineret\/wp-content\/uploads\/sites\/4\/2020\/12\/Concert_13decembrie_ORT-Macelaru-web-212x300.jpg 212w\" sizes=\"(max-width: 724px) 100vw, 724px\" \/>[:]\n","protected":false},"excerpt":{"rendered":"<p>Duminic\u0103, 13 decembrie, de la ora 19:00, dirijorul Cristian M\u0103celaru va conduce Orchestra Rom\u00e2n\u0103 de Tineret, \u00een concertul ce va putea fi ascultat \u00een direct de la Ateneul Rom\u00e2n pe pagina de facebook a Centrului Na\u0163ional de Art\u0103 Tinerimea Rom\u00e2n\u0103 la adresa https:\/\/www.facebook.com\/CentrulNationalTinerimeaRomana Solistul concertului organizat \u00een parteneriat de Centrul Na\u021bional de Art\u0103 Tinerimea Rom\u00e2n\u0103&#8230;<\/p>\n","protected":false},"author":1,"featured_media":2257,"comment_status":"closed","ping_status":"closed","sticky":false,"template":"","format":"standard","meta":{"_kad_post_transparent":"","_kad_post_title":"","_kad_post_layout":"","_kad_post_sidebar_id":"","_kad_post_content_style":"","_kad_post_vertical_padding":"","_kad_post_feature":"","_kad_post_feature_position":"","_kad_post_header":false,"_kad_post_footer":false,"_kad_post_classname":"","footnotes":""},"categories":[4],"tags":[],"class_list":["post-2256","post","type-post","status-publish","format-standard","has-post-thumbnail","hentry","category-concerte-ro"],"_links":{"self":[{"href":"https:\/\/tinerimearomana.ro\/orchestra-romana-tineret\/wp-json\/wp\/v2\/posts\/2256"}],"collection":[{"href":"https:\/\/tinerimearomana.ro\/orchestra-romana-tineret\/wp-json\/wp\/v2\/posts"}],"about":[{"href":"https:\/\/tinerimearomana.ro\/orchestra-romana-tineret\/wp-json\/wp\/v2\/types\/post"}],"author":[{"embeddable":true,"href":"https:\/\/tinerimearomana.ro\/orchestra-romana-tineret\/wp-json\/wp\/v2\/users\/1"}],"replies":[{"embeddable":true,"href":"https:\/\/tinerimearomana.ro\/orchestra-romana-tineret\/wp-json\/wp\/v2\/comments?post=2256"}],"version-history":[{"count":6,"href":"https:\/\/tinerimearomana.ro\/orchestra-romana-tineret\/wp-json\/wp\/v2\/posts\/2256\/revisions"}],"predecessor-version":[{"id":2534,"href":"https:\/\/tinerimearomana.ro\/orchestra-romana-tineret\/wp-json\/wp\/v2\/posts\/2256\/revisions\/2534"}],"wp:featuredmedia":[{"embeddable":true,"href":"https:\/\/tinerimearomana.ro\/orchestra-romana-tineret\/wp-json\/wp\/v2\/media\/2257"}],"wp:attachment":[{"href":"https:\/\/tinerimearomana.ro\/orchestra-romana-tineret\/wp-json\/wp\/v2\/media?parent=2256"}],"wp:term":[{"taxonomy":"category","embeddable":true,"href":"https:\/\/tinerimearomana.ro\/orchestra-romana-tineret\/wp-json\/wp\/v2\/categories?post=2256"},{"taxonomy":"post_tag","embeddable":true,"href":"https:\/\/tinerimearomana.ro\/orchestra-romana-tineret\/wp-json\/wp\/v2\/tags?post=2256"}],"curies":[{"name":"wp","href":"https:\/\/api.w.org\/{rel}","templated":true}]}}