{"id":2251,"date":"2020-12-04T08:38:04","date_gmt":"2020-12-04T08:38:04","guid":{"rendered":"http:\/\/tinerimearomana.ro\/orchestra-romana-tineret\/?p=2251"},"modified":"2023-03-18T09:24:51","modified_gmt":"2023-03-18T09:24:51","slug":"gala-aniversara-ruxandra-donose-30-cu-orchestra-romana-de-tineret","status":"publish","type":"post","link":"https:\/\/tinerimearomana.ro\/orchestra-romana-tineret\/gala-aniversara-ruxandra-donose-30-cu-orchestra-romana-de-tineret\/","title":{"rendered":"Gala aniversar\u0103 Ruxandra Donose &#8211; 30 cu Orchestra Rom\u00e2n\u0103 de Tineret"},"content":{"rendered":"<p><strong>Gala aniversar\u0103 Ruxandra Donose &#8211; 30 cu Orchestra Rom\u00e2n\u0103 de Tineret online de la Ateneul Rom\u00e2n &#8211; 5 decembrie 2020 ora 19:00<\/strong><\/p>\n<p><strong>S\u00e2mb\u0103t\u0103, 5 decembrie, de la ora 19:00, Gala aniversar\u0103 Ruxandra Donose \u2013 30<\/strong>, care o prezint\u0103 pe celebra mezzo-sopran\u0103 rom\u00e2n\u0103 acompaniat\u0103 de <strong>Orchestra Rom\u00e2n\u0103 de Tineret<\/strong>, dirijor <strong>David Crescenzi<\/strong>, va putea fi ascultat\u0103 \u00een direct de la Ateneul Rom\u00e2n pe paginile de facebook ale Centrului Na\u0163ional de Art\u0103 Tinerimea Rom\u00e2n\u0103 \u015fi ale Filarmonicii \u00ab George Enescu\u00bb la adresele:<\/p>\n<p><a href=\"https:\/\/www.facebook.com\/CentrulNationalTinerimeaRomana\">https:\/\/www.facebook.com\/CentrulNationalTinerimeaRomana<\/a><\/p>\n<p><a href=\"https:\/\/www.facebook.com\/filarmonica.george.enescu\/.\">https:\/\/www.facebook.com\/filarmonica.george.enescu\/.<\/a><\/p>\n<p>Concertul va avea \u00een program lucr\u0103ri de G. Rossini, A. Vivaldi, Ch. W. Gluck, G. Rossini, G. Donizetti, P. Mascagni, F. Cilea, G. Rossini, C. Saint-Saens, G. Faur\u00e9, G. Bizet, A. Lara, publicul av\u00e2nd ocazia s\u0103 asculte \u00een interpretarea marii noastre artiste arii binecunoscute din repertoriul liric, dintre care nu vor lipsi Aria \u201cChe faro senza Euridice\u201d din opera Orfeo e Euridice de Gluck, Aria \u201cMon coeur s\u2019ouvre \u00e0 ta voix\u201d din opera Samson \u0219i Dalila de Saint-Saens sau celebrele Seguidilla \u015fi Habanera din opera Carmen de Bizet.<\/p>\n<p>\u00cenaintea concertului, <strong>Ruxandra Donose<\/strong> declara : <em>\u201cFaptul c\u0103 aceast\u0103 gal\u0103 aniversar\u0103 se va transmite online live de la Ateneul Rom\u00e2n pe 5 decembrie 2020, din p\u0103cate chiar \u0219i f\u0103r\u0103 public, dar al\u0103turi de Orchestra Rom\u00e2n\u0103 de Tineret, \u00eel v\u0103d ca pe un semn de \u00eencredere \u00een ceea ce va urma, \u00een faptul c\u0103, s\u0103rb\u0103torind 30 de ani de carier\u0103 interna\u0163ional\u0103 \u00eempreun\u0103 cu tineri muzicieni, alc\u0103tuim un arc peste timp, un arc de muzic\u0103, emo\u0163ie \u015fi speran\u0163\u0103, \u00eent\u00e2lnindu-ne pe scen\u0103, \u201cpe viu\u201d \u00een aceste timpuri dificile. Urez La mul\u0163i ani cu s\u0103n\u0103tate tuturor \u00een acest decembrie cu totul atipic \u015fi sper s\u0103 revin \u00een 2021 pe c\u00e2t mai multe scene din Rom\u00e2nia cu acest program aniversar.\u201d<\/em><\/p>\n<p>Avem \u0219ansa de a fi contemporani cu mezzo-soprana Ruxandra Donose, o artist\u0103 aflat\u0103 la apogeul unei str\u0103lucitoare cariere interna\u021bionale, \u00eentr-un moment de gra\u021bie artistic\u0103 \u00een care ne poate d\u0103rui interpret\u0103ri unice, de referin\u021b\u0103, ale unui minunat repertoriu universal \u015fi rom\u00e2nesc, cu surprinz\u0103toare extensii stilistice. Avem \u0219ansa \u00eent\u00e2lnirii cu o artist\u0103 care are dorin\u021ba de a ne d\u0103rui ast\u0103zi, \u00een plin\u0103 putere a expresiei artistice, preaplinul unei experien\u021be de 30 de ani de prezen\u021be continue pe cele mai mari scene ale teatrelor lirice din toat\u0103 lumea. Avem \u0219ansa de a s\u0103rb\u0103tori, prin persoana mezzo-sopranei Ruxandra Donose, o valoare na\u021bional\u0103 pe scenele din Rom\u00e2nia, pentru \u00eemplinirea a 30 de ani de carier\u0103 interna\u0163ional\u0103.<\/p>\n<p>Gala aniversar\u0103 Ruxandra Donose \u2013 30 a mai fost prezentat\u0103 \u00een aer liber \u00een septembrie la Sibiu, \u00een colaborare cu Filarmonica de Stat din Sibiu \u015fi la Ia\u015fi \u00een colaborare cu Opera Na\u0163ional\u0103 din Ia\u015fi, urm\u00e2nd a fi prezentat\u0103 \u00een 2021 \u00een mai multe ora\u015fe din Rom\u00e2nia<\/p>\n<p>Organizator: Centrul Na\u021bional de Art\u0103 \u201eTinerimea Rom\u00e2n\u0103&#8221;<\/p>\n<p>Partener principal : Filarmonica \u201eGeorge Enescu\u201d<\/p>\n<p>Cu sprijinul : Pro Contemporania, JTI, Vimetco<\/p>\n<p>Parteneri media: Radio Rom\u00e2nia Cultural, Radio Rom\u00e2nia Muzical, Rom\u00e2nia TV, Mediatrust, Liternet, Q Magazine.<\/p>\n<div class=\"entry-content-asset videofit\"><iframe title=\"Ruxandra Donose - 30 de ani de carier\u0103 interna\u021bional\u0103\" width=\"720\" height=\"405\" src=\"https:\/\/www.youtube.com\/embed\/xfRj0a9QZ3A?feature=oembed\" frameborder=\"0\" allow=\"accelerometer; autoplay; clipboard-write; encrypted-media; gyroscope; picture-in-picture\" allowfullscreen><\/iframe><\/div>\n<p><img decoding=\"async\" class=\"aligncenter size-full wp-image-2252\" src=\"http:\/\/tinerimearomana.ro\/orchestra-romana-tineret\/wp-content\/uploads\/sites\/4\/2020\/12\/Ruxandra-Donose_web2-dec2020.jpg\" alt=\"\" width=\"100%\" height=\"auto\" srcset=\"https:\/\/tinerimearomana.ro\/orchestra-romana-tineret\/wp-content\/uploads\/sites\/4\/2020\/12\/Ruxandra-Donose_web2-dec2020.jpg 800w, https:\/\/tinerimearomana.ro\/orchestra-romana-tineret\/wp-content\/uploads\/sites\/4\/2020\/12\/Ruxandra-Donose_web2-dec2020-212x300.jpg 212w, https:\/\/tinerimearomana.ro\/orchestra-romana-tineret\/wp-content\/uploads\/sites\/4\/2020\/12\/Ruxandra-Donose_web2-dec2020-724x1024.jpg 724w, https:\/\/tinerimearomana.ro\/orchestra-romana-tineret\/wp-content\/uploads\/sites\/4\/2020\/12\/Ruxandra-Donose_web2-dec2020-768x1086.jpg 768w\" sizes=\"(max-width: 800px) 100vw, 800px\" \/>[:]\n","protected":false},"excerpt":{"rendered":"<p>Gala aniversar\u0103 Ruxandra Donose &#8211; 30 cu Orchestra Rom\u00e2n\u0103 de Tineret online de la Ateneul Rom\u00e2n &#8211; 5 decembrie 2020 ora 19:00 S\u00e2mb\u0103t\u0103, 5 decembrie, de la ora 19:00, Gala aniversar\u0103 Ruxandra Donose \u2013 30, care o prezint\u0103 pe celebra mezzo-sopran\u0103 rom\u00e2n\u0103 acompaniat\u0103 de Orchestra Rom\u00e2n\u0103 de Tineret, dirijor David Crescenzi, va putea fi ascultat\u0103&#8230;<\/p>\n","protected":false},"author":1,"featured_media":2252,"comment_status":"closed","ping_status":"closed","sticky":false,"template":"","format":"standard","meta":{"_kad_post_transparent":"","_kad_post_title":"","_kad_post_layout":"","_kad_post_sidebar_id":"","_kad_post_content_style":"","_kad_post_vertical_padding":"","_kad_post_feature":"","_kad_post_feature_position":"","_kad_post_header":false,"_kad_post_footer":false,"_kad_post_classname":"","footnotes":""},"categories":[4],"tags":[],"class_list":["post-2251","post","type-post","status-publish","format-standard","has-post-thumbnail","hentry","category-concerte-ro"],"_links":{"self":[{"href":"https:\/\/tinerimearomana.ro\/orchestra-romana-tineret\/wp-json\/wp\/v2\/posts\/2251"}],"collection":[{"href":"https:\/\/tinerimearomana.ro\/orchestra-romana-tineret\/wp-json\/wp\/v2\/posts"}],"about":[{"href":"https:\/\/tinerimearomana.ro\/orchestra-romana-tineret\/wp-json\/wp\/v2\/types\/post"}],"author":[{"embeddable":true,"href":"https:\/\/tinerimearomana.ro\/orchestra-romana-tineret\/wp-json\/wp\/v2\/users\/1"}],"replies":[{"embeddable":true,"href":"https:\/\/tinerimearomana.ro\/orchestra-romana-tineret\/wp-json\/wp\/v2\/comments?post=2251"}],"version-history":[{"count":4,"href":"https:\/\/tinerimearomana.ro\/orchestra-romana-tineret\/wp-json\/wp\/v2\/posts\/2251\/revisions"}],"predecessor-version":[{"id":2533,"href":"https:\/\/tinerimearomana.ro\/orchestra-romana-tineret\/wp-json\/wp\/v2\/posts\/2251\/revisions\/2533"}],"wp:featuredmedia":[{"embeddable":true,"href":"https:\/\/tinerimearomana.ro\/orchestra-romana-tineret\/wp-json\/wp\/v2\/media\/2252"}],"wp:attachment":[{"href":"https:\/\/tinerimearomana.ro\/orchestra-romana-tineret\/wp-json\/wp\/v2\/media?parent=2251"}],"wp:term":[{"taxonomy":"category","embeddable":true,"href":"https:\/\/tinerimearomana.ro\/orchestra-romana-tineret\/wp-json\/wp\/v2\/categories?post=2251"},{"taxonomy":"post_tag","embeddable":true,"href":"https:\/\/tinerimearomana.ro\/orchestra-romana-tineret\/wp-json\/wp\/v2\/tags?post=2251"}],"curies":[{"name":"wp","href":"https:\/\/api.w.org\/{rel}","templated":true}]}}