{"id":2248,"date":"2020-12-01T17:18:53","date_gmt":"2020-12-01T17:18:53","guid":{"rendered":"http:\/\/tinerimearomana.ro\/orchestra-romana-tineret\/?p=2248"},"modified":"2023-03-18T09:24:51","modified_gmt":"2023-03-18T09:24:51","slug":"valori-europene-romania-germania-orchestrele-nationale-de-tineret","status":"publish","type":"post","link":"https:\/\/tinerimearomana.ro\/orchestra-romana-tineret\/valori-europene-romania-germania-orchestrele-nationale-de-tineret\/","title":{"rendered":"Valori europene Rom\u00e2nia  &#8211; Germania. Orchestrele Na\u0163ionale de Tineret"},"content":{"rendered":"<p>&nbsp;<\/p>\n<p style=\"font-weight: 400; text-align: center;\"><strong><em>Valori europene Rom\u00e2nia\u00a0\u00a0&#8211; Germania. Orchestrele Na\u0163ionale de Tineret\u00a0<\/em><\/strong><strong>\u2013 un film original difuzat\u00a0\u00een premier\u0103\u00a0online\u00a0pe 2 decembrie\u00a02020,\u00a0ora\u00a019<\/strong><strong>:00<\/strong><\/p>\n<p style=\"font-weight: 400;\">\u00a0\u00a0\u00a0\u00a0\u00a0\u00a0\u00a0\u00a0\u00a0\u00a0\u00a0\u00a0<strong><em>Valori europene Rom\u00e2nia\u00a0\u00a0&#8211; Germania. Orchestrele Na\u0163ionale de Tineret<\/em><\/strong>\u00a0\u2013 este titlul filmului original ce va fi\u00a0difuzat\u00a0online\u00a0pe\u00a0<strong>2 decembrie\u00a02020,\u00a0ora\u00a019:00<\/strong>\u00a0la adresa\u00a0<a href=\"https:\/\/www.facebook.com\/CentrulNationalTinerimeaRomana\" data-saferedirecturl=\"https:\/\/www.google.com\/url?q=https:\/\/www.facebook.com\/CentrulNationalTinerimeaRomana&amp;source=gmail&amp;ust=1606928725425000&amp;usg=AFQjCNEGMfa0PgM2y6NevXbhf4d_dm0jxw\">https:\/\/www.facebook.com\/CentrulNationalTinerimeaRomana<\/a>.<\/p>\n<p style=\"font-weight: 400;\">\u00a0\u00a0\u00a0\u00a0\u00a0\u00a0\u00a0\u00a0\u00a0\u00a0\u00a0\u00a0Dup\u0103 difuzarea online a concertului\u00a0dedicat\u00a0Zilei\u00a0Na\u0163ionale\u00a0a Rom\u00e2niei\u00a0\u00a0\u0219i\u00a0\u00een onoarea\u00a0Pre\u015fedin\u0163iei germane a Consiliului Uniunii\u00a0Europene,\u00a0sus\u021binut de\u00a0Orchestra\u00a0Rom\u00e2n\u00e2\u00a0de Tineret,\u00a0dirijat\u0103\u00a0de\u00a0maestrul Cristian Mandeal, programat\u0103 pentru seara de\u00a030 noiembrie,\u00a0documentarul\u00a0<strong><em>Valori europene Rom\u00e2nia\u00a0\u00a0&#8211; Germania. Orchestrele Na\u0163ionale de Tineret,<\/em><\/strong> care va putea fi urm\u0103rit pe pagina de facebook\u00a0a\u00a0Centrului Na\u0163ional de Art\u0103 Tinerimea Rom\u00e2n\u0103 \u00een seara de\u00a02 decembrie,\u00a0readuce \u00een aten\u0163ie c\u00e2teva dintre momentele esen\u0163iale ale istoriei prezen\u0163elor \u00een Germania ale Orchestrelor Na\u0163ionale de Tineret ale Rom\u00e2niei\u00a0\u0219i ale Bundesjugendorchester \u00een Rom\u00e2nia.<\/p>\n<p style=\"font-weight: 400;\"><strong style=\"font-size: 14px;\">S. Cord Meier-Klodt, Ambasadorul\u00a0 Republicii Federale Germania la Bucure\u015fti <\/strong><span style=\"font-size: 14px; font-weight: 400;\">declara : \u201dAveam planuri mari, voiam s\u0103 organiz\u0103m un concert comun al Orchestrelor de Tineret ale Germaniei \u015fi Rom\u00e2niei la Bucure\u015fti cu ocazia \u00eencheierii\u00a0Pre\u015fedin\u0163iei germane a Consiliului Uniunii\u00a0Europene\u00a0\u015fi \u00een onoarea anivers\u0103rii compozitorului german, dar de fapt universal, Ludwig van Beethoven. Din p\u0103cate, criza sanitar\u0103 a perturbat \u015fi aceste planuri, dar partenerii no\u015ftri rom\u00e2ni nu au renun\u0163at. Au reu\u015fit s\u0103 organizeze un eveniment f\u0103r\u0103 participarea orchestrei federale germane, dar \u00een continuare dedicat pre\u015fedin\u0163iei noastre, lui Ludwig van Beethoven \u015fi, un mare plus, Zilei Na\u0163ionale a Rom\u00e2niei. Astfel,\u00a0avem pl\u0103cerea de a s\u0103rb\u0103tori \u00eempreun\u0103 un eveniment pu\u0163in diferit, dar nu mai pu\u0163in special,\u00a0cu\u00a0muzica lui Beethoven \u015fi cea a unor importan\u0163i compozitori rom\u00e2ni, precum\u00a0Ciprian Porumbescu sau Sabin P\u0103utza. Sunt foarte recunosc\u0103tor organizatorilor rom\u00e2ni, \u00een special domnului Marin Cazacu, pentru spiritul s\u0103u de lupt\u0103tor \u015fi cred c\u0103 este un semnal deosebit de important pentru via\u0163a noastr\u0103 cultural\u0103, emo\u0163ional\u0103 \u00een vremuri dificile, cu un mesaj simplu :\u00a0<\/span><em style=\"font-size: 14px; font-weight: 400;\">We shall overcome !<\/em><span style=\"font-size: 14px; font-weight: 400;\">\u201d<\/span><\/p>\n<p style=\"font-weight: 400;\"><strong>\u00a0E.S. Emil Hurezeanu, Ambasador al Rom\u00e2niei<\/strong><strong style=\"font-size: 14px;\">\u00a0\u00een Republica Federal\u0103 Germania<\/strong><span style=\"font-size: 14px; font-weight: 400;\">\u00a0declara : \u201eAnul trecut \u00eenso\u0163eam la Hamburg Orchestra de Tineret a Rom\u00e2niei. Sub bagheta fermecat\u0103 a marelui dirijor Cristian Mandeal \u015fi inspira\u0163i de talentul pedagogic generos al lui Marin Cazacu, tinerii no\u015ftri muzicieni au sus\u0163inut la ElbPhilarmonie un concert excep\u0163ional. Ca de obicei au fost primi\u0163i cu ova\u0163ii \u015fi cronici elogioase a\u015fa cum s-a \u00eent\u00e2mplat de fiecare dat\u0103 \u00een ultimii 6 ani, \u00een care au fost prezen\u0163i la Berlin, la Festivalul Orchestrelor Europene de Tineret, la\u00a0\u00a0Konzerthaus. Anul acesta, planurile cuprindeau alte dou\u0103 concerte, la Bucure\u015fti \u015fi Berlin dedicate deschiderii \u015fi \u00eenchiderii Pre\u015fedin\u0163iei germane\u00a0a Consiliului Uniunii\u00a0Europene, planuri care din p\u0103cate nu s-au putut finaliza, nu din cauza noastr\u0103. Astfel am ajuns aici \u015fi acum. Nu e o \u00eenfr\u00e2ngere,\u00a0ci o epopee a optimismului, a curajului, a rezilien\u0163ei\u00a0\u015fi a meritelor acestei orchestre\u00a0\u015fi a \u00eendrum\u0103torilor ei.\u201d<\/span><\/p>\n<p style=\"font-weight: 400;\"><strong>\u00a0\u00a0\u00a0\u00a0\u00a0\u00a0\u00a0\u00a0\u00a0\u00a0\u00a0\u00a0Marin Cazacu, managerul Centrului na\u0163ional de Art\u0103 \u201eTinerimea Rom\u00e2n\u0103\u201d<\/strong>\u00a0declara :\u201dPentru noi Germania a constituit un model din punctul de vedere al organiz\u0103rii orchestrelor de tineret \u015fi preg\u0103tirii acestora, iar acest model a dus la concretizarea ini\u0163iativei \u00eenfiin\u0163\u0103rii Orchestrelor Na\u0163ionale de Tineret ale Rom\u00e2niei, \u00een 2008. Totul a evoluat extraordinar \u00een acest timp, muzicienii rom\u00e2ni implica\u0163i \u00een aceste proiecte apropiindu-se tot mai mult de aceste valori europene. Ne bucur\u0103m c\u0103 ast\u0103zi cele dou\u0103 \u0163\u0103ri, prezente prin orchestrele lor de tineret \u00een turnee importante at\u00e2t \u00een Germania c\u00e2t \u015fi \u00een Rom\u00e2nia au dovedit c\u0103 talentul \u00eembinat cu munca pot crea \u00eempreun\u0103 valori comune pe are le numim valori europene.<\/p>\n<p style=\"font-weight: 400;\">Produc\u0103tor\u00a0:\u00a0\u00a0<strong>Centrul Na\u021bional de Art\u0103 \u201eTinerimea Rom\u00e2n\u0103&#8221;<\/strong><\/p>\n<p style=\"font-weight: 400;\">Cu sprijinul :<strong>\u00a0Ambasadei Germaniei la Bucure\u0219ti \u0219i a Ambasadei Rom\u00e2niei la Berlin.<\/strong><\/p>\n<p><img decoding=\"async\" class=\"aligncenter size-full wp-image-2249\" src=\"http:\/\/tinerimearomana.ro\/orchestra-romana-tineret\/wp-content\/uploads\/sites\/4\/2020\/12\/valori-europene-ROMANIA-GERMANIA_2020.jpg\" alt=\"\" width=\"100%\" height=\"auto\" srcset=\"https:\/\/tinerimearomana.ro\/orchestra-romana-tineret\/wp-content\/uploads\/sites\/4\/2020\/12\/valori-europene-ROMANIA-GERMANIA_2020.jpg 900w, https:\/\/tinerimearomana.ro\/orchestra-romana-tineret\/wp-content\/uploads\/sites\/4\/2020\/12\/valori-europene-ROMANIA-GERMANIA_2020-300x169.jpg 300w, https:\/\/tinerimearomana.ro\/orchestra-romana-tineret\/wp-content\/uploads\/sites\/4\/2020\/12\/valori-europene-ROMANIA-GERMANIA_2020-768x432.jpg 768w\" sizes=\"(max-width: 900px) 100vw, 900px\" \/>[:]\n","protected":false},"excerpt":{"rendered":"<p>&nbsp; Valori europene Rom\u00e2nia\u00a0\u00a0&#8211; Germania. Orchestrele Na\u0163ionale de Tineret\u00a0\u2013 un film original difuzat\u00a0\u00een premier\u0103\u00a0online\u00a0pe 2 decembrie\u00a02020,\u00a0ora\u00a019:00 \u00a0\u00a0\u00a0\u00a0\u00a0\u00a0\u00a0\u00a0\u00a0\u00a0\u00a0\u00a0Valori europene Rom\u00e2nia\u00a0\u00a0&#8211; Germania. Orchestrele Na\u0163ionale de Tineret\u00a0\u2013 este titlul filmului original ce va fi\u00a0difuzat\u00a0online\u00a0pe\u00a02 decembrie\u00a02020,\u00a0ora\u00a019:00\u00a0la adresa\u00a0https:\/\/www.facebook.com\/CentrulNationalTinerimeaRomana. \u00a0\u00a0\u00a0\u00a0\u00a0\u00a0\u00a0\u00a0\u00a0\u00a0\u00a0\u00a0Dup\u0103 difuzarea online a concertului\u00a0dedicat\u00a0Zilei\u00a0Na\u0163ionale\u00a0a Rom\u00e2niei\u00a0\u00a0\u0219i\u00a0\u00een onoarea\u00a0Pre\u015fedin\u0163iei germane a Consiliului Uniunii\u00a0Europene,\u00a0sus\u021binut de\u00a0Orchestra\u00a0Rom\u00e2n\u00e2\u00a0de Tineret,\u00a0dirijat\u0103\u00a0de\u00a0maestrul Cristian Mandeal, programat\u0103 pentru seara de\u00a030 noiembrie,\u00a0documentarul\u00a0Valori europene Rom\u00e2nia\u00a0\u00a0&#8211;&#8230;<\/p>\n","protected":false},"author":1,"featured_media":2249,"comment_status":"closed","ping_status":"closed","sticky":false,"template":"","format":"standard","meta":{"_kad_post_transparent":"","_kad_post_title":"","_kad_post_layout":"","_kad_post_sidebar_id":"","_kad_post_content_style":"","_kad_post_vertical_padding":"","_kad_post_feature":"","_kad_post_feature_position":"","_kad_post_header":false,"_kad_post_footer":false,"_kad_post_classname":"","footnotes":""},"categories":[4],"tags":[],"class_list":["post-2248","post","type-post","status-publish","format-standard","has-post-thumbnail","hentry","category-concerte-ro"],"_links":{"self":[{"href":"https:\/\/tinerimearomana.ro\/orchestra-romana-tineret\/wp-json\/wp\/v2\/posts\/2248"}],"collection":[{"href":"https:\/\/tinerimearomana.ro\/orchestra-romana-tineret\/wp-json\/wp\/v2\/posts"}],"about":[{"href":"https:\/\/tinerimearomana.ro\/orchestra-romana-tineret\/wp-json\/wp\/v2\/types\/post"}],"author":[{"embeddable":true,"href":"https:\/\/tinerimearomana.ro\/orchestra-romana-tineret\/wp-json\/wp\/v2\/users\/1"}],"replies":[{"embeddable":true,"href":"https:\/\/tinerimearomana.ro\/orchestra-romana-tineret\/wp-json\/wp\/v2\/comments?post=2248"}],"version-history":[{"count":3,"href":"https:\/\/tinerimearomana.ro\/orchestra-romana-tineret\/wp-json\/wp\/v2\/posts\/2248\/revisions"}],"predecessor-version":[{"id":2532,"href":"https:\/\/tinerimearomana.ro\/orchestra-romana-tineret\/wp-json\/wp\/v2\/posts\/2248\/revisions\/2532"}],"wp:featuredmedia":[{"embeddable":true,"href":"https:\/\/tinerimearomana.ro\/orchestra-romana-tineret\/wp-json\/wp\/v2\/media\/2249"}],"wp:attachment":[{"href":"https:\/\/tinerimearomana.ro\/orchestra-romana-tineret\/wp-json\/wp\/v2\/media?parent=2248"}],"wp:term":[{"taxonomy":"category","embeddable":true,"href":"https:\/\/tinerimearomana.ro\/orchestra-romana-tineret\/wp-json\/wp\/v2\/categories?post=2248"},{"taxonomy":"post_tag","embeddable":true,"href":"https:\/\/tinerimearomana.ro\/orchestra-romana-tineret\/wp-json\/wp\/v2\/tags?post=2248"}],"curies":[{"name":"wp","href":"https:\/\/api.w.org\/{rel}","templated":true}]}}