{"id":2242,"date":"2020-11-26T15:57:07","date_gmt":"2020-11-26T15:57:07","guid":{"rendered":"http:\/\/tinerimearomana.ro\/orchestra-romana-tineret\/?p=2242"},"modified":"2023-03-18T09:24:51","modified_gmt":"2023-03-18T09:24:51","slug":"orchestra-romana-de-tineret-concert-extraordinar-online-in-onoarea-presedintiei-germane-a-consiliului-uniunii-europene-si-zilei-nationale-a-romaniei","status":"publish","type":"post","link":"https:\/\/tinerimearomana.ro\/orchestra-romana-tineret\/orchestra-romana-de-tineret-concert-extraordinar-online-in-onoarea-presedintiei-germane-a-consiliului-uniunii-europene-si-zilei-nationale-a-romaniei\/","title":{"rendered":"Orchestra Rom\u00e2n\u0103 de Tineret &#8211; concert extraordinar online \u00een onoarea Pre\u015fedin\u0163iei germane a Consiliului Uniunii Europene \u015fi Zilei Na\u0163ionale a Rom\u00e2niei"},"content":{"rendered":"<p>&nbsp;<\/p>\n<p style=\"font-weight: 400;\"><strong>\u00a0 \u00a0 \u00a0 \u00a0 \u00a0 \u00a0 Orchestra Rom\u00e2n\u0103 de Tineret &#8211; concert extraordinar online \u00een onoarea <\/strong><strong>Pre\u015fedin\u0163iei germane a Consiliului Uniunii Europene \u015fi Zilei Na\u0163ionale a Rom\u00e2niei\u00a0<\/strong>&#8211;\u00a0 <strong>soli\u015fti\u00a0Alexandru\u00a0Tomescu \u015fi \u015etefan Cazacu<\/strong><\/p>\n<p style=\"font-weight: 400;\">\u00a0\u00a0\u00a0\u00a0\u00a0\u00a0\u00a0\u00a0\u00a0\u00a0\u00a0\u00a0Orchestra Rom\u00e2n\u0103 de Tineret revine \u00een aten\u0163ia publicului cu un\u00a0concert extraordinar online\u00a0ce va fi\u00a0difuzat\u00a0\u00een onoarea\u00a0Pre\u015fedin\u0163iei germane a Consiliului Uniunii\u00a0Europene\u00a0\u015fi Zilei\u00a0Na\u0163ionale\u00a0a Rom\u00e2niei.\u00a0\u00cenregistrat la Palatul Tinerimea Rom\u00e2n\u0103, concertul Orchestrei Rom\u00e2ne de Tineret,\u00a0dirijat de maestrul Cristian Mandeal, va cuprinde:\u00a0<em>Trei piese<\/em>\u00a0pentru orchestr\u0103 de coarde\u00a0de\u00a0Constantin Silvestri,\u00a0<em>Serenada Rom\u00e2n\u0103\u00a0<\/em>\u0219i\u00a0<em>Dans \u021a\u0103r\u0103nesc\u00a0<\/em>pentru violoncel \u0219i orchestr\u0103\u00a0de Constantin Dimitrescu\u00a0(solist \u015etefan Cazacu),\u00a0<em>Balada\u00a0<\/em>pentru vioar\u0103 \u0219i orchestr\u0103\u00a0de\u00a0Ciprian Porumbescu\u00a0(solist\u00a0AlexandruTomescu),\u00a0<em>Jocuri rom\u00e2ne\u0219ti<\/em>\u00a0de\u00a0Sabin\u00a0P\u0103utza\u00a0\u015fi\u00a0\u00a0<em>Simfonia\u00a0a II-a \u00een Re major<\/em>, op. 36\u00a0de\u00a0Ludwig van Beethoven.<\/p>\n<p style=\"font-weight: 400;\">\u00a0\u00a0\u00a0\u00a0\u00a0\u00a0\u00a0\u00a0\u00a0\u00a0\u00a0\u00a0Concertul, organizat de \u00a0Centrul Na\u021bional de Art\u0103 Tinerimea Rom\u00e2n\u0103,\u00a0va fi difuzat \u00een data de 30 noiembrie,\u00a0\u00eencep\u00e2nd cu ora\u00a019:00 la adresa<\/p>\n<p style=\"font-weight: 400;\"><a href=\"https:\/\/www.facebook.com\/CentrulNationalTinerimeaRomana\" data-saferedirecturl=\"https:\/\/www.google.com\/url?q=https:\/\/www.facebook.com\/CentrulNationalTinerimeaRomana&amp;source=gmail&amp;ust=1606491621466000&amp;usg=AFQjCNEgr15LWKQdENE_lh6Vlp28mYPrZg\">https:\/\/www.facebook.com\/CentrulNationalTinerimeaRomana<\/a><\/p>\n<p style=\"font-weight: 400;\">Organizator :\u00a0\u00a0<strong>Centrul Na\u021bional de Art\u0103 \u201eTinerimea Rom\u00e2n\u0103&#8221;<\/strong><\/p>\n<p style=\"font-weight: 400;\"><strong>Cu sprijinul : Ambasadei Germaniei la Bucure\u0219ti \u0219i a Ambasadei Rom\u00e2niei la Berlin.<\/strong><\/p>\n<p><img decoding=\"async\" class=\"aligncenter wp-image-2246 size-full\" src=\"http:\/\/tinerimearomana.ro\/orchestra-romana-tineret\/wp-content\/uploads\/sites\/4\/2020\/11\/ORT-concert-30nov2021-2.jpg\" alt=\"\" width=\"100%\" height=\"auto\" srcset=\"https:\/\/tinerimearomana.ro\/orchestra-romana-tineret\/wp-content\/uploads\/sites\/4\/2020\/11\/ORT-concert-30nov2021-2.jpg 800w, https:\/\/tinerimearomana.ro\/orchestra-romana-tineret\/wp-content\/uploads\/sites\/4\/2020\/11\/ORT-concert-30nov2021-2-212x300.jpg 212w, https:\/\/tinerimearomana.ro\/orchestra-romana-tineret\/wp-content\/uploads\/sites\/4\/2020\/11\/ORT-concert-30nov2021-2-723x1024.jpg 723w, https:\/\/tinerimearomana.ro\/orchestra-romana-tineret\/wp-content\/uploads\/sites\/4\/2020\/11\/ORT-concert-30nov2021-2-768x1088.jpg 768w\" sizes=\"(max-width: 800px) 100vw, 800px\" \/>[:]\n","protected":false},"excerpt":{"rendered":"<p>&nbsp; \u00a0 \u00a0 \u00a0 \u00a0 \u00a0 \u00a0 Orchestra Rom\u00e2n\u0103 de Tineret &#8211; concert extraordinar online \u00een onoarea Pre\u015fedin\u0163iei germane a Consiliului Uniunii Europene \u015fi Zilei Na\u0163ionale a Rom\u00e2niei\u00a0&#8211;\u00a0 soli\u015fti\u00a0Alexandru\u00a0Tomescu \u015fi \u015etefan Cazacu \u00a0\u00a0\u00a0\u00a0\u00a0\u00a0\u00a0\u00a0\u00a0\u00a0\u00a0\u00a0Orchestra Rom\u00e2n\u0103 de Tineret revine \u00een aten\u0163ia publicului cu un\u00a0concert extraordinar online\u00a0ce va fi\u00a0difuzat\u00a0\u00een onoarea\u00a0Pre\u015fedin\u0163iei germane a Consiliului Uniunii\u00a0Europene\u00a0\u015fi Zilei\u00a0Na\u0163ionale\u00a0a Rom\u00e2niei.\u00a0\u00cenregistrat la Palatul&#8230;<\/p>\n","protected":false},"author":1,"featured_media":2246,"comment_status":"closed","ping_status":"closed","sticky":false,"template":"","format":"standard","meta":{"_kad_post_transparent":"","_kad_post_title":"","_kad_post_layout":"","_kad_post_sidebar_id":"","_kad_post_content_style":"","_kad_post_vertical_padding":"","_kad_post_feature":"","_kad_post_feature_position":"","_kad_post_header":false,"_kad_post_footer":false,"_kad_post_classname":"","footnotes":""},"categories":[4],"tags":[],"class_list":["post-2242","post","type-post","status-publish","format-standard","has-post-thumbnail","hentry","category-concerte-ro"],"_links":{"self":[{"href":"https:\/\/tinerimearomana.ro\/orchestra-romana-tineret\/wp-json\/wp\/v2\/posts\/2242"}],"collection":[{"href":"https:\/\/tinerimearomana.ro\/orchestra-romana-tineret\/wp-json\/wp\/v2\/posts"}],"about":[{"href":"https:\/\/tinerimearomana.ro\/orchestra-romana-tineret\/wp-json\/wp\/v2\/types\/post"}],"author":[{"embeddable":true,"href":"https:\/\/tinerimearomana.ro\/orchestra-romana-tineret\/wp-json\/wp\/v2\/users\/1"}],"replies":[{"embeddable":true,"href":"https:\/\/tinerimearomana.ro\/orchestra-romana-tineret\/wp-json\/wp\/v2\/comments?post=2242"}],"version-history":[{"count":4,"href":"https:\/\/tinerimearomana.ro\/orchestra-romana-tineret\/wp-json\/wp\/v2\/posts\/2242\/revisions"}],"predecessor-version":[{"id":2538,"href":"https:\/\/tinerimearomana.ro\/orchestra-romana-tineret\/wp-json\/wp\/v2\/posts\/2242\/revisions\/2538"}],"wp:featuredmedia":[{"embeddable":true,"href":"https:\/\/tinerimearomana.ro\/orchestra-romana-tineret\/wp-json\/wp\/v2\/media\/2246"}],"wp:attachment":[{"href":"https:\/\/tinerimearomana.ro\/orchestra-romana-tineret\/wp-json\/wp\/v2\/media?parent=2242"}],"wp:term":[{"taxonomy":"category","embeddable":true,"href":"https:\/\/tinerimearomana.ro\/orchestra-romana-tineret\/wp-json\/wp\/v2\/categories?post=2242"},{"taxonomy":"post_tag","embeddable":true,"href":"https:\/\/tinerimearomana.ro\/orchestra-romana-tineret\/wp-json\/wp\/v2\/tags?post=2242"}],"curies":[{"name":"wp","href":"https:\/\/api.w.org\/{rel}","templated":true}]}}