{"id":2237,"date":"2020-09-15T11:02:51","date_gmt":"2020-09-15T11:02:51","guid":{"rendered":"http:\/\/tinerimearomana.ro\/orchestra-romana-tineret\/?p=2237"},"modified":"2023-03-18T09:24:51","modified_gmt":"2023-03-18T09:24:51","slug":"turneul-national-ucmr-100-orchestra-romana-de-tineret-si-dirijorul-cristian-mandeal-in-concert-la-bucuresti-sibiu-si-timisoara","status":"publish","type":"post","link":"https:\/\/tinerimearomana.ro\/orchestra-romana-tineret\/turneul-national-ucmr-100-orchestra-romana-de-tineret-si-dirijorul-cristian-mandeal-in-concert-la-bucuresti-sibiu-si-timisoara\/","title":{"rendered":"TURNEUL NATIONAL &#8220;UCMR 100&#8221;  &#8211; ORCHESTRA ROMANA DE TINERET SI DIRIJORUL CRISTIAN MANDEAL IN CONCERT LA BUCURESTI, SIBIU SI TIMISOARA"},"content":{"rendered":"<p><span style=\"font-weight: 400;\">\u00cen toamna anului 1920, la sediul Conservatorului bucure\u015ftean, lua na\u015ftere primul organism profesional care \u00ee\u015fi propunea s\u0103 apere \u015fi s\u0103 garanteze priorit\u0103\u0163ile fundamentale ale creatorilor de muzic\u0103: Societatea Compozitorilor Rom\u00e2ni.\u00a0<\/span><\/p>\n<p><span style=\"font-weight: 400;\">100 de ani mai t\u00e2rziu, <\/span><b>Centrul Na\u021bional de Art\u0103 Tinerimea Rom\u00e2n\u0103 \u015fi Uniunea Compozitorilor \u0219i Muzicologilor din Rom\u00e2nia<\/b><span style=\"font-weight: 400;\"> propun publicului o serie de trei concerte care vor avea loc la <\/span><b>Universitatea Na\u021bional\u0103 de Muzic\u0103 Bucure\u0219ti, miercuri, 23 septembrie 2020, ora 18:00<\/b><span style=\"font-weight: 400;\">, la <\/span><b>Sala Thalia din Sibiu, joi 24 septembrie 2020, ora 19:00<\/b><span style=\"font-weight: 400;\"> \u015fi la <\/span><b>Sala Capitol din Timi\u0219oara, vineri 25 septembrie 2020, ora 19:00<\/b><span style=\"font-weight: 400;\">.<\/span><\/p>\n<p><b>Orchestra Rom\u00e2n\u0103 de Tineret<\/b><span style=\"font-weight: 400;\">, dirijat\u0103 de <\/span><b>Cristian Mandeal<\/b><span style=\"font-weight: 400;\">, va prezenta 5 lucr\u0103ri reprezentative pentru ultima jum\u0103tate de secol de muzic\u0103 rom\u00e2neasc\u0103: <\/span><b>Ulpiu Vlad<\/b><span style=\"font-weight: 400;\">: \u201c<\/span><i><span style=\"font-weight: 400;\">\u00cenmuguriri\u201d<\/span><\/i><span style=\"font-weight: 400;\"> pentru orchestr\u0103 de coarde, <\/span><b>Doina Rotaru: <\/b><span style=\"font-weight: 400;\">Concertul nr. 1 pentru flaut, orchestr\u0103 de coarde \u0219i percu\u021bie, solist <\/span><b>Matei Ioachimescu \u2013 flaut<\/b><span style=\"font-weight: 400;\">, <\/span><b>Theodor Grigoriu<\/b><span style=\"font-weight: 400;\">: <\/span><i><span style=\"font-weight: 400;\">Melodie infinit\u0103<\/span><\/i><span style=\"font-weight: 400;\"> pentru orchestr\u0103 de coarde, <\/span><b>Adrian Iorgulescu: <\/b><i><span style=\"font-weight: 400;\">Ipostaze II<\/span><\/i><span style=\"font-weight: 400;\"> \u2013 Concert pentru clarinet, orchestr\u0103 de coarde, percu\u021bie \u0219i pian, solist <\/span><b>Emil Vi\u0219enescu \u2013 clarinet<\/b><span style=\"font-weight: 400;\"> \u015fi <\/span><b>Remus Georgescu: <\/b><span style=\"font-weight: 400;\">Concert pentru orchestr\u0103 de coarde.<\/span><\/p>\n<p><span style=\"font-weight: 400;\">Orchestrele Na\u021bionale de Tineret ale Rom\u00e2niei au promovat \u00een mod constant, at\u00e2t \u00een \u021bar\u0103 c\u00e2t \u0219i pe importante scene de concert din Europa, America \u0219i Asia crea\u021bia rom\u00e2neasc\u0103, prin interpretarea lucr\u0103rilor rom\u00e2ne\u0219ti Orchestra Rom\u00e2n\u0103 de Tineret av\u00e2nd parte de ova\u021bii al\u0103turi de dirijorul Cristian Mandeal pe multe meridiane ale lumii.<\/span><\/p>\n<p><span style=\"font-weight: 400;\">Societatea Compozitorilor Rom\u00e2ni, ce va deveni \u00een timp Uniunea Compozitorilor \u0219i Muzicologilor din Rom\u00e2nia, s-a constituit la 2 noiembrie 1920. Printre semnatarii actului de na\u015ftere s-au num\u0103rat Ion Nonna Otescu, Constantin Br\u0103iloiu, Mihail Jora, Filip Laz\u0103r, Dimitrie Cuclin, Mihail Andricu, Theodor Rogalski, Gheorghe Dima, Tiberiu Brediceanu, iar George Enescu \u2013 aflat \u00een str\u0103in\u0103tate \u2013 a acceptat s\u0103 devin\u0103 pre\u015fedintele Societ\u0103\u0163ii. Programul asocia\u021biei prevedea &#8220;s\u0103 ajute dezvoltarea produc\u0163iunii muzicale rom\u00e2ne\u015fti&#8221;, s\u0103 promoveze tip\u0103rirea \u015fi interpretarea muzicii rom\u00e2ne\u0219ti, s\u0103 colecteze \u0219i s\u0103 apere drepturile de autor ale membrilor ei \u015fi, \u00een final, &#8220;s\u0103 se ocupe de orice chestiune care ar atinge muzica sau muzican\u0163ii rom\u00e2ni&#8221;.\u00a0<\/span><\/p>\n<p><span style=\"font-weight: 400;\">De-a lungul timpului, nici un autor reprezentativ nu a r\u0103mas \u00een afara uniunii, aici fiind concentrate principalele energii \u015fi for\u0163e creatoare ale \u021b\u0103rii. Patrimoniul de lucr\u0103ri de\u0163inut de UCMR este inestimabil, con\u021bin\u00e2nd toate opusurile de referin\u0163\u0103 ale muzicii rom\u00e2ne\u015fti din ultimii 100 de ani. Pre\u0219eden\u021bia Uniunii a fost asigurat\u0103 de personalit\u0103\u021bi ale culturii muzicale rom\u00e2ne\u0219ti, compozitori sau muzicologi, printre care s-au num\u0103rat George Enescu, Mihail Jora, Matei Socor, Ion Dumitrescu, Petre Br\u00e2ncu\u0219i, Nicolae C\u0103linoiu, Pascal Bentoiu, Octavian Laz\u0103r Cosma \u0219i Adrian Iorgulescu.<\/span><\/p>\n<p><span style=\"font-weight: 400;\">\u0218i \u00een actualitate UCMR \u00eendepline\u0219te un rol deosebit \u00een contextul culturii rom\u00e2ne\u0219ti contemporane, anume acela de a cataliza \u0219i motiva crea\u021bia compozitorilor \u0219i muzicologilor, prin programe de achizi\u021bii \u0219i comenzi, prin organizarea de festivaluri \u0219i concerte, prin tip\u0103rirea de reviste \u0219i consiliere profesional\u0103 pentru to\u021bi membrii s\u0103i.<\/span><\/p>\n<p><b>Organizatori : <\/b><span style=\"font-weight: 400;\">Centrul Na\u021bional de Art\u0103 Tinerimea Rom\u00e2n\u0103 \u015fi Uniunea Compozitorilor \u0219i Muzicologilor din Rom\u00e2nia<\/span><\/p>\n<p><b>Parteneri asocia\u021bi:<\/b><span style=\"font-weight: 400;\"> Universitatea Na\u021bional\u0103 de Muzic\u0103 Bucure\u0219ti, Filarmonica de stat Sibiu, \u00a0 \u00a0 \u00a0 \u00a0 \u00a0 \u00a0 \u00a0 \u00a0 \u00a0 \u00a0 \u00a0 \u00a0 \u00a0 \u00a0 \u00a0 \u00a0 Filarmonica \u201cBanatul\u201d<\/span> <span style=\"font-weight: 400;\">Timi\u0219oara<\/span><\/p>\n<p><b>Parteneri media: <\/b><span style=\"font-weight: 400;\">Radio Rom\u00e2nia Cultural, Radio Rom\u00e2nia Muzical, Mi\u0219carea de rezisten\u021b\u0103, Rom\u00e2nia TV, Observatorul Cultural, MediaTrust, Q Magazine<\/span><\/p>\n<p><b>Parteneri media: <\/b><span style=\"font-weight: 400;\">Radio Rom\u00e2nia Cultural \u015fi Radio Rom\u00e2nia Muzical, Rom\u00e2nia TV,\u00a0Mediatrust,\u00a0Observator Cultural, Liternet, Agen\u0163ia de carte, Q Magazine, Mi\u015fcarea de rezisten\u0163\u0103.<\/span><\/p>\n<p><img decoding=\"async\" class=\"aligncenter size-full wp-image-2239\" src=\"http:\/\/tinerimearomana.ro\/orchestra-romana-tineret\/wp-content\/uploads\/sites\/4\/2020\/09\/AFIS-TURNEU-UCMR-100-2020_WEB2.jpg\" alt=\"\" width=\"100%\" height=\"auto\" srcset=\"https:\/\/tinerimearomana.ro\/orchestra-romana-tineret\/wp-content\/uploads\/sites\/4\/2020\/09\/AFIS-TURNEU-UCMR-100-2020_WEB2.jpg 800w, https:\/\/tinerimearomana.ro\/orchestra-romana-tineret\/wp-content\/uploads\/sites\/4\/2020\/09\/AFIS-TURNEU-UCMR-100-2020_WEB2-213x300.jpg 213w, https:\/\/tinerimearomana.ro\/orchestra-romana-tineret\/wp-content\/uploads\/sites\/4\/2020\/09\/AFIS-TURNEU-UCMR-100-2020_WEB2-727x1024.jpg 727w, https:\/\/tinerimearomana.ro\/orchestra-romana-tineret\/wp-content\/uploads\/sites\/4\/2020\/09\/AFIS-TURNEU-UCMR-100-2020_WEB2-768x1082.jpg 768w\" sizes=\"(max-width: 800px) 100vw, 800px\" \/>[:]\n","protected":false},"excerpt":{"rendered":"<p>\u00cen toamna anului 1920, la sediul Conservatorului bucure\u015ftean, lua na\u015ftere primul organism profesional care \u00ee\u015fi propunea s\u0103 apere \u015fi s\u0103 garanteze priorit\u0103\u0163ile fundamentale ale creatorilor de muzic\u0103: Societatea Compozitorilor Rom\u00e2ni.\u00a0 100 de ani mai t\u00e2rziu, Centrul Na\u021bional de Art\u0103 Tinerimea Rom\u00e2n\u0103 \u015fi Uniunea Compozitorilor \u0219i Muzicologilor din Rom\u00e2nia propun publicului o serie de trei concerte&#8230;<\/p>\n","protected":false},"author":1,"featured_media":2239,"comment_status":"closed","ping_status":"closed","sticky":false,"template":"","format":"standard","meta":{"_kad_post_transparent":"","_kad_post_title":"","_kad_post_layout":"","_kad_post_sidebar_id":"","_kad_post_content_style":"","_kad_post_vertical_padding":"","_kad_post_feature":"","_kad_post_feature_position":"","_kad_post_header":false,"_kad_post_footer":false,"_kad_post_classname":"","footnotes":""},"categories":[4],"tags":[],"class_list":["post-2237","post","type-post","status-publish","format-standard","has-post-thumbnail","hentry","category-concerte-ro"],"_links":{"self":[{"href":"https:\/\/tinerimearomana.ro\/orchestra-romana-tineret\/wp-json\/wp\/v2\/posts\/2237"}],"collection":[{"href":"https:\/\/tinerimearomana.ro\/orchestra-romana-tineret\/wp-json\/wp\/v2\/posts"}],"about":[{"href":"https:\/\/tinerimearomana.ro\/orchestra-romana-tineret\/wp-json\/wp\/v2\/types\/post"}],"author":[{"embeddable":true,"href":"https:\/\/tinerimearomana.ro\/orchestra-romana-tineret\/wp-json\/wp\/v2\/users\/1"}],"replies":[{"embeddable":true,"href":"https:\/\/tinerimearomana.ro\/orchestra-romana-tineret\/wp-json\/wp\/v2\/comments?post=2237"}],"version-history":[{"count":3,"href":"https:\/\/tinerimearomana.ro\/orchestra-romana-tineret\/wp-json\/wp\/v2\/posts\/2237\/revisions"}],"predecessor-version":[{"id":2537,"href":"https:\/\/tinerimearomana.ro\/orchestra-romana-tineret\/wp-json\/wp\/v2\/posts\/2237\/revisions\/2537"}],"wp:featuredmedia":[{"embeddable":true,"href":"https:\/\/tinerimearomana.ro\/orchestra-romana-tineret\/wp-json\/wp\/v2\/media\/2239"}],"wp:attachment":[{"href":"https:\/\/tinerimearomana.ro\/orchestra-romana-tineret\/wp-json\/wp\/v2\/media?parent=2237"}],"wp:term":[{"taxonomy":"category","embeddable":true,"href":"https:\/\/tinerimearomana.ro\/orchestra-romana-tineret\/wp-json\/wp\/v2\/categories?post=2237"},{"taxonomy":"post_tag","embeddable":true,"href":"https:\/\/tinerimearomana.ro\/orchestra-romana-tineret\/wp-json\/wp\/v2\/tags?post=2237"}],"curies":[{"name":"wp","href":"https:\/\/api.w.org\/{rel}","templated":true}]}}