{"id":2234,"date":"2020-04-17T18:25:51","date_gmt":"2020-04-17T18:25:51","guid":{"rendered":"http:\/\/tinerimearomana.ro\/orchestra-romana-tineret\/?p=2234"},"modified":"2023-03-18T09:23:45","modified_gmt":"2023-03-18T09:23:45","slug":"maestre-cristian-mandeal-orchestra-romana-de-tineret-va-ureaza-la-multi-ani","status":"publish","type":"post","link":"https:\/\/tinerimearomana.ro\/orchestra-romana-tineret\/maestre-cristian-mandeal-orchestra-romana-de-tineret-va-ureaza-la-multi-ani\/","title":{"rendered":"Maestre Cristian Mandeal, Orchestra Rom\u00e2n\u0103 de Tineret v\u0103 ureaz\u0103 &#8220;La mul\u021bi ani!&#8221;"},"content":{"rendered":"<p>Cristian Mandeal aniversat on line<\/p>\n<p>Pe 18 aprilie, dirijorul Cristian Mandeal va \u00eemplini 74 de ani.<\/p>\n<p>\u00cen acest context, prezen\u0163a sa online s-a intensificat, orchestre cu care a colaborat de-a lungul timpului post\u00e2nd on line \u00eenregistr\u0103ri reper realizate \u00eempreun\u0103 cu dirijorul Cristian Mandeal. Un album de referin\u0163\u0103, spre exemplu, a postat pe youtube Orchestra Hall\u00e9 Manchester cu Simfonia a 9-a \u00een re minor de Bruckner, publicat\u0103 \u00een 2009 de Hall\u00e9 Concerts Society.<\/p>\n<p><a href=\"https:\/\/youtu.be\/FY2Vk42qL6s?fbclid=IwAR3vhzQHuloPhZFZM3WFleKHkS_2HQVJ1m-bvhDP6QGZ9j91Qedawg9kmoI\" target=\"_blank\" rel=\"noopener nofollow noreferrer\" data-ft=\"{\" data-lynx-mode=\"async\" data-lynx-uri=\"https:\/\/l.facebook.com\/l.php?u=https%3A%2F%2Fyoutu.be%2FFY2Vk42qL6s%3Ffbclid%3DIwAR3vhzQHuloPhZFZM3WFleKHkS_2HQVJ1m-bvhDP6QGZ9j91Qedawg9kmoI&amp;h=AT32QC6CxTciT6IMedXm04t3UIyA6l0W-pR_EPISIjxgssL6X0ULe0CHTY0e-Gu5pRsYZG5YoXB3GoVx1y3dIshfqPnyOyiV6pgMA6dEDOdY8LDjKtyj87l4rb12cTNssnSQDwLityYzROfvvwXTySdkIU2mVUUVPhkAXLZIPJI0geDf3Ak5sG4uaxGdV1B0KybZ7WsKLcxyV_fGN9YUDu14yyu4QcQbuYKESFBkT826WPoU8g8FwGkLF1VOgDC81X4B2u5B4Be0Nact2QkvXR-7i917_1oJ56Ogow956VAs5cLA8Wac0_KcpFmWGIw1Puss06U4aP-2cqHXnzvYeXcaT5aWAMkxbQ3MmqNiW_v99EvUKDRSWqcOh6momqomhF1-QD_e40HEMjVd5UBIkC-Bxp2lFbH7HF0jUtgpgRmMvcLQ_jpWzNx0k1RDmo1oMRK7xt4W8sikrbKA_S1NRjGZv8XYl2Vp8VVeWpiz7g9JeKqexvVkUwLeExXCYguurbSV-aajNI6_qWekPnChna244zPozngxQ2dvsuJQVq071uNAm_iLLUc9Dv-tR-syOsCQqhN1B9qwRmeGzghu_BQ4gON4m-X94c2xRmMLpMXz9ykY6MXhlazgN6sjFNYXezr4RGXLT5VEyKhqyIM\">https:\/\/youtu.be\/FY2Vk42qL6s<\/a><br \/>\n<a href=\"https:\/\/l.facebook.com\/l.php?u=https%3A%2F%2Fyoutu.be%2FfI8vyZRcQm0%3Ffbclid%3DIwAR38rGk6eBu8YZDWbt_fFp658V2VmSmeTmkwMWjfXA1VXMrqambie0_Tiiw&amp;h=AT2boMhu3h0tGgAmGqvf3szRfK0YBncJv2rYpRpeSkgqdpkQLAs8xLMUoJsgT-ENJERlCJpwp-INtIpnFWAW4oGTU3VP_HrCDnaE2D06wtq5Gtn3pqaY0lL3bSNFQsJ4rEuVsOCPMr_wgSTOBP6--5WDgUfqXJAjEoDJWuNDKJszUmE-CdiQ--2DYad2V2wNS28qxqtUJSwRhad5Q_WaV-l9zxeUNM8riWV5r99vtevEEyUU9MWwQFItJcuT9f9zt_1pd26cbb9sRf759bSsDvvl2jxacBzAO6v8oCb5coIBZrK-BxxL4V5CiTmUn3iGgHUYBde4BqDKteaBeQj20AAgRq9EiEmC5EhsLAH12GV9xvyNVwfYxBv6WWL4Z9iv-f3LOVT8YZEKi8LRmwIZ7dzx3HAKg2IYP4JOlLpz2ri_eSEwC7Ao1ajdsftNNW87CUsi2tTu9NZFptODkVX8Gx_RVNECyTNyioh8CGN5YKhbYiDIJk6HwxGfylqQnbY8ZO1hHncHO8mat2VqB_hc-NwZbxF3MP_KEHSiTCQZtyqENjikedtEby6WQ7SEjNv4aB1Twbrcf1y24SkCbOTDP-EkZgxtjJ8829i_K1DoopyJ4aHULUU4txgf8P1_S-g7zUuyi58ajbAOKQlSyU0\" target=\"_blank\" rel=\"noopener nofollow noreferrer\" data-ft=\"{\" data-lynx-mode=\"async\">https:\/\/youtu.be\/fI8vyZRcQm0<\/a><br \/>\n<a href=\"https:\/\/youtu.be\/GnNeKdRfaQo?fbclid=IwAR1cdodiJXS2Bc1EiNCtsGMKYIWXPjyt8cxSiHzNYXsoelWRy4hQzxYdtDs\" target=\"_blank\" rel=\"noopener nofollow noreferrer\" data-ft=\"{\" data-lynx-mode=\"async\" data-lynx-uri=\"https:\/\/l.facebook.com\/l.php?u=https%3A%2F%2Fyoutu.be%2FGnNeKdRfaQo%3Ffbclid%3DIwAR1cdodiJXS2Bc1EiNCtsGMKYIWXPjyt8cxSiHzNYXsoelWRy4hQzxYdtDs&amp;h=AT1aGr5HAHs9RxO3T62TZa6Djg5yfRRDEaa7KvSLXwrnyGvtqoJQt38LxMiQ3N7auz-Rc34ps1XTs-IB2E3hK8zD2Ks8N_g3Sl7KQK1DOkNrz_BEjZZATE50NTNfy57Epg6DeiZH0HhQ8W-0FsmC4wKEj_RsHuf0e01m8uG23C5J-39iXUcQATh69zIqBkKrp8xh0IQB9gGd9fj1Xfcjkymotxlcqfs-GMkL8IflKo333lgj51Edo9N13ARdlFgRWnpmlruA72zpu4rZNxb8NJXixd7JHf2mjrH1yR7wBoSVlZtp4HN6QkVGDnQY0Zn3l7Er1LSOJC_h0s9TaP_y4snuv7Q37FfLK76wwWCPNVES4fhR-jS3a4dXvxMvzzqRHgNw0co3KlGlgB0-UOuHAdVsFL4VtXC30CqhcPtaTwVdKjIkGtSz3l1YZfEpeAEGcmbU4acjji4CohLBoipndOHkQisk3cQGKbKZsfjki4hqt5pswgf6vijsepRyac4IFQMoilqewQOySSFFnLXHZv8DH7QLaFJ1cnsYsXmXUTsQVXU6okG1LYxH-wFcG4cSFRuoS-YVGa--ocyKS0Mciz0MhknTGHbd5cAOjtdKgtcyLPzDdEvpPOChHbC0YopQWiFKUH5rTHxm6dGg-Nk\">https:\/\/youtu.be\/GnNeKdRfaQo<\/a><\/p>\n<p>Orchestra Rom\u00e2n\u0103 de Tineret \u00eel aniverseaz\u0103 pe Cristian Mandeal \u00een dou\u0103 maniere. Pe de o parte, a postat recent pe youtube fragmente din suita Der Rosenkavalier de Richard Strauss, live din concertul sus\u0163inut \u00een august 2019 la Ateneul Rom\u00e2n \u00een cadrul Festivalului Interna\u0163ional Vara Magic\u0103.<\/p>\n<p><a href=\"https:\/\/l.facebook.com\/l.php?u=https%3A%2F%2Fwww.youtube.com%2Fwatch%3Fv%3DGPPOgvkY8vM%26feature%3Dyoutu.be%26fbclid%3DIwAR2NOadklJfMA7q2gYzkw9A_phZXIaMyfI4W9Mc7aPu2RnPf7tv7bB6iQRU&amp;h=AT0AYP94C5oNFcGqWbiG1vtl_3YfN1nEFyjU1MAeR-F0Kzeqp4f9Q68MoiYKOSfadmc87Qe6Uvuebr2a4I8q_ElUaWK1F7Lj37GkIwIgtNJclOHLL7g5tkn53fx2zxFhGXri7BEQEFSaDz4oEWs-X1py9dAxAYuGpEsX0kyRPl7YndMomRs-60LiZ3jTL58IZoyZMijjk0rH4vv1zq910bYcJtlToBGuvVskc_shIdz_E5EoMs2CwR7LSxYxKRYXxzGFtss2qSIIKYbBo9rOXDX5-eKWukPwg20STPPx50VXrrEKnaX2hd3J0xeWuHbVCiXfPHBDKIC67o-3AEXjmVJRGTQfbVM9q2irLK1HLHA7gWIcSchFiUP1zQce2W9XutdmjUDfL9UKAvlkujsjghz1vBbX3lzFg_SrxtDz_tisQM-2eBVOxYyhVw_mhaDyKXijURkzafK_SsQCvAI7FP9DtP-LBwj6v13ssb7nQvXqz-weM4SMqkowFP4u6aLzbocnCuCETSUMl3zeiIR1F50QZ7ffKsVzK98jEAmnI7ghcMUeplFCkPIoBlt3dA6ybFz5N50w7iIzCMZonaZLnZZdVFJ0f5bL5mFIdRQ04j1BskyvaV73noDeyO69iV6oJdeykd9HQxyYk5uLQKo\" target=\"_blank\" rel=\"noopener nofollow noreferrer\" data-ft=\"{\" data-lynx-mode=\"async\">https:\/\/www.youtube.com\/watch?v=GPPOgvkY8vM&amp;feature=youtu.be<\/a><\/p>\n<p>Pe de alt\u0103 parte, muzicieni din diverse genera\u0163ii ale orchestrei au \u00eenregistrat \u201ede acas\u0103\u201d un mesaj aniversar dedicat maestrului lor, Cristian Mandeal.<\/p>\n<p><a href=\"https:\/\/l.facebook.com\/l.php?u=https%3A%2F%2Fwww.youtube.com%2Fwatch%3Fv%3D1gYo8PDhcZA%26feature%3Dyoutu.be%26fbclid%3DIwAR3zcALEyUHgDuWwNIbchFx0RxoQzmbImawuZLgsgdTd8y7Ii_l-E6dVY8g&amp;h=AT10Hr11_fhegMmEpms8RTpYdqH0Jus6gMEan5MEQ8mnBTkZRR_aPmc-J0bv7Hp35TMMkwFt-kDn-x9xhD8Gsj32LIHKlFeZVaQwAQ9VGN37iUTtWsiLX0joX5WElmK4BfLnrPoao2penkz3BBfgxjQf4iX28eI62oDKjoRCcrspHUNfUVC20U_MB2DiZs3jxDVd4i593lwCojZde7Aszja7vPxI6QyhPtH-Bq9v6Aq8XUvCrLBwfY-upI3-l1wSv3IdluxVlsjZvDb1Amchd_dTMtrnS5VvtWsV5lucm8A81IRS6dtJkLV18Xxgp0njtpeCK-z_v1OF9-pdq0j7FXnJ7LFqpbmgfY50vDR9aq49q6nY3RQScK9b74taE_1WxlEJsRj4cpNc1v_SisPB0U8uaDZK3Ug8ohBBSSaZxgDVH6_MNVsQdWJwmVGf87YaH_onLdqBb9mp_tC990NTlHBbWeGXwuzZbin3dgunN7cA3g41Cihxcq45xsTmxDQcL5W79kz65LbCbmi_OXrLTZ-5s6YFYo4N0l8udPh_Y_WSbVlrI7FhRAHKqJXttb7TDQSBbLHwUBDX_7kCQ4qS__Pg1i6mzm6YvQKUHoMo282wZ0W-vU23t7t753uEcNZ7rfsIoWAPhb_3gkJKO_c\" target=\"_blank\" rel=\"noopener nofollow noreferrer\" data-ft=\"{\" data-lynx-mode=\"async\">https:\/\/www.youtube.com\/watch?v=1gYo8PDhcZA&amp;feature=youtu.be<\/a><\/p>\n<p><strong>CRISTIAN MANDEAL<\/strong><\/p>\n<p>\u00cen cei peste 40 de ani de activitate dirijoral\u0103 ne\u00eentrerupt\u0103, Cristian Mandeal \u015fi-a exercitat profesia at\u00e2t \u00een str\u0103in\u0103tate, c\u00e2t mai ales \u00een Rom\u00e2nia.<br \/>\nA studiat la Conservatorul \u201eCiprian Porumbescu\u201d timp de 10 ani (1965 \u2013 1975) pianul principal, dirijatul (Constantin Bugeanu) \u015fi compozi\u0163ia (\u015etefan Niculescu), complet\u00e2ndu-\u015fi ulterior studiile la Berlin (Herbert von Karajan, 1980) \u015fi M\u00fcnchen (Sergiu Celibidache, 1990). A \u00eenceput prin a fi corepetitor la Opera Rom\u00e2n\u0103 Bucure\u015fti (1974 \u2013 1977), devenind apoi dirijor al Filarmonicilor din T\u00e2rgu Mure\u015f (1977 \u2013 1980), Cluj (1980 \u2013 1987) \u015fi Bucure\u015fti (1987 \u2013 2009). A fost Director Artistic al Festivalului \u015fi Concursului Interna\u0163ional \u201eGeorge Enescu\u201d, edi\u0163ia 2001 \u015fi 2003. Ca Dirijor Principal \u015fi Director General al Filarmonicii \u201eGeorge Enescu\u201d (1991 \u2013 2009) a ridicat nivelul acesteia la cote deosebit de \u00eenalte, l\u0103s\u00e2nd \u00een urm\u0103 o institu\u0163ie \u2013 etalon pentru Rom\u00e2nia. \u00cen str\u0103in\u0103tate, Cristian Mandeal a dirijat sute de concerte ca invitat a zeci de orchestre, pe 4 continente, \u00een 35 de \u0163\u0103ri \u015fi 31 de capitale. A participat la multe festivaluri interna\u0163ionale de prestigiu \u00een compania celor mai reputa\u0163i soli\u015fti ai contemporaneit\u0103\u0163ii. A fost Director Artistic al Northern Israelian Orchestra \u2013 Haifa (1999 \u2013 2002) \u015fi la Orchestra Na\u0163ional\u0103 Basc\u0103 \u2013 San Sebastian (2001 \u2013 2008), Dirijor Permanent la Orchestra Haydn din Bolzano e Trento (2000 \u2013 2003), Dirijor Oaspete Principal al Orchestrei Hall\u00e9 Manchester (2003 \u2013 2008) \u2013 primul de\u0163in\u0103tor al acestui titlu \u00een \u00eentreaga existen\u0163\u0103 de 150 de ani a acestei orchestre, al Filarmonicii din Belgrad (stagiunea 2006 \u2013 2007) \u015fi al Filarmonicii din Copenhaga (2006 \u2013 2013). Un punct de mare interes \u00een ultima perioad\u0103 de activitate a lui Cristian Mandeal \u00eel reprezint\u0103 colaborarea cu Orchestra Rom\u00e2n\u0103 de Tineret pe care o cultiv\u0103, educ\u0103 \u015fi dirijeaz\u0103 constant \u00eencep\u00e2nd din 2008.[:]\n","protected":false},"excerpt":{"rendered":"<p>Cristian Mandeal aniversat on line Pe 18 aprilie, dirijorul Cristian Mandeal va \u00eemplini 74 de ani. \u00cen acest context, prezen\u0163a sa online s-a intensificat, orchestre cu care a colaborat de-a lungul timpului post\u00e2nd on line \u00eenregistr\u0103ri reper realizate \u00eempreun\u0103 cu dirijorul Cristian Mandeal. Un album de referin\u0163\u0103, spre exemplu, a postat pe youtube Orchestra Hall\u00e9&#8230;<\/p>\n","protected":false},"author":1,"featured_media":2236,"comment_status":"closed","ping_status":"closed","sticky":false,"template":"","format":"standard","meta":{"_kad_post_transparent":"","_kad_post_title":"","_kad_post_layout":"","_kad_post_sidebar_id":"","_kad_post_content_style":"","_kad_post_vertical_padding":"","_kad_post_feature":"","_kad_post_feature_position":"","_kad_post_header":false,"_kad_post_footer":false,"_kad_post_classname":"","footnotes":""},"categories":[3],"tags":[],"class_list":["post-2234","post","type-post","status-publish","format-standard","has-post-thumbnail","hentry","category-presa-ro"],"_links":{"self":[{"href":"https:\/\/tinerimearomana.ro\/orchestra-romana-tineret\/wp-json\/wp\/v2\/posts\/2234"}],"collection":[{"href":"https:\/\/tinerimearomana.ro\/orchestra-romana-tineret\/wp-json\/wp\/v2\/posts"}],"about":[{"href":"https:\/\/tinerimearomana.ro\/orchestra-romana-tineret\/wp-json\/wp\/v2\/types\/post"}],"author":[{"embeddable":true,"href":"https:\/\/tinerimearomana.ro\/orchestra-romana-tineret\/wp-json\/wp\/v2\/users\/1"}],"replies":[{"embeddable":true,"href":"https:\/\/tinerimearomana.ro\/orchestra-romana-tineret\/wp-json\/wp\/v2\/comments?post=2234"}],"version-history":[{"count":2,"href":"https:\/\/tinerimearomana.ro\/orchestra-romana-tineret\/wp-json\/wp\/v2\/posts\/2234\/revisions"}],"predecessor-version":[{"id":2544,"href":"https:\/\/tinerimearomana.ro\/orchestra-romana-tineret\/wp-json\/wp\/v2\/posts\/2234\/revisions\/2544"}],"wp:featuredmedia":[{"embeddable":true,"href":"https:\/\/tinerimearomana.ro\/orchestra-romana-tineret\/wp-json\/wp\/v2\/media\/2236"}],"wp:attachment":[{"href":"https:\/\/tinerimearomana.ro\/orchestra-romana-tineret\/wp-json\/wp\/v2\/media?parent=2234"}],"wp:term":[{"taxonomy":"category","embeddable":true,"href":"https:\/\/tinerimearomana.ro\/orchestra-romana-tineret\/wp-json\/wp\/v2\/categories?post=2234"},{"taxonomy":"post_tag","embeddable":true,"href":"https:\/\/tinerimearomana.ro\/orchestra-romana-tineret\/wp-json\/wp\/v2\/tags?post=2234"}],"curies":[{"name":"wp","href":"https:\/\/api.w.org\/{rel}","templated":true}]}}