{"id":2201,"date":"2020-01-15T11:39:53","date_gmt":"2020-01-15T11:39:53","guid":{"rendered":"http:\/\/tinerimearomana.ro\/orchestra-romana-tineret\/?p=2201"},"modified":"2023-03-18T09:25:17","modified_gmt":"2023-03-18T09:25:17","slug":"concert-extraordinar-de-ziua-culturii-nationale-15-ianuarie-2020-la-ateneul-roman","status":"publish","type":"post","link":"https:\/\/tinerimearomana.ro\/orchestra-romana-tineret\/concert-extraordinar-de-ziua-culturii-nationale-15-ianuarie-2020-la-ateneul-roman\/","title":{"rendered":"Concert extraordinar de Ziua Culturii Na\u0163ionale, 15 ianuarie 2020, la Ateneul Rom\u00e2n"},"content":{"rendered":"<p>Concert extraordinar de Ziua Culturii Na\u0163ionale, 15 ianuarie 2020, la Ateneul Rom\u00e2n<\/p>\n<p><strong>Orchestra Rom\u00e2n\u0103 de Tineret<\/strong> dirijor Gabriel Bebe\u015felea<\/p>\n<p><strong>Orchestra Rom\u00e2n\u0103 de Tineret<\/strong> dirijat\u0103 de Gabriel Bebe\u015felea va sus\u0163ine \u00een seara de <strong>15 ianuarie<\/strong>, de la ora 19, la Ateneul Rom\u00e2n un concert extraordinar cu ocazia Zilei Culturii Na\u0163ionale concert organizat de Centrul Na\u021bional de Art\u0103 \u201eTinerimea Rom\u00e2n\u0103\u201d sub patronajul Ministerului Culturii. Programul serii va cuprinde Rogalski \u2013 Trei dansuri rom\u00e2ne\u015fti, Bela Bartok &#8211; Dansuri rom\u00e2ne\u015fti, Balada de Ciprian Porumbescu, cu Alexandru Tomescu &#8211; vioar\u0103, Dans \u0163\u0103r\u0103nesc de Constantin Dimitrescu, cu \u015etefan Cazacu \u2013 violoncel, Sabin P\u0103utza \u2013 Dans maramure\u015fean, Eugen Doga \u2013 Vals, Rapsodia I de Enescu.<\/p>\n<p>Marin Cazacu, managerul Centrului Na\u021bional de Art\u0103 \u201eTinerimea Rom\u00e2n\u0103\u201d, declara \u00eenaintea evenimentului : \u201cAcest concert deschide \u00een mod simbolic anul 2020 pentru Orchestra Rom\u00e2n\u0103 de Tineret, fiind un concert ce cuprinde cele mai cunoscute lucr\u0103ri simfonice de muzic\u0103 rom\u00e2neasc\u0103. Suntem siguri c\u0103 publicul va aprecia cu adev\u0103rat at\u00e2t muzica, c\u00e2t \u015fi interpretarea. Gabriel Bebe\u015felea este a cincea oar\u0103 al\u0103turi de Orchestra Rom\u00e2n\u0103 de Tineret iar prezen\u0163a lui sus\u0163ine faptul c\u0103 pentru noi este minunat s\u0103 fim c\u00e2t mai des al\u0103turi de tineri arti\u015fti care ne reprezint\u0103 la un nivel remarcabil pe marile scene ale lumii.\u201d<\/p>\n<p>Organizatori: Ministerul Culturii \u015fi Centrul Na\u021bional de Art\u0103 \u201eTinerimea Rom\u00e2n\u0103\u201d<\/p>\n<p>Cu sprijinul Filarmonicii \u201cGeorge Enescu\u201d<\/p>\n<p>Coproduc\u0103tori : TVR \u015fi Radio Rom\u00e2nia<\/p>\n<p>Parteneri media: Radio Rom\u00e2nia Cultural, Radio Rom\u00e2nia Muzical, Rom\u00e2nia TV, Mediatrust, Observator Cultural, Liternet, Q Magazine, Mi\u015fcarea de rezisten\u0163\u0103, M Klasika.[:]\n","protected":false},"excerpt":{"rendered":"<p>Concert extraordinar de Ziua Culturii Na\u0163ionale, 15 ianuarie 2020, la Ateneul Rom\u00e2n Orchestra Rom\u00e2n\u0103 de Tineret dirijor Gabriel Bebe\u015felea Orchestra Rom\u00e2n\u0103 de Tineret dirijat\u0103 de Gabriel Bebe\u015felea va sus\u0163ine \u00een seara de 15 ianuarie, de la ora 19, la Ateneul Rom\u00e2n un concert extraordinar cu ocazia Zilei Culturii Na\u0163ionale concert organizat de Centrul Na\u021bional de&#8230;<\/p>\n","protected":false},"author":1,"featured_media":2202,"comment_status":"closed","ping_status":"closed","sticky":false,"template":"","format":"standard","meta":{"_kad_post_transparent":"","_kad_post_title":"","_kad_post_layout":"","_kad_post_sidebar_id":"","_kad_post_content_style":"","_kad_post_vertical_padding":"","_kad_post_feature":"","_kad_post_feature_position":"","_kad_post_header":false,"_kad_post_footer":false,"_kad_post_classname":"","footnotes":""},"categories":[4],"tags":[],"class_list":["post-2201","post","type-post","status-publish","format-standard","has-post-thumbnail","hentry","category-concerte-ro"],"_links":{"self":[{"href":"https:\/\/tinerimearomana.ro\/orchestra-romana-tineret\/wp-json\/wp\/v2\/posts\/2201"}],"collection":[{"href":"https:\/\/tinerimearomana.ro\/orchestra-romana-tineret\/wp-json\/wp\/v2\/posts"}],"about":[{"href":"https:\/\/tinerimearomana.ro\/orchestra-romana-tineret\/wp-json\/wp\/v2\/types\/post"}],"author":[{"embeddable":true,"href":"https:\/\/tinerimearomana.ro\/orchestra-romana-tineret\/wp-json\/wp\/v2\/users\/1"}],"replies":[{"embeddable":true,"href":"https:\/\/tinerimearomana.ro\/orchestra-romana-tineret\/wp-json\/wp\/v2\/comments?post=2201"}],"version-history":[{"count":3,"href":"https:\/\/tinerimearomana.ro\/orchestra-romana-tineret\/wp-json\/wp\/v2\/posts\/2201\/revisions"}],"predecessor-version":[{"id":2554,"href":"https:\/\/tinerimearomana.ro\/orchestra-romana-tineret\/wp-json\/wp\/v2\/posts\/2201\/revisions\/2554"}],"wp:featuredmedia":[{"embeddable":true,"href":"https:\/\/tinerimearomana.ro\/orchestra-romana-tineret\/wp-json\/wp\/v2\/media\/2202"}],"wp:attachment":[{"href":"https:\/\/tinerimearomana.ro\/orchestra-romana-tineret\/wp-json\/wp\/v2\/media?parent=2201"}],"wp:term":[{"taxonomy":"category","embeddable":true,"href":"https:\/\/tinerimearomana.ro\/orchestra-romana-tineret\/wp-json\/wp\/v2\/categories?post=2201"},{"taxonomy":"post_tag","embeddable":true,"href":"https:\/\/tinerimearomana.ro\/orchestra-romana-tineret\/wp-json\/wp\/v2\/tags?post=2201"}],"curies":[{"name":"wp","href":"https:\/\/api.w.org\/{rel}","templated":true}]}}