{"id":2196,"date":"2020-01-10T11:10:33","date_gmt":"2020-01-10T11:10:33","guid":{"rendered":"http:\/\/tinerimearomana.ro\/orchestra-romana-tineret\/?p=2196"},"modified":"2023-03-18T09:23:45","modified_gmt":"2023-03-18T09:23:45","slug":"ovatii-de-scena-ateneului-roman-in-cadrul-concertului-iarna-magica-2019","status":"publish","type":"post","link":"https:\/\/tinerimearomana.ro\/orchestra-romana-tineret\/ovatii-de-scena-ateneului-roman-in-cadrul-concertului-iarna-magica-2019\/","title":{"rendered":"Ova\u021bii pe scena Ateneului Rom\u00e2n \u00een cadrul concertului IARNA MAGICA 2019"},"content":{"rendered":"<p>Ova\u021bii pe scena Ateneului Rom\u00e2n \u00een cadrul concertului IARNA MAGICA 2019 produs de Lanto Communication \u00een colaborare cu Centrul Na\u021bional de Art\u0103 &#8220;Tinerimea Rom\u00e2n\u0103&#8221; pentru Orchestra Rom\u00e2n\u0103 Tineret \u0219i Corul de Camer\u0103 Preludiu, dirijor Cristian Mandeal<\/p>\n<div class=\"entry-content-asset videofit\"><iframe title=\"Orchestra Romana de Tineret si Corul de Camera Preludiu, dirijor Cristian Mandeal\" width=\"720\" height=\"405\" src=\"https:\/\/www.youtube.com\/embed\/3P5-G_R5v0Q?feature=oembed\" frameborder=\"0\" allow=\"accelerometer; autoplay; clipboard-write; encrypted-media; gyroscope; picture-in-picture\" allowfullscreen><\/iframe><\/div>\n[:]\n","protected":false},"excerpt":{"rendered":"<p>Ova\u021bii pe scena Ateneului Rom\u00e2n \u00een cadrul concertului IARNA MAGICA 2019 produs de Lanto Communication \u00een colaborare cu Centrul Na\u021bional de Art\u0103 &#8220;Tinerimea Rom\u00e2n\u0103&#8221; pentru Orchestra Rom\u00e2n\u0103 Tineret \u0219i Corul de Camer\u0103 Preludiu, dirijor Cristian Mandeal [:]<\/p>\n","protected":false},"author":1,"featured_media":2197,"comment_status":"closed","ping_status":"closed","sticky":false,"template":"","format":"standard","meta":{"_kad_post_transparent":"","_kad_post_title":"","_kad_post_layout":"","_kad_post_sidebar_id":"","_kad_post_content_style":"","_kad_post_vertical_padding":"","_kad_post_feature":"","_kad_post_feature_position":"","_kad_post_header":false,"_kad_post_footer":false,"_kad_post_classname":"","footnotes":""},"categories":[3],"tags":[],"class_list":["post-2196","post","type-post","status-publish","format-standard","has-post-thumbnail","hentry","category-presa-ro"],"_links":{"self":[{"href":"https:\/\/tinerimearomana.ro\/orchestra-romana-tineret\/wp-json\/wp\/v2\/posts\/2196"}],"collection":[{"href":"https:\/\/tinerimearomana.ro\/orchestra-romana-tineret\/wp-json\/wp\/v2\/posts"}],"about":[{"href":"https:\/\/tinerimearomana.ro\/orchestra-romana-tineret\/wp-json\/wp\/v2\/types\/post"}],"author":[{"embeddable":true,"href":"https:\/\/tinerimearomana.ro\/orchestra-romana-tineret\/wp-json\/wp\/v2\/users\/1"}],"replies":[{"embeddable":true,"href":"https:\/\/tinerimearomana.ro\/orchestra-romana-tineret\/wp-json\/wp\/v2\/comments?post=2196"}],"version-history":[{"count":3,"href":"https:\/\/tinerimearomana.ro\/orchestra-romana-tineret\/wp-json\/wp\/v2\/posts\/2196\/revisions"}],"predecessor-version":[{"id":2553,"href":"https:\/\/tinerimearomana.ro\/orchestra-romana-tineret\/wp-json\/wp\/v2\/posts\/2196\/revisions\/2553"}],"wp:featuredmedia":[{"embeddable":true,"href":"https:\/\/tinerimearomana.ro\/orchestra-romana-tineret\/wp-json\/wp\/v2\/media\/2197"}],"wp:attachment":[{"href":"https:\/\/tinerimearomana.ro\/orchestra-romana-tineret\/wp-json\/wp\/v2\/media?parent=2196"}],"wp:term":[{"taxonomy":"category","embeddable":true,"href":"https:\/\/tinerimearomana.ro\/orchestra-romana-tineret\/wp-json\/wp\/v2\/categories?post=2196"},{"taxonomy":"post_tag","embeddable":true,"href":"https:\/\/tinerimearomana.ro\/orchestra-romana-tineret\/wp-json\/wp\/v2\/tags?post=2196"}],"curies":[{"name":"wp","href":"https:\/\/api.w.org\/{rel}","templated":true}]}}