{"id":2192,"date":"2020-07-31T13:24:29","date_gmt":"2020-07-31T13:24:29","guid":{"rendered":"http:\/\/tinerimearomana.ro\/orchestra-romana-tineret\/?p=2192"},"modified":"2023-03-18T09:24:51","modified_gmt":"2023-03-18T09:24:51","slug":"orchestra-romana-de-tineret-din-nou-o-prezenta-stralucitoare-la-festivalul-international-vara-magica","status":"publish","type":"post","link":"https:\/\/tinerimearomana.ro\/orchestra-romana-tineret\/orchestra-romana-de-tineret-din-nou-o-prezenta-stralucitoare-la-festivalul-international-vara-magica\/","title":{"rendered":"ORCHESTRA ROMANA DE TINERET DIN NOU O PREZENTA STRALUCITOARE LA FESTIVALUL INTERNATIONAL VARA MAGICA"},"content":{"rendered":"<p>Orchestra Rom\u00e2n\u0103 de Tineret dirijat\u0103 de Cristian Mandeal \u2013 vedeta serii de 6 august la \u201eVara Magic\u0103\u201d<br \/>\nDup\u0103 6 concerte desf\u0103\u015furate cu succes \u00een Curtea Ateneului Rom\u00e2n, Festivalul Interna\u021bional &#8220;Vara Magic\u0103&#8221; continu\u0103.<br \/>\nDup\u0103 mai bine de jum\u0103tate de an \u00een care nu a putut fi v\u0103zut\u0103 de publicul bucure\u015ftean, Orchestra Rom\u00e2n\u0103 de Tineret, dirijat\u0103 de Cristian Mandeal, solist violoncelistul \u0218tefan Cazacu va prezenta un program exclusiv Haydn, cuprinz\u00e2nd Serenada pentru orchestr\u0103 de coar<span class=\"text_exposed_show\">de, Concertul pentru violoncel \u0219i orchestr\u0103 \u00een re major \u015fi Simfonia nr. 60 \u201cIl Distratto\u201d, program ce va fi cantat cu o zi \u00eenainte pentru public de la Sinaia \u00een cadrul Festivalului Interna\u021bional &#8220;ENESCU \u0218I MUZICA LUMII&#8221; aflat la cea de a XXI-a edi\u021bie.<\/span><\/p>\n<p><span class=\"text_exposed_show\">Programul cuprinde 3 capodopere ale stilului clasic, muzica lui Haydn urm\u00e2nd s\u0103 fie cu siguran\u021b\u0103 cel mai bun companion pentru cei care vor dori s\u0103 petreac\u0103 \u00eentr-o atmosfer\u0103 elevat\u0103 o minunat\u0103 sear\u0103 de var\u0103.<br \/>\nLa toate acestea se adaug\u0103 o interpretare de marc\u0103, \u00eentr-o cheie interpretativ\u0103 cu siguran\u021b\u0103 captivant\u0103 \u0219i incitant\u0103, pe care dirijorul Cristian Mandeal a reu\u0219it s\u0103 o imprime minuna\u021bilor s\u0103i mai tineri colegi de fiecare dat\u0103.<\/span><\/p>\n<p><span class=\"text_exposed_show\">Orchestra Rom\u00e2n\u0103 de Tineret a fost de-a lungul celor 8 edi\u021bii de p\u00e2n\u0103 acum ale Festivalului Interna\u021bional VARA MAGIC\u0102, invitatul ce mai constant, av\u00e2nd un extraordinar succes de public de fiecare dat\u0103.<br \/>\nPentru prima dat\u0103 \u00een aer liber, Festivalul Interna\u021bional \u201eVara Magic\u0103\u201d invit\u0103 pentru a noua oar\u0103 consecutiv iubitorii de muzic\u0103 clasic\u0103 afla\u021bi \u00een Bucure\u0219ti \u00een aceast\u0103 var\u0103 s\u0103 vin\u0103 la seria de concerte camerale \u0219i simfonice ce se va desf\u0103\u0219ura de pe 15 iulie p\u00e2n\u0103 pe 27 august, \u00een serile de miercuri \u0219i joi, de la ora 20, \u00een Curtea Ateneului Rom\u00e2n, sub genericul \u201eAnul Beethoven la Bucure\u015fti\u201d.<\/span><\/p>\n<div class=\"text_exposed_show\">\n<p>Cresc\u00e2nd \u00een anvergur\u0103 an dup\u0103 an, Festivalul Interna\u021bional \u201eVara Magic\u0103\u201d va mai aduce \u00een s\u0103pt\u0103m\u00e2nile urm\u0103toare pe originala scen\u0103 din fa\u0163a Ateneului forma\u0163ii orchestrale printre care Orchestra Na\u0163ional\u0103 Simfonic\u0103 a Rom\u00e2niei, dirijat\u0103 de acela\u015fi Cristian Mandeal, \u00eentr-un concert f\u0103r\u0103 solist, Romanian Chamber Orchestra, dirijor Cristian M\u0103celaru, Romanian Sinfonietta Orchestra, dirijor \u015fi solist Alexander Sitkovetsky \u2013 vioar\u0103 \u015fi Kamerata Kronstadt, sub bagheta lui Cristian Oro\u0219anu \u015fi recitaluri camerale extraordinare sus\u0163inute de Octetul Regal \u015fi de Trio Georgeta Iordache \u2013 vioar\u0103, Andrei Ioni\u0163\u0103 \u2013 violoncel, Daria Tudor \u2013 pian.<\/p>\n<p>A\u0219adar, din 15 iulie p\u00e2n\u0103 pe 27 august, 7 seri orchestrale \u015fi 7 seri de muzic\u0103 de camer\u0103 de cel mai \u00eenalt nivel vor reprezenta atrac\u021biile acestui an la Festivalul Interna\u021bional \u201eVara Magic\u0103\u201d OPEN AIR, \u00een curtea Ateneului Rom\u00e2n<\/p>\n<p><img decoding=\"async\" class=\"aligncenter size-full wp-image-2193\" src=\"http:\/\/tinerimearomana.ro\/orchestra-romana-tineret\/wp-content\/uploads\/sites\/4\/2020\/07\/Afis-2020-08-06-ORT.jpg\" alt=\"\" width=\"100%\" height=\"auto\" srcset=\"https:\/\/tinerimearomana.ro\/orchestra-romana-tineret\/wp-content\/uploads\/sites\/4\/2020\/07\/Afis-2020-08-06-ORT.jpg 800w, https:\/\/tinerimearomana.ro\/orchestra-romana-tineret\/wp-content\/uploads\/sites\/4\/2020\/07\/Afis-2020-08-06-ORT-214x300.jpg 214w, https:\/\/tinerimearomana.ro\/orchestra-romana-tineret\/wp-content\/uploads\/sites\/4\/2020\/07\/Afis-2020-08-06-ORT-731x1024.jpg 731w, https:\/\/tinerimearomana.ro\/orchestra-romana-tineret\/wp-content\/uploads\/sites\/4\/2020\/07\/Afis-2020-08-06-ORT-768x1075.jpg 768w\" sizes=\"(max-width: 800px) 100vw, 800px\" \/><\/p>\n<\/div>\n[:]\n","protected":false},"excerpt":{"rendered":"<p>Orchestra Rom\u00e2n\u0103 de Tineret dirijat\u0103 de Cristian Mandeal \u2013 vedeta serii de 6 august la \u201eVara Magic\u0103\u201d Dup\u0103 6 concerte desf\u0103\u015furate cu succes \u00een Curtea Ateneului Rom\u00e2n, Festivalul Interna\u021bional &#8220;Vara Magic\u0103&#8221; continu\u0103. Dup\u0103 mai bine de jum\u0103tate de an \u00een care nu a putut fi v\u0103zut\u0103 de publicul bucure\u015ftean, Orchestra Rom\u00e2n\u0103 de Tineret, dirijat\u0103 de&#8230;<\/p>\n","protected":false},"author":1,"featured_media":2193,"comment_status":"closed","ping_status":"closed","sticky":false,"template":"","format":"standard","meta":{"_kad_post_transparent":"","_kad_post_title":"","_kad_post_layout":"","_kad_post_sidebar_id":"","_kad_post_content_style":"","_kad_post_vertical_padding":"","_kad_post_feature":"","_kad_post_feature_position":"","_kad_post_header":false,"_kad_post_footer":false,"_kad_post_classname":"","footnotes":""},"categories":[4],"tags":[],"class_list":["post-2192","post","type-post","status-publish","format-standard","has-post-thumbnail","hentry","category-concerte-ro"],"_links":{"self":[{"href":"https:\/\/tinerimearomana.ro\/orchestra-romana-tineret\/wp-json\/wp\/v2\/posts\/2192"}],"collection":[{"href":"https:\/\/tinerimearomana.ro\/orchestra-romana-tineret\/wp-json\/wp\/v2\/posts"}],"about":[{"href":"https:\/\/tinerimearomana.ro\/orchestra-romana-tineret\/wp-json\/wp\/v2\/types\/post"}],"author":[{"embeddable":true,"href":"https:\/\/tinerimearomana.ro\/orchestra-romana-tineret\/wp-json\/wp\/v2\/users\/1"}],"replies":[{"embeddable":true,"href":"https:\/\/tinerimearomana.ro\/orchestra-romana-tineret\/wp-json\/wp\/v2\/comments?post=2192"}],"version-history":[{"count":3,"href":"https:\/\/tinerimearomana.ro\/orchestra-romana-tineret\/wp-json\/wp\/v2\/posts\/2192\/revisions"}],"predecessor-version":[{"id":2543,"href":"https:\/\/tinerimearomana.ro\/orchestra-romana-tineret\/wp-json\/wp\/v2\/posts\/2192\/revisions\/2543"}],"wp:featuredmedia":[{"embeddable":true,"href":"https:\/\/tinerimearomana.ro\/orchestra-romana-tineret\/wp-json\/wp\/v2\/media\/2193"}],"wp:attachment":[{"href":"https:\/\/tinerimearomana.ro\/orchestra-romana-tineret\/wp-json\/wp\/v2\/media?parent=2192"}],"wp:term":[{"taxonomy":"category","embeddable":true,"href":"https:\/\/tinerimearomana.ro\/orchestra-romana-tineret\/wp-json\/wp\/v2\/categories?post=2192"},{"taxonomy":"post_tag","embeddable":true,"href":"https:\/\/tinerimearomana.ro\/orchestra-romana-tineret\/wp-json\/wp\/v2\/tags?post=2192"}],"curies":[{"name":"wp","href":"https:\/\/api.w.org\/{rel}","templated":true}]}}