{"id":2181,"date":"2020-07-01T15:52:53","date_gmt":"2020-07-01T15:52:53","guid":{"rendered":"http:\/\/tinerimearomana.ro\/orchestra-romana-tineret\/?p=2181"},"modified":"2023-03-18T09:25:17","modified_gmt":"2023-03-18T09:25:17","slug":"o-poveste-de-succes-istoria-orchestrelor-nationale-de-tineret-ale-romaniei-2008-2020","status":"publish","type":"post","link":"https:\/\/tinerimearomana.ro\/orchestra-romana-tineret\/o-poveste-de-succes-istoria-orchestrelor-nationale-de-tineret-ale-romaniei-2008-2020\/","title":{"rendered":"\u201eO poveste de succes\u201d \u2013 Istoria Orchestrelor Na\u021bionale de Tineret ale Rom\u00e2niei 2008 \u2013 2020"},"content":{"rendered":"<p><strong>Centrul Na\u021bional de Art\u0103 \u201eTinerimea Rom\u00e2n\u0103\u201d<\/strong> anun\u021b\u0103 realizarea unui material retrospectiv ce prezint\u0103 \u00eentr-un mod aparte anvergura \u0219i succesul de care se bucur\u0103, \u00een parcursul lor, Orchestrele Na\u021bionale de Tineret ale Rom\u00e2niei. Acest proiect este realizat \u00een parteneriat cu Institutul Cultural Rom\u00e2n, prin reprezentan\u021ba sa de la Bruxelles.<\/p>\n<p>Prin intermediul a dou\u0103 episoade video, concepute \u00eentr-o manier\u0103 foarte atractiv\u0103,\u00a0 acest proiect digital invit\u0103 publicul s\u0103 descopere cele mai frumoase momente din festivaluri \u0219i competi\u021bii interna\u021bionale. Materialul, bogat ilustrat, con\u021bine m\u0103rturii ale unor personalit\u0103\u021bi interna\u021bionale din domeniul muzical care au colaborat de-a lungul timpului cu Orchestrele Na\u021bionale de Tineret.\u00a0 De asemenea, secven\u021bele vor fi \u00eenso\u021bite de un comentariu de specialitate, \u00een limbile rom\u00e2n\u0103 \u0219i englez\u0103, realizat special pentru acest film.<\/p>\n<p><strong>Orchestra Rom\u00e2n\u0103 de Tineret<\/strong> este un ansamblu educat \u00een spirit profesionist, \u00eentr-un mediu artistic excep\u021bional, fiind invitat\u0103 constant la evenimentele majore de pe scena interna\u021bional\u0103. Ca urmare a unor parteneriate cu institu\u021biile din Rom\u00e2nia, precum Ministerul Afacerilor Externe, Institutul Cultural Rom\u00e2n sau Ministerul Culturii, s-au marcat, de-a lungul anilor, momente importante ale unor programe de diploma\u021bie public\u0103 \u0219i cultural\u0103. Orchestra Rom\u00e2n\u0103 de Tineret a performat, \u00een premier\u0103, pe numeroase scene ale Europei, precum Filarmonica din Berlin, Konzerthaus din Berlin, Musikverein \u0219i Konzerthaus din Viena, Marea Sal\u0103 Pierre Boulez a Filarmonicii din Paris, sala Bozar din Bruxelles, Accademia di Santa Cecilia din Roma, al\u0103turi de cele mai importante s\u0103li de concert din importante centre culturale precum, Aix en Provence, Basel, Geneva, Lyon, Rouen, Ruse, Chi\u0219in\u0103u, B\u0103l\u021bi, Milano, Dobbiaco \u0219i Ravello \u00een Italia, Linz, Salzburg, sau din Asia, la Beijing.<\/p>\n<p>Referindu-se la aceast\u0103 ini\u021biativ\u0103, profesorul <strong>Marin Cazacu<\/strong> a declarat:<\/p>\n<p><em>\u201ePrintre cele mai speciale parteneriate pe care Centrul Na\u021bional de Art\u0103 Tinerimea Rom\u00e2n\u0103 le-a \u00eencheiat \u00een ultimii ani, cel cu ICR Bruxelles este unul de suflet. La Bruxelles, \u00een inima Europei, ansamblurile noastre \u2013 Orchestra Rom\u00e2n\u0103 de Tineret \u0219i Violoncelissimo \u2013 au str\u0103lucit \u0219i au reprezentat cultura rom\u00e2n\u0103 la cel mai \u00eenalt nivel \u00een prezen\u021ba celor mai importan\u021bi reprezentan\u021bi ai \u021b\u0103rilor membre ale Uniunii Europene. Am fost onorat s\u0103 colaborez cu ICR Bruxelles pentru realizarea celui mai \u00eensemnat eveniment cultural pe care Rom\u00e2nia l-a desf\u0103\u0219urat \u00een Belgia \u0219i \u021b\u0103rile din jur &#8211; Festivalul EUROPALIA Rom\u00e2nia. <\/em><\/p>\n<p><em>Proiectul online \u00abO poveste de succes &#8211; Istoria Orchestrelor Na\u021bionale de Tineret ale Rom\u00e2niei 2008 -2020\u00bb pe care \u00eel vom realiza cu sprijinul echipei de la Bruxelles este unic si foarte valoros. Prezentarea istoriei Orchestrelor Na\u021bionale de Tineret ale Rom\u00e2niei de la \u00eenfiin\u021bare \u0219i p\u00e2n\u0103 \u00een prezent va fi alternat\u0103 cu interviuri surpriz\u0103 \u0219i momente spectaculoase din concertele sus\u021binute pe cele mai prestigioase scene de concert din Europa, Asia \u0219i America. Ne dorim ca cele dou\u0103 filme s\u0103 devin\u0103 m\u0103rturie peste ani despre istoria celui mai important proiect muzical realizat \u00een Rom\u00e2nia ultimilor 30 de ani \u0219i le mul\u021bumim partenerilor no\u0219tri pentru sus\u021binerea nemijlocit\u0103\u201d.<\/em><\/p>\n<p><em>\u00a0<\/em>Acest parteneriat institu\u021bional \u00eentre Centrul Na\u021bional de Art\u0103 \u201eTinerimea Rom\u00e2n\u0103\u201d \u0219i ICR Bruxelles continu\u0103 seria de proiecte inedite sus\u021binute de reprezentan\u021ba de la Bruxelles \u0219i prezint\u0103 publicului interesat din spa\u021biul de referin\u021b\u0103 o poveste de succes, un exemplu al excelen\u021bei managementului cultural, o veritabil\u0103 carte de vizit\u0103 a Rom\u00e2niei pe scena muzicii interna\u021bionale de excep\u021bie.<\/p>\n<p>\u00cen avanpremiera difuz\u0103rii celor dou\u0103 episoade video, violoncelistul \u0219i profesorul Marin Cazacu, directorul Centrului Na\u021bional de Art\u0103 \u201eTinerimea Rom\u00e2n\u0103\u201d, a acceptat invita\u021bia de a sus\u021bine live o prezentare a proiectului ini\u021biat de ICR Bruxelles\u00a0 pe pagina de Facebook a reprezentan\u021bei, \u00een cadrul unui dialog convivial al\u0103turi de directorul ICR Bruxelles.<\/p>\n<p><strong>PARTEA I<\/strong><\/p>\n<div class=\"entry-content-asset videofit\"><iframe title=\"The History of the Romanian Youth Orchestras 2008 - 2020 - Part I: European Values\" width=\"720\" height=\"405\" src=\"https:\/\/www.youtube.com\/embed\/XGdMGtaCdx0?feature=oembed\" frameborder=\"0\" allow=\"accelerometer; autoplay; clipboard-write; encrypted-media; gyroscope; picture-in-picture\" allowfullscreen><\/iframe><\/div>\n<p><strong>PARTEA II<\/strong><\/p>\n<div class=\"entry-content-asset videofit\"><iframe title=\"\u201cA Success Story \u2013 The History of Romanian Youth Orchestras\u201d - A Treasure of National Culture\" width=\"720\" height=\"405\" src=\"https:\/\/www.youtube.com\/embed\/zKWIJ-MGkEs?feature=oembed\" frameborder=\"0\" allow=\"accelerometer; autoplay; clipboard-write; encrypted-media; gyroscope; picture-in-picture\" allowfullscreen><\/iframe><\/div>\n[:]\n","protected":false},"excerpt":{"rendered":"<p>Centrul Na\u021bional de Art\u0103 \u201eTinerimea Rom\u00e2n\u0103\u201d anun\u021b\u0103 realizarea unui material retrospectiv ce prezint\u0103 \u00eentr-un mod aparte anvergura \u0219i succesul de care se bucur\u0103, \u00een parcursul lor, Orchestrele Na\u021bionale de Tineret ale Rom\u00e2niei. Acest proiect este realizat \u00een parteneriat cu Institutul Cultural Rom\u00e2n, prin reprezentan\u021ba sa de la Bruxelles. Prin intermediul a dou\u0103 episoade video, concepute&#8230;<\/p>\n","protected":false},"author":1,"featured_media":2182,"comment_status":"closed","ping_status":"closed","sticky":false,"template":"","format":"standard","meta":{"_kad_post_transparent":"","_kad_post_title":"","_kad_post_layout":"","_kad_post_sidebar_id":"","_kad_post_content_style":"","_kad_post_vertical_padding":"","_kad_post_feature":"","_kad_post_feature_position":"","_kad_post_header":false,"_kad_post_footer":false,"_kad_post_classname":"","footnotes":""},"categories":[4,17],"tags":[],"class_list":["post-2181","post","type-post","status-publish","format-standard","has-post-thumbnail","hentry","category-concerte-ro","category-video"],"_links":{"self":[{"href":"https:\/\/tinerimearomana.ro\/orchestra-romana-tineret\/wp-json\/wp\/v2\/posts\/2181"}],"collection":[{"href":"https:\/\/tinerimearomana.ro\/orchestra-romana-tineret\/wp-json\/wp\/v2\/posts"}],"about":[{"href":"https:\/\/tinerimearomana.ro\/orchestra-romana-tineret\/wp-json\/wp\/v2\/types\/post"}],"author":[{"embeddable":true,"href":"https:\/\/tinerimearomana.ro\/orchestra-romana-tineret\/wp-json\/wp\/v2\/users\/1"}],"replies":[{"embeddable":true,"href":"https:\/\/tinerimearomana.ro\/orchestra-romana-tineret\/wp-json\/wp\/v2\/comments?post=2181"}],"version-history":[{"count":5,"href":"https:\/\/tinerimearomana.ro\/orchestra-romana-tineret\/wp-json\/wp\/v2\/posts\/2181\/revisions"}],"predecessor-version":[{"id":2542,"href":"https:\/\/tinerimearomana.ro\/orchestra-romana-tineret\/wp-json\/wp\/v2\/posts\/2181\/revisions\/2542"}],"wp:featuredmedia":[{"embeddable":true,"href":"https:\/\/tinerimearomana.ro\/orchestra-romana-tineret\/wp-json\/wp\/v2\/media\/2182"}],"wp:attachment":[{"href":"https:\/\/tinerimearomana.ro\/orchestra-romana-tineret\/wp-json\/wp\/v2\/media?parent=2181"}],"wp:term":[{"taxonomy":"category","embeddable":true,"href":"https:\/\/tinerimearomana.ro\/orchestra-romana-tineret\/wp-json\/wp\/v2\/categories?post=2181"},{"taxonomy":"post_tag","embeddable":true,"href":"https:\/\/tinerimearomana.ro\/orchestra-romana-tineret\/wp-json\/wp\/v2\/tags?post=2181"}],"curies":[{"name":"wp","href":"https:\/\/api.w.org\/{rel}","templated":true}]}}