{"id":2177,"date":"2020-04-16T09:58:03","date_gmt":"2020-04-16T09:58:03","guid":{"rendered":"http:\/\/tinerimearomana.ro\/orchestra-romana-tineret\/?p=2177"},"modified":"2023-03-18T09:25:17","modified_gmt":"2023-03-18T09:25:17","slug":"messiah-de-handel-cu-orchestra-romana-de-tineret-si-cristian-macelaru-online-in-prima-si-a-doua-zi-de-pasti","status":"publish","type":"post","link":"https:\/\/tinerimearomana.ro\/orchestra-romana-tineret\/messiah-de-handel-cu-orchestra-romana-de-tineret-si-cristian-macelaru-online-in-prima-si-a-doua-zi-de-pasti\/","title":{"rendered":"Messiah de Handel cu Orchestra Rom\u00e2n\u0103 de Tineret \u015fi Cristian M\u0103celaru  online \u00een prima \u015fi a doua zi de Pa\u015fti"},"content":{"rendered":"<p>Un eveniment repertorial \u00eentr-un concert al capetelor de afi\u0219!<\/p>\n<p><strong>Duminic\u0103, 19 \u0219i luni, 20 aprilie<\/strong>, pe pagina oficial\u0103 de <strong>Facebook<\/strong> \u0219i pe cea de <strong>Youtube<\/strong> ale Centrului Na\u021bional de Art\u0103 \u201c Tinerimea Rom\u00e2n\u0103\u201d, va fi postat\u0103 \u00een dou\u0103 p\u0103r\u021bi monumentala lucrare <strong>Messiah<\/strong> de Georg Friedrich Haendel \u00eentr-o versiune din anul 2016, \u00een care sub cupola Ateneului Rom\u00e2n dirijorul Cristian M\u0103celaru s-a aflat la pupitrul Orchestrei Rom\u00e2ne de Tineret \u0219i a Corului de Camer\u0103 Preludiu, av\u00e2nd ca soli\u0219ti o formidabil\u0103 distribu\u021bie international, din care au f\u0103cut parte <strong>Irina Ionescu<\/strong> \u2013 sopran\u0103, <strong>Hilary Summers<\/strong> \u2013 mezzosopran\u0103, <strong>Sunnyboy Dladla<\/strong> \u2013 tenor, <strong>Gary Griffiths<\/strong> &#8211; bas-bariton.<\/p>\n<p>Acest concert, care a avut loc \u00een data de 21 decembrie 2016, a fost r\u0103spl\u0103tit de ova\u021biile publicului \u0219i de elogiile criticilor, care s-au indreptat, lucru nu des \u00eent\u00e2lnit &#8211; asupra \u00eentregii distribu\u021bii.<\/p>\n<p>Messiah cu al s\u0103u Hallelujah cunoscut pe toate meridianele globului, a \u00eencheiat la acel moment un an fabulos pentru Orchestra Rom\u00e2n\u0103 de Tineret, care sus\u021binuse foarte multe proiecte pe marile scene de concert ale Europei \u0219i marca un \u00eenceput a ceea ce avea s\u0103 devin\u0103 o colaborare de mare succes dintre tinerii muzicieni rom\u00e2ni si dirijorul Cristian M\u0103celaru, unul dintre cei mai importan\u021bi \u015fefi de orchestr\u0103 din lume la acest moment.<\/p>\n<p>Oratoriul de Haendel este o muzic\u0103 impresionant\u0103, care \u00eentr-o interpretare de prim\u0103 m\u00e2n\u0103 precum cea propus\u0103 de <strong>Orchestra Rom\u00e2n\u0103 de Tineret<\/strong> \u015fi invita\u021bii ei va fi cu siguran\u021b\u0103 un eveniment muzical unic, care va r\u0103m\u00e2ne \u00een memoria afectiv\u0103 a publicului.<\/p>\n<p>Al\u0103turi de Orchestra Rom\u00e2n\u0103 de Tineret, aflat\u0103 \u00een plin\u0103 form\u0103 \u0219i \u00eentr-o perioad\u0103 de afirmare a unei noi genera\u021bii de tineri muzicieni, s-a aflat \u00een premier\u0103 <strong>Corul de Camer\u0103 Preludiu<\/strong>, \u00een a c\u0103rui distribu\u021bie se afl\u0103 multe dintre cele mai valoroase voci corale ale momentului, ansamblu condus \u015fi preg\u0103tit \u0219i pentru acest concert de dirijorul Voicu En\u0103chescu.<\/p>\n<p>Centrul Na\u021bional de Art\u0103 \u201cTinerimea Rom\u00e2n\u0103\u201d continu\u0103 sub genericul <strong>Retrospectiva 2008 &#8211; 2020 la \u201cTinerimea Rom\u00e2n\u0103\u201d<\/strong>, postarea unor \u00eenregistr\u0103ri video \u0219i reportaje foto \u00een premier\u0103 a unora dintre cele mai inspirate momente artistice din concertele \u0219i spectacolele sus\u021binute de forma\u021biile sale. Ini\u0163iativa are rolul de a men\u0163ine leg\u0103tura cu publicul \u00een aceast\u0103 perioad\u0103 \u00een care, \u00een contextul pandemiei COVID 19, arti\u015ftii din \u00eentreaga lume nu pot p\u0103stra leg\u0103tura pe viu cu publicul lor \u015fi apeleaz\u0103 tot mai mult la prezen\u0163a on line, care chiar dac\u0103 nu poate \u00eenlocui, poate oferi celor de acas\u0103 o deschidere virtual\u0103 c\u0103tre lumea artei. Aceast\u0103 retrospectiv\u0103 reflect\u0103 o realitate, \u015fi anume aceea c\u0103, din 2008, \u00een Rom\u00e2nia a evoluat la ini\u0163iativa violoncelistului Marin Cazacu cel mai amplu proiect de formare a tinerilor muzicieni de orchestr\u0103 din Rom\u00e2nia, Orchestrele Na\u021bionale de Tineret ale Rom\u00e2niei (cu cele 4 orchestre ale sale, dintre care cea mai cunoscut\u0103 este Orchestra Rom\u00e2n\u0103 de Tineret). Din anul 2015, acest proiect este coordonat de Centrul Na\u021bional de Art\u0103 \u201cTinerimea Rom\u00e2n\u0103\u201d.<\/p>\n<p>\u00cen retrospectiv\u0103 sunt postate pe paginile oficiale de <a href=\"https:\/\/www.facebook.com\/CentrulNationalTinerimeaRomana\/\">Facebook<\/a> \u0219i de <a href=\"https:\/\/www.youtube.com\/channel\/UC2iOsUn0Z4kjtQinqHMQC0w\">Youtube<\/a> fragmente \u0219i piese integrale care au cules multe aplauze de-a lungul timpului pe cele mai importante scene de concert din Rom\u00e2nia \u0219i mai departe din Europa \u0219i Statele Unite ale Americii. Astfel, pot fi urm\u0103rite Orchestra Rom\u00e2n\u0103 de Tineret, Ansamblul Folcloric Cununa Carpa\u021bilor, Ansamblul de Muzic\u0103 Contemporan\u0103 Archaeus, Romanian Sinfonietta Orchestra, Corul de Camer\u0103 Preludiu, Orchestra Junior, Cvartetul Arcadia \u0219i Orchestra Na\u021bional\u0103 Simfonic\u0103 a Rom\u00e2niei \u00een reportaje, eseuri sau materiale de sintez\u0103. Acestea sunt prezentate prin apari\u021bii frecvente, \u00een care va putea fi apreciat imensul efort \u0219i marele succes de care s-au bucurat mai multe genera\u021bii de tineri muzicieni din Rom\u00e2nia.<\/p>\n<p><img decoding=\"async\" class=\"aligncenter size-full wp-image-2178\" src=\"http:\/\/tinerimearomana.ro\/orchestra-romana-tineret\/wp-content\/uploads\/sites\/4\/2020\/04\/Afis-Messiah-Haendel.jpg\" alt=\"\" width=\"100%\" height=\"auto\" srcset=\"https:\/\/tinerimearomana.ro\/orchestra-romana-tineret\/wp-content\/uploads\/sites\/4\/2020\/04\/Afis-Messiah-Haendel.jpg 980w, https:\/\/tinerimearomana.ro\/orchestra-romana-tineret\/wp-content\/uploads\/sites\/4\/2020\/04\/Afis-Messiah-Haendel-300x300.jpg 300w, https:\/\/tinerimearomana.ro\/orchestra-romana-tineret\/wp-content\/uploads\/sites\/4\/2020\/04\/Afis-Messiah-Haendel-150x150.jpg 150w, https:\/\/tinerimearomana.ro\/orchestra-romana-tineret\/wp-content\/uploads\/sites\/4\/2020\/04\/Afis-Messiah-Haendel-768x768.jpg 768w\" sizes=\"(max-width: 980px) 100vw, 980px\" \/>[:]\n","protected":false},"excerpt":{"rendered":"<p>Un eveniment repertorial \u00eentr-un concert al capetelor de afi\u0219! Duminic\u0103, 19 \u0219i luni, 20 aprilie, pe pagina oficial\u0103 de Facebook \u0219i pe cea de Youtube ale Centrului Na\u021bional de Art\u0103 \u201c Tinerimea Rom\u00e2n\u0103\u201d, va fi postat\u0103 \u00een dou\u0103 p\u0103r\u021bi monumentala lucrare Messiah de Georg Friedrich Haendel \u00eentr-o versiune din anul 2016, \u00een care sub cupola&#8230;<\/p>\n","protected":false},"author":1,"featured_media":2178,"comment_status":"closed","ping_status":"closed","sticky":false,"template":"","format":"standard","meta":{"_kad_post_transparent":"","_kad_post_title":"","_kad_post_layout":"","_kad_post_sidebar_id":"","_kad_post_content_style":"","_kad_post_vertical_padding":"","_kad_post_feature":"","_kad_post_feature_position":"","_kad_post_header":false,"_kad_post_footer":false,"_kad_post_classname":"","footnotes":""},"categories":[4],"tags":[],"class_list":["post-2177","post","type-post","status-publish","format-standard","has-post-thumbnail","hentry","category-concerte-ro"],"_links":{"self":[{"href":"https:\/\/tinerimearomana.ro\/orchestra-romana-tineret\/wp-json\/wp\/v2\/posts\/2177"}],"collection":[{"href":"https:\/\/tinerimearomana.ro\/orchestra-romana-tineret\/wp-json\/wp\/v2\/posts"}],"about":[{"href":"https:\/\/tinerimearomana.ro\/orchestra-romana-tineret\/wp-json\/wp\/v2\/types\/post"}],"author":[{"embeddable":true,"href":"https:\/\/tinerimearomana.ro\/orchestra-romana-tineret\/wp-json\/wp\/v2\/users\/1"}],"replies":[{"embeddable":true,"href":"https:\/\/tinerimearomana.ro\/orchestra-romana-tineret\/wp-json\/wp\/v2\/comments?post=2177"}],"version-history":[{"count":3,"href":"https:\/\/tinerimearomana.ro\/orchestra-romana-tineret\/wp-json\/wp\/v2\/posts\/2177\/revisions"}],"predecessor-version":[{"id":2548,"href":"https:\/\/tinerimearomana.ro\/orchestra-romana-tineret\/wp-json\/wp\/v2\/posts\/2177\/revisions\/2548"}],"wp:featuredmedia":[{"embeddable":true,"href":"https:\/\/tinerimearomana.ro\/orchestra-romana-tineret\/wp-json\/wp\/v2\/media\/2178"}],"wp:attachment":[{"href":"https:\/\/tinerimearomana.ro\/orchestra-romana-tineret\/wp-json\/wp\/v2\/media?parent=2177"}],"wp:term":[{"taxonomy":"category","embeddable":true,"href":"https:\/\/tinerimearomana.ro\/orchestra-romana-tineret\/wp-json\/wp\/v2\/categories?post=2177"},{"taxonomy":"post_tag","embeddable":true,"href":"https:\/\/tinerimearomana.ro\/orchestra-romana-tineret\/wp-json\/wp\/v2\/tags?post=2177"}],"curies":[{"name":"wp","href":"https:\/\/api.w.org\/{rel}","templated":true}]}}