{"id":2157,"date":"2019-12-18T15:59:08","date_gmt":"2019-12-18T15:59:08","guid":{"rendered":"http:\/\/tinerimearomana.ro\/orchestra-romana-tineret\/?p=2157"},"modified":"2023-03-18T09:25:17","modified_gmt":"2023-03-18T09:25:17","slug":"orchestra-romana-de-tineret-dirijata-de-cristian-mandeal-in-concert-la-iarna-magica-pe-scena-ateneului-roman","status":"publish","type":"post","link":"https:\/\/tinerimearomana.ro\/orchestra-romana-tineret\/orchestra-romana-de-tineret-dirijata-de-cristian-mandeal-in-concert-la-iarna-magica-pe-scena-ateneului-roman\/","title":{"rendered":"ORCHESTRA ROMANA DE TINERET DIRIJAT\u0102 DE CRISTIAN MANDEAL IN CONCERT LA &#8220;IARNA MAGICA&#8221; PE SCENA ATENEULUI ROMAN"},"content":{"rendered":"<p>Iarna Magic\u0103 2019 &#8211; Orchestra Rom\u00e2n\u0103 de Tineret \u015fi Cristian Mandeal la Ateneul Rom\u00e2n<\/p>\n<p>Tradi\u0163ionalul concert \u201c<strong>Iarna Magic\u0103<\/strong>\u201d, va avea loc anul acesta pe <strong>21 decembrie<\/strong>, de la <strong>ora 19<\/strong>, fiind organizat de Lanto Communication \u00een colaborare cu Centrul Na\u021bional de Art\u0103 \u201eTinerimea Rom\u00e2n\u0103\u201d, la <strong>Ateneul Rom\u00e2n<\/strong>, unde<strong> Orchestra Rom\u00e2n\u0103 de Tineret<\/strong> va fi condus\u0103 de Cristian Mandeal, \u00een concert evolu\u00e2nd \u015fi <strong>Corul Preludiu<\/strong> preg\u0103tit de <strong>Voicu En\u0103chescu<\/strong>. Evenimentul va fi transmis \u00een direct la Radio Rom\u00e2nia Muzical \u015fi TVR 3.<\/p>\n<p>Concertul din acest an marcheaz\u0103 10 ani de la prima apari\u021bie a Orchestrei Rom\u00e2ne de Tineret dirijat\u0103 de Cristian Mandeal pe scena Ateneului Rom\u00e2n la Iarna Magic\u0103 2009!<\/p>\n<p>Programul serii de 21 decembrie 2019 va cuprinde : Gioacchino Rossini &#8211; Uvertura operei Wilhelm Tell, Aram Haciaturian &#8211; Adagio din baletul Spartacus, Felix Mendelssohn &#8211; Mar\u015f nup\u0163ial din Visul unei nop\u0163i de var\u0103, P.I. Ceaikovski \u2013 Pax des deux din baletul Sp\u0103rg\u0103torul de nuci, Nikolai Rimski-Korsakov \u2013 Capriciul spaniol, J. S. Bach \u2013 Coral din Cantata BWV 147 \u201cJesu bleibet meine Freunde\u201d, G.F. Haendel &#8211; Halleluja din Oratoriul \u201cMessiah\u201d, Edward Elgar &#8211; Nimrod din Varia\u0163iunile Enigma, R. Wagner &#8211; Preludiu la actul 3 din opera Lohengrin, Giuseppe Verdi \u2013 Corul Va pensiero din opera Nabucco, Giuseppe Verdi \u2013 Corul Anvil din opera Trubadurul, Sabin P\u0103utza &#8211; Romanian Medley.<\/p>\n<p>Cu ocazia concertului, Editura Casa Radio va lansa \u00een seara de 21 decembrie la Ateneul Rom\u00e2n albumele \u201eIarna Magic\u0103\u201d \u0219i \u201eVar\u0103 Magic\u0103\u201d. Albumele, ap\u0103rute \u00een colec\u0163ia Radio Rom\u00e2nia Muzical, cuprind o selec\u021bie de \u00eenregistr\u0103ri realizate de violoncelistul Valentin R\u0103du\u021biu, Orchestra Rom\u00e2n\u0103 de Tineret, Orchestra Na\u021bional\u0103 Simfonic\u0103 a Rom\u00e2niei \u0219i dirijorii Cristian Mandeal \u0219i Cristian M\u0103celaru \u015fi reprezint\u0103 o imagine sonor\u0103 a celor dou\u0103 reputate serii de evenimente muzicale organizate sub acest generic de-a lungul anilor, la Ateneul Rom\u00e2n, de c\u0103tre Lanto Communication \u015fi Centrul Na\u021bional de Art\u0103 \u201eTinerimea Rom\u00e2n\u0103\u201d, respectiv coordonatorii celor dou\u0103 organisme culturale, domnii Dorin Ioni\u021b\u0103 \u0219i Marin Cazacu.<\/p>\n<p>Despre concertul \u201eIarna Magic\u0103\u201c \u0219i despre colaborarea cu Radio Rom\u00e2nia, domnul <strong>Dorin Ioni\u021b\u0103<\/strong>, director general al Lanto Communication, declara, \u00eentr-un interviu acordat recent postului Radio Rom\u00e2nia Muzical: <em>A venit o zi \u00een care am primit o surpriz\u0103 superb\u0103, o propunere din partea Editurii Casa Radio \u0219i Radio Rom\u00e2nia Muzical pentru editarea celor dou\u0103 discuri \u2013 Var\u0103 Magic\u0103 \u0219i Iarna Magic\u0103. Pentru mine a fost o surpriz\u0103 extrem de pl\u0103cut\u0103. Este o onoare s\u0103 colaborez \u0219i cu casa de discuri Radio \u0219i cu \u2013 pot s\u0103 spun dup\u0103 mai bine de zece ani \u2013 Radio Rom\u00e2nia Muzical. [&#8230;] Este o colaborare care s-a dovedit \u00eentotdeauna rodnic\u0103 \u0219i \u00eentotdeauna plin\u0103 de respect \u00eentre Lanto Communication \u0219i Radio, fapt pentru care mul\u021bumesc Casei Radio \u0219i acelor oameni minuna\u021bi de acolo.<\/em><\/p>\n<p>Partener : Centrul Na\u021bional de Art\u0103 \u201eTinerimea Rom\u00e2n\u0103\u201d<br \/>\nCoproduc\u0103tori : TVR 3 I Radio Rom\u00e2nia<\/p>\n<p>Parteneri: Niro Group, Borsec, Oscar Downstream, CEC Bank, GARANTI Bank, LIBRA Bank, Funda\u0163ia \u201cM\u00e2ine va fi mai bine\u201d, Vizual Graph, Dobre \u015fi fii, Luxten<\/p>\n<p>Cu sprijinul Marii Loje Na\u0163ionale din Rom\u00e2nia<\/p>\n<p><img decoding=\"async\" class=\"aligncenter size-full wp-image-2158\" src=\"http:\/\/tinerimearomana.ro\/orchestra-romana-tineret\/wp-content\/uploads\/sites\/4\/2019\/12\/Iarna-Magica-2019-ORT.jpg\" alt=\"\" width=\"100%\" height=\"auto\" srcset=\"https:\/\/tinerimearomana.ro\/orchestra-romana-tineret\/wp-content\/uploads\/sites\/4\/2019\/12\/Iarna-Magica-2019-ORT.jpg 900w, https:\/\/tinerimearomana.ro\/orchestra-romana-tineret\/wp-content\/uploads\/sites\/4\/2019\/12\/Iarna-Magica-2019-ORT-214x300.jpg 214w, https:\/\/tinerimearomana.ro\/orchestra-romana-tineret\/wp-content\/uploads\/sites\/4\/2019\/12\/Iarna-Magica-2019-ORT-731x1024.jpg 731w, https:\/\/tinerimearomana.ro\/orchestra-romana-tineret\/wp-content\/uploads\/sites\/4\/2019\/12\/Iarna-Magica-2019-ORT-768x1075.jpg 768w\" sizes=\"(max-width: 900px) 100vw, 900px\" \/>[:]\n","protected":false},"excerpt":{"rendered":"<p>Iarna Magic\u0103 2019 &#8211; Orchestra Rom\u00e2n\u0103 de Tineret \u015fi Cristian Mandeal la Ateneul Rom\u00e2n Tradi\u0163ionalul concert \u201cIarna Magic\u0103\u201d, va avea loc anul acesta pe 21 decembrie, de la ora 19, fiind organizat de Lanto Communication \u00een colaborare cu Centrul Na\u021bional de Art\u0103 \u201eTinerimea Rom\u00e2n\u0103\u201d, la Ateneul Rom\u00e2n, unde Orchestra Rom\u00e2n\u0103 de Tineret va fi condus\u0103&#8230;<\/p>\n","protected":false},"author":1,"featured_media":2158,"comment_status":"closed","ping_status":"closed","sticky":false,"template":"","format":"standard","meta":{"_kad_post_transparent":"","_kad_post_title":"","_kad_post_layout":"","_kad_post_sidebar_id":"","_kad_post_content_style":"","_kad_post_vertical_padding":"","_kad_post_feature":"","_kad_post_feature_position":"","_kad_post_header":false,"_kad_post_footer":false,"_kad_post_classname":"","footnotes":""},"categories":[4],"tags":[],"class_list":["post-2157","post","type-post","status-publish","format-standard","has-post-thumbnail","hentry","category-concerte-ro"],"_links":{"self":[{"href":"https:\/\/tinerimearomana.ro\/orchestra-romana-tineret\/wp-json\/wp\/v2\/posts\/2157"}],"collection":[{"href":"https:\/\/tinerimearomana.ro\/orchestra-romana-tineret\/wp-json\/wp\/v2\/posts"}],"about":[{"href":"https:\/\/tinerimearomana.ro\/orchestra-romana-tineret\/wp-json\/wp\/v2\/types\/post"}],"author":[{"embeddable":true,"href":"https:\/\/tinerimearomana.ro\/orchestra-romana-tineret\/wp-json\/wp\/v2\/users\/1"}],"replies":[{"embeddable":true,"href":"https:\/\/tinerimearomana.ro\/orchestra-romana-tineret\/wp-json\/wp\/v2\/comments?post=2157"}],"version-history":[{"count":2,"href":"https:\/\/tinerimearomana.ro\/orchestra-romana-tineret\/wp-json\/wp\/v2\/posts\/2157\/revisions"}],"predecessor-version":[{"id":2557,"href":"https:\/\/tinerimearomana.ro\/orchestra-romana-tineret\/wp-json\/wp\/v2\/posts\/2157\/revisions\/2557"}],"wp:featuredmedia":[{"embeddable":true,"href":"https:\/\/tinerimearomana.ro\/orchestra-romana-tineret\/wp-json\/wp\/v2\/media\/2158"}],"wp:attachment":[{"href":"https:\/\/tinerimearomana.ro\/orchestra-romana-tineret\/wp-json\/wp\/v2\/media?parent=2157"}],"wp:term":[{"taxonomy":"category","embeddable":true,"href":"https:\/\/tinerimearomana.ro\/orchestra-romana-tineret\/wp-json\/wp\/v2\/categories?post=2157"},{"taxonomy":"post_tag","embeddable":true,"href":"https:\/\/tinerimearomana.ro\/orchestra-romana-tineret\/wp-json\/wp\/v2\/tags?post=2157"}],"curies":[{"name":"wp","href":"https:\/\/api.w.org\/{rel}","templated":true}]}}