{"id":2100,"date":"2019-03-20T14:54:05","date_gmt":"2019-03-20T14:54:05","guid":{"rendered":"http:\/\/tinerimearomana.ro\/orchestra-romana-tineret\/?p=2100"},"modified":"2023-03-18T09:25:17","modified_gmt":"2023-03-18T09:25:17","slug":"o-r-t-chamber-ensemble-seara-de-muzica-franceza-la-palatul-tinerimea-romana","status":"publish","type":"post","link":"https:\/\/tinerimearomana.ro\/orchestra-romana-tineret\/o-r-t-chamber-ensemble-seara-de-muzica-franceza-la-palatul-tinerimea-romana\/","title":{"rendered":"O.R.T. CHAMBER ENSEMBLE &#8220;SEARA DE MUZICA FRANCEZA&#8221; LA PALATUL &#8220;TINERIMEA ROMANA&#8221;"},"content":{"rendered":"[infobox style=&#8217;info&#8217; static=&#8217;1&#8242;]\n<div class=\"su-row\"><div class=\"su-column su-column-size-3-5\"><div class=\"su-column-inner su-u-clearfix su-u-trim\">\n<p style=\"text-align: center;\"><strong>O.R.T. Chamber Ensemble \u00een recital la Palatul Tinerimea Rom\u00e2n\u0103<\/strong><\/p>\n<p><strong>\u00a0\u00a0\u00a0\u00a0\u00a0\u00a0\u00a0\u00a0\u00a0\u00a0\u00a0 <\/strong>Palatul Tinerimea Rom\u00e2n\u0103 va g\u0103zdui mar\u0163i, 26 martie 2019, de la ora 18:00, o Sear\u0103 de muzic\u0103 francez\u0103 sus\u0163inut\u0103 de <strong>O.R.T. Chamber Ensemble<\/strong>. Inedita forma\u0163ie este compus\u0103 din <strong>Adriana C\u00eel\u0163ea <\/strong>\u2013 harp\u0103, <strong>Flaviu Ludu\u015fan <\/strong>&#8211; clarinet, <strong>Mihai Vaida<\/strong>&#8211; flaut, <strong>Valentin \u015eerban <\/strong>\u2013 vioar\u0103, <strong>Mircea Laz\u0103r <\/strong>\u2013 vioar\u0103, <strong>Alexandru Sp\u00eenu <\/strong>\u2013 viola \u015fi <strong>\u015etefan Cazacu <\/strong>\u2013 violoncel.<\/p>\n<p>Concertul face parte din programul anual de concerte al <strong>Centrului Na\u021bional de Art\u0103 &#8220;Tinerimea Rom\u00e2n\u0103&#8221;<\/strong>, care \u00ee\u0219i propune s\u0103 creeze \u00eent\u00e2lnirea publicului cu cei mai talenta\u021bi muzicieni ai tinerei genera\u021bii.<\/p>\n<p>Seara de muzic\u0103 francez\u0103 aduce \u00een \u00een prim plan o forma\u021bie cameral\u0103 compus\u0103 din c\u00e2\u021biva dintre cei mai valoro\u0219i membri ai Orchestrei Rom\u00e2ne de Tineret. ace\u0219tia preg\u0103tind un repertoriu perfect adaptat \u00eenceputului de prim\u0103var\u0103, cu lucr\u0103ri pline de delicate\u021be \u0219i umor subtil, dar \u0219i\u00a0cu\u00a0pagini pline de virtuozitate, totul sub semnul inconfundabilei elegan\u021be a romantismului \u0219i impresionismului francez.<\/p>\n<p>Programul serii va cuprinde : Camille Saint-Saens &#8211; Fantezie op.124 pentru vioar\u0103 \u015fi harp\u0103, Jacques Ibert &#8211; Dou\u0103 interludii\u00a0 pentru flaut, vioar\u0103 \u015fi harp\u0103, Gabriel Faure &#8211; Siciliana op.78 pentru violoncel \u015fi harp\u0103, Jacques Ibert -Trio pentru vioar\u0103, violoncel \u015fi harp\u0103 \u015fi Maurice Ravel &#8211; Introducere \u015fi\u00a0 Allegro pentru septet.<\/p>\n<\/div><\/div>\n<div class=\"su-column su-column-size-2-5\"><div class=\"su-column-inner su-u-clearfix su-u-trim\">\n<p><img decoding=\"async\" class=\"aligncenter wp-image-2101 size-full\" src=\"http:\/\/tinerimearomana.ro\/orchestra-romana-tineret\/wp-content\/uploads\/sites\/4\/2019\/03\/ORT-26.03.19.jpg\" alt=\"\" width=\"100%\" height=\"auto\" srcset=\"https:\/\/tinerimearomana.ro\/orchestra-romana-tineret\/wp-content\/uploads\/sites\/4\/2019\/03\/ORT-26.03.19.jpg 800w, https:\/\/tinerimearomana.ro\/orchestra-romana-tineret\/wp-content\/uploads\/sites\/4\/2019\/03\/ORT-26.03.19-214x300.jpg 214w, https:\/\/tinerimearomana.ro\/orchestra-romana-tineret\/wp-content\/uploads\/sites\/4\/2019\/03\/ORT-26.03.19-768x1078.jpg 768w, https:\/\/tinerimearomana.ro\/orchestra-romana-tineret\/wp-content\/uploads\/sites\/4\/2019\/03\/ORT-26.03.19-729x1024.jpg 729w\" sizes=\"(max-width: 800px) 100vw, 800px\" \/><\/p>\n<\/div><\/div><\/div>\n<p>Marin Cazacu, directorul Centrului Na\u0163ional de Art\u0103 \u201eTinerimea Rom\u00e2n\u0103\u201d declara \u00een leg\u0103tur\u0103 cu acest concert: <em>\u201eM\u0103 bucur de fiecare dat\u0103 c\u00e2nd membri ai Orchestrei Rom\u00e2ne de Tineret se reunesc \u00een formule camerale mai restr\u00e2nse sau mai ample pentru a descoperi \u00eempreun\u0103 noi pagini din repertoriul infinit pe care \u00eel ofer\u0103 literatura cameral\u0103, o muzic\u0103 de o complexitate ce nu se las\u0103 descoperit\u0103 de la prima vedere. Al\u0103turi de extraordinara experien\u0163\u0103 simfonic\u0103 pe care le-o ofer\u0103 Orchestra Rom\u00e2n\u0103 de Tineret, descoperirea deliciilor muzicii de camer\u0103 este esen\u0163ial\u0103 pentru formarea lor ca arti\u015fti.<\/em>\u201d<\/p>\n<p>Organizator : <strong>Ministerul Culturii \u015fi Identit\u0103\u0163ii Na\u0163ionale<\/strong> prin <strong>Centrul Na\u021bional de Art\u0103 \u201eTinerimea\u00a0Rom\u00e2n\u0103\u201d<\/strong><\/p>\n<p>Parteneri media: <strong>Radio Rom\u00e2nia Cultural \u015fi Radio Rom\u00e2nia Muzical, Rom\u00e2nia TV, <\/strong><strong>Mediatrust, <\/strong><strong>Observator Cultural, Liternet, Q Magazine, M Klasika, TVR<\/strong>.<\/p>\n[\/infobox][:]\n","protected":false},"excerpt":{"rendered":"<p>[infobox style=&#8217;info&#8217; static=&#8217;1&#8242;] Marin Cazacu, directorul Centrului Na\u0163ional de Art\u0103 \u201eTinerimea Rom\u00e2n\u0103\u201d declara \u00een leg\u0103tur\u0103 cu acest concert: \u201eM\u0103 bucur de fiecare dat\u0103 c\u00e2nd membri ai Orchestrei Rom\u00e2ne de Tineret se reunesc \u00een formule camerale mai restr\u00e2nse sau mai ample pentru a descoperi \u00eempreun\u0103 noi pagini din repertoriul infinit pe care \u00eel ofer\u0103 literatura cameral\u0103,&#8230;<\/p>\n","protected":false},"author":1,"featured_media":2101,"comment_status":"closed","ping_status":"closed","sticky":false,"template":"","format":"standard","meta":{"_kad_post_transparent":"","_kad_post_title":"","_kad_post_layout":"","_kad_post_sidebar_id":"","_kad_post_content_style":"","_kad_post_vertical_padding":"","_kad_post_feature":"","_kad_post_feature_position":"","_kad_post_header":false,"_kad_post_footer":false,"_kad_post_classname":"","footnotes":""},"categories":[4],"tags":[],"class_list":["post-2100","post","type-post","status-publish","format-standard","has-post-thumbnail","hentry","category-concerte-ro"],"_links":{"self":[{"href":"https:\/\/tinerimearomana.ro\/orchestra-romana-tineret\/wp-json\/wp\/v2\/posts\/2100"}],"collection":[{"href":"https:\/\/tinerimearomana.ro\/orchestra-romana-tineret\/wp-json\/wp\/v2\/posts"}],"about":[{"href":"https:\/\/tinerimearomana.ro\/orchestra-romana-tineret\/wp-json\/wp\/v2\/types\/post"}],"author":[{"embeddable":true,"href":"https:\/\/tinerimearomana.ro\/orchestra-romana-tineret\/wp-json\/wp\/v2\/users\/1"}],"replies":[{"embeddable":true,"href":"https:\/\/tinerimearomana.ro\/orchestra-romana-tineret\/wp-json\/wp\/v2\/comments?post=2100"}],"version-history":[{"count":2,"href":"https:\/\/tinerimearomana.ro\/orchestra-romana-tineret\/wp-json\/wp\/v2\/posts\/2100\/revisions"}],"predecessor-version":[{"id":2561,"href":"https:\/\/tinerimearomana.ro\/orchestra-romana-tineret\/wp-json\/wp\/v2\/posts\/2100\/revisions\/2561"}],"wp:featuredmedia":[{"embeddable":true,"href":"https:\/\/tinerimearomana.ro\/orchestra-romana-tineret\/wp-json\/wp\/v2\/media\/2101"}],"wp:attachment":[{"href":"https:\/\/tinerimearomana.ro\/orchestra-romana-tineret\/wp-json\/wp\/v2\/media?parent=2100"}],"wp:term":[{"taxonomy":"category","embeddable":true,"href":"https:\/\/tinerimearomana.ro\/orchestra-romana-tineret\/wp-json\/wp\/v2\/categories?post=2100"},{"taxonomy":"post_tag","embeddable":true,"href":"https:\/\/tinerimearomana.ro\/orchestra-romana-tineret\/wp-json\/wp\/v2\/tags?post=2100"}],"curies":[{"name":"wp","href":"https:\/\/api.w.org\/{rel}","templated":true}]}}