{"id":2082,"date":"2018-10-21T14:26:20","date_gmt":"2018-10-21T14:26:20","guid":{"rendered":"http:\/\/tinerimearomana.ro\/orchestra-romana-tineret\/?p=2082"},"modified":"2023-03-18T09:23:45","modified_gmt":"2023-03-18T09:23:45","slug":"orchestra-romana-de-tineret-si-cristian-mandeal-canta-in-premiera-la-musikverein-viena","status":"publish","type":"post","link":"https:\/\/tinerimearomana.ro\/orchestra-romana-tineret\/orchestra-romana-de-tineret-si-cristian-mandeal-canta-in-premiera-la-musikverein-viena\/","title":{"rendered":"Orchestra Rom\u00e2n\u0103 de Tineret \u015fi Cristian Mandeal c\u00e2nt\u0103 \u00een premier\u0103 la Musikverein Viena"},"content":{"rendered":"<p>Orchestra Rom\u00e2n\u0103 de Tineret dirijat\u0103 de Cristian Mandeal, va c\u00e2nta \u00een seara de 19 octombrie la Viena \u2013 Musikverein, concert inclus \u00een seria concertelor organizate de Centrul Na\u0163ional Tinerimea Rom\u00e2n\u0103 cu ocazia Anului Centenar.<\/p>\n<p>Programul serii va debuta cu lucrarea concertant\u0103 pentru multipercu\u0163ie \u015fi orchestr\u0103 \u201eSpices, Perfumes, Toxins\u201d de Avner Dorman, solist The Wave Quartet (Bogdan B\u0103canu, Christoph Sietzen, Emiko Uchiyama \u015fi Vladi Petrov), va continua cu Trei dansuri rom\u00e2ne\u015fti de Rogalski \u015fi se va \u00eencheia cu Simfonia Manfred op. 58 de Ceaikovski.<\/p>\n<p>Concertul extraordinar va avea loc \u00een cadrul stagiunii de concerte din celebra sal\u0103 Musikverein din Viena. Evenimentul se desf\u0103\u015foar\u0103 \u00een cadrul proiectului Anului Centenar \u201eRom\u00e2nia \u00een lume\u201d \u015fi a fost precedat de un recital extraordinar sus\u0163inut de soli\u015fti ai Orchestrei Rom\u00e2ne de Tineret \u015fi membrii Cvartetului Wave, \u00een data de 18 octombrie 2018, la Universitatea Anton Bruckner din Linz.<\/p>\n<p>Mai multe detalii <a href=\"https:\/\/radioromaniacultural.ro\/orchestra-romana-de-tineret-si-cristian-mandeal-canta-in-premiera-la-musikverein-viena\/\">RadioRomaniaCultural<\/a>[:]\n","protected":false},"excerpt":{"rendered":"<p>Orchestra Rom\u00e2n\u0103 de Tineret dirijat\u0103 de Cristian Mandeal, va c\u00e2nta \u00een seara de 19 octombrie la Viena \u2013 Musikverein, concert inclus \u00een seria concertelor organizate de Centrul Na\u0163ional Tinerimea Rom\u00e2n\u0103 cu ocazia Anului Centenar. Programul serii va debuta cu lucrarea concertant\u0103 pentru multipercu\u0163ie \u015fi orchestr\u0103 \u201eSpices, Perfumes, Toxins\u201d de Avner Dorman, solist The Wave Quartet&#8230;<\/p>\n","protected":false},"author":1,"featured_media":2083,"comment_status":"closed","ping_status":"closed","sticky":false,"template":"","format":"standard","meta":{"_kad_post_transparent":"","_kad_post_title":"","_kad_post_layout":"","_kad_post_sidebar_id":"","_kad_post_content_style":"","_kad_post_vertical_padding":"","_kad_post_feature":"","_kad_post_feature_position":"","_kad_post_header":false,"_kad_post_footer":false,"_kad_post_classname":"","footnotes":""},"categories":[3],"tags":[],"class_list":["post-2082","post","type-post","status-publish","format-standard","has-post-thumbnail","hentry","category-presa-ro"],"_links":{"self":[{"href":"https:\/\/tinerimearomana.ro\/orchestra-romana-tineret\/wp-json\/wp\/v2\/posts\/2082"}],"collection":[{"href":"https:\/\/tinerimearomana.ro\/orchestra-romana-tineret\/wp-json\/wp\/v2\/posts"}],"about":[{"href":"https:\/\/tinerimearomana.ro\/orchestra-romana-tineret\/wp-json\/wp\/v2\/types\/post"}],"author":[{"embeddable":true,"href":"https:\/\/tinerimearomana.ro\/orchestra-romana-tineret\/wp-json\/wp\/v2\/users\/1"}],"replies":[{"embeddable":true,"href":"https:\/\/tinerimearomana.ro\/orchestra-romana-tineret\/wp-json\/wp\/v2\/comments?post=2082"}],"version-history":[{"count":2,"href":"https:\/\/tinerimearomana.ro\/orchestra-romana-tineret\/wp-json\/wp\/v2\/posts\/2082\/revisions"}],"predecessor-version":[{"id":2572,"href":"https:\/\/tinerimearomana.ro\/orchestra-romana-tineret\/wp-json\/wp\/v2\/posts\/2082\/revisions\/2572"}],"wp:featuredmedia":[{"embeddable":true,"href":"https:\/\/tinerimearomana.ro\/orchestra-romana-tineret\/wp-json\/wp\/v2\/media\/2083"}],"wp:attachment":[{"href":"https:\/\/tinerimearomana.ro\/orchestra-romana-tineret\/wp-json\/wp\/v2\/media?parent=2082"}],"wp:term":[{"taxonomy":"category","embeddable":true,"href":"https:\/\/tinerimearomana.ro\/orchestra-romana-tineret\/wp-json\/wp\/v2\/categories?post=2082"},{"taxonomy":"post_tag","embeddable":true,"href":"https:\/\/tinerimearomana.ro\/orchestra-romana-tineret\/wp-json\/wp\/v2\/tags?post=2082"}],"curies":[{"name":"wp","href":"https:\/\/api.w.org\/{rel}","templated":true}]}}