{"id":2080,"date":"2018-08-12T14:17:41","date_gmt":"2018-08-12T14:17:41","guid":{"rendered":"http:\/\/tinerimearomana.ro\/orchestra-romana-tineret\/?p=2080"},"modified":"2023-03-18T09:23:45","modified_gmt":"2023-03-18T09:23:45","slug":"orchestra-romana-de-tineret-patru-festivaluri-intr-o-saptamana","status":"publish","type":"post","link":"https:\/\/tinerimearomana.ro\/orchestra-romana-tineret\/orchestra-romana-de-tineret-patru-festivaluri-intr-o-saptamana\/","title":{"rendered":"Orchestra Rom\u00e2n\u0103 de Tineret &#8211; patru festivaluri \u00eentr-o s\u0103pt\u0103m\u00e2n\u0103"},"content":{"rendered":"<p>Nu este vorba despre o performan\u0163\u0103 doar de ordin cantitativ. Sigur c\u0103 pentru o orchestr\u0103 de tineret, fie ea \u015fi de acum renumita Orchestr\u0103 Rom\u00e2n\u0103 de Tineret, 4 concerte pe scena unor festivaluri interna\u0163ionale, a\u015fadar o expunere deosebit\u0103 \u00een mai pu\u0163in de o s\u0103pt\u0103m\u00e2n\u0103, reprezint\u0103 o serioas\u0103 \u00eencercare. Ceea ce au reu\u015fit tinerii muzicieni condu\u015fi de Cristian Mandeal la Sinaia, Bucure\u015fti, Berlin \u015fi Dobbiaco a fost, \u00een ciuda schimbului permanent de genera\u0163ii specific unui asemenea ansamblu, o nou\u0103 prob\u0103 a maturit\u0103\u0163ii.<\/p>\n<p>Vezi mai mult pe <a href=\"https:\/\/agenda.liternet.ro\/articol\/22892\/Virgil-Oprina\/Orchestra-Romana-de-Tineret-patru-festivaluri-intr-o-saptamana.html\">Agenda LiterNet<\/a>[:]\n","protected":false},"excerpt":{"rendered":"<p>Nu este vorba despre o performan\u0163\u0103 doar de ordin cantitativ. Sigur c\u0103 pentru o orchestr\u0103 de tineret, fie ea \u015fi de acum renumita Orchestr\u0103 Rom\u00e2n\u0103 de Tineret, 4 concerte pe scena unor festivaluri interna\u0163ionale, a\u015fadar o expunere deosebit\u0103 \u00een mai pu\u0163in de o s\u0103pt\u0103m\u00e2n\u0103, reprezint\u0103 o serioas\u0103 \u00eencercare. Ceea ce au reu\u015fit tinerii muzicieni condu\u015fi&#8230;<\/p>\n","protected":false},"author":1,"featured_media":2047,"comment_status":"closed","ping_status":"closed","sticky":false,"template":"","format":"standard","meta":{"_kad_post_transparent":"","_kad_post_title":"","_kad_post_layout":"","_kad_post_sidebar_id":"","_kad_post_content_style":"","_kad_post_vertical_padding":"","_kad_post_feature":"","_kad_post_feature_position":"","_kad_post_header":false,"_kad_post_footer":false,"_kad_post_classname":"","footnotes":""},"categories":[3],"tags":[],"class_list":["post-2080","post","type-post","status-publish","format-standard","has-post-thumbnail","hentry","category-presa-ro"],"_links":{"self":[{"href":"https:\/\/tinerimearomana.ro\/orchestra-romana-tineret\/wp-json\/wp\/v2\/posts\/2080"}],"collection":[{"href":"https:\/\/tinerimearomana.ro\/orchestra-romana-tineret\/wp-json\/wp\/v2\/posts"}],"about":[{"href":"https:\/\/tinerimearomana.ro\/orchestra-romana-tineret\/wp-json\/wp\/v2\/types\/post"}],"author":[{"embeddable":true,"href":"https:\/\/tinerimearomana.ro\/orchestra-romana-tineret\/wp-json\/wp\/v2\/users\/1"}],"replies":[{"embeddable":true,"href":"https:\/\/tinerimearomana.ro\/orchestra-romana-tineret\/wp-json\/wp\/v2\/comments?post=2080"}],"version-history":[{"count":3,"href":"https:\/\/tinerimearomana.ro\/orchestra-romana-tineret\/wp-json\/wp\/v2\/posts\/2080\/revisions"}],"predecessor-version":[{"id":2576,"href":"https:\/\/tinerimearomana.ro\/orchestra-romana-tineret\/wp-json\/wp\/v2\/posts\/2080\/revisions\/2576"}],"wp:featuredmedia":[{"embeddable":true,"href":"https:\/\/tinerimearomana.ro\/orchestra-romana-tineret\/wp-json\/wp\/v2\/media\/2047"}],"wp:attachment":[{"href":"https:\/\/tinerimearomana.ro\/orchestra-romana-tineret\/wp-json\/wp\/v2\/media?parent=2080"}],"wp:term":[{"taxonomy":"category","embeddable":true,"href":"https:\/\/tinerimearomana.ro\/orchestra-romana-tineret\/wp-json\/wp\/v2\/categories?post=2080"},{"taxonomy":"post_tag","embeddable":true,"href":"https:\/\/tinerimearomana.ro\/orchestra-romana-tineret\/wp-json\/wp\/v2\/tags?post=2080"}],"curies":[{"name":"wp","href":"https:\/\/api.w.org\/{rel}","templated":true}]}}