{"id":2078,"date":"2018-05-12T14:15:32","date_gmt":"2018-05-12T14:15:32","guid":{"rendered":"http:\/\/tinerimearomana.ro\/orchestra-romana-tineret\/?p=2078"},"modified":"2023-03-18T09:23:45","modified_gmt":"2023-03-18T09:23:45","slug":"orchestra-romana-de-tineret-pentru-prima-data-in-asia","status":"publish","type":"post","link":"https:\/\/tinerimearomana.ro\/orchestra-romana-tineret\/orchestra-romana-de-tineret-pentru-prima-data-in-asia\/","title":{"rendered":"Orchestra Rom\u00e2n\u0103 de Tineret &#8211; pentru prima dat\u0103 \u00een Asia"},"content":{"rendered":"<p>O component\u0103 de baz\u0103 a programului educa\u0163ional desf\u0103\u015furat sub genericul &#8220;Orchestrele Na\u0163ionale de Tineret ale Rom\u00e2niei&#8221;, program creat \u015fi coordonat de violoncelistul \u015fi profesorul Marin Cazacu, este f\u0103r\u0103 \u00eendoial\u0103 aceea de a-i pune pe tinerii muzicieni participan\u0163i \u00een fa\u0163a unor provoc\u0103ri c\u00e2t mai diverse legate de actul interpretativ, de \u00een\u0163elegerea muzicii \u015fi a fenomenului muzical \u00een toat\u0103 complexitatea sa.<\/p>\n<p>T\u00e2n\u0103rul intrat \u00een creuzetul acestui program poate fi expus, \u00eencep\u00e2nd de la o v\u00e2rst\u0103 foarte fraged\u0103, nu doar contactului cu cei mai importan\u0163i dirijori ai Rom\u00e2niei \u015fi cu cei mai valoro\u015fi confra\u0163i cona\u0163ionali, ci \u015fi cu experien\u0163a inegalabil\u0103 &#8211; dur\u0103, dar \u015fi d\u0103t\u0103toare de inegalabile satisfac\u0163ii &#8211; a evolu\u0163iei pe marile scene de concert ale lumii \u015fi, implicit, contactul cu valoro\u015fi muzicieni proveni\u0163i din alte culturi.<\/p>\n<p>Vezi mai mult pe <a href=\"https:\/\/agenda.liternet.ro\/articol\/22628\/Virgil-Oprina\/Orchestra-Romana-de-Tineret-pentru-prima-data-in-Asia.html\">Agenda.Liternet<\/a>[:]\n","protected":false},"excerpt":{"rendered":"<p>O component\u0103 de baz\u0103 a programului educa\u0163ional desf\u0103\u015furat sub genericul &#8220;Orchestrele Na\u0163ionale de Tineret ale Rom\u00e2niei&#8221;, program creat \u015fi coordonat de violoncelistul \u015fi profesorul Marin Cazacu, este f\u0103r\u0103 \u00eendoial\u0103 aceea de a-i pune pe tinerii muzicieni participan\u0163i \u00een fa\u0163a unor provoc\u0103ri c\u00e2t mai diverse legate de actul interpretativ, de \u00een\u0163elegerea muzicii \u015fi a fenomenului muzical&#8230;<\/p>\n","protected":false},"author":1,"featured_media":1520,"comment_status":"closed","ping_status":"closed","sticky":false,"template":"","format":"standard","meta":{"_kad_post_transparent":"","_kad_post_title":"","_kad_post_layout":"","_kad_post_sidebar_id":"","_kad_post_content_style":"","_kad_post_vertical_padding":"","_kad_post_feature":"","_kad_post_feature_position":"","_kad_post_header":false,"_kad_post_footer":false,"_kad_post_classname":"","footnotes":""},"categories":[3],"tags":[],"class_list":["post-2078","post","type-post","status-publish","format-standard","has-post-thumbnail","hentry","category-presa-ro"],"_links":{"self":[{"href":"https:\/\/tinerimearomana.ro\/orchestra-romana-tineret\/wp-json\/wp\/v2\/posts\/2078"}],"collection":[{"href":"https:\/\/tinerimearomana.ro\/orchestra-romana-tineret\/wp-json\/wp\/v2\/posts"}],"about":[{"href":"https:\/\/tinerimearomana.ro\/orchestra-romana-tineret\/wp-json\/wp\/v2\/types\/post"}],"author":[{"embeddable":true,"href":"https:\/\/tinerimearomana.ro\/orchestra-romana-tineret\/wp-json\/wp\/v2\/users\/1"}],"replies":[{"embeddable":true,"href":"https:\/\/tinerimearomana.ro\/orchestra-romana-tineret\/wp-json\/wp\/v2\/comments?post=2078"}],"version-history":[{"count":2,"href":"https:\/\/tinerimearomana.ro\/orchestra-romana-tineret\/wp-json\/wp\/v2\/posts\/2078\/revisions"}],"predecessor-version":[{"id":2575,"href":"https:\/\/tinerimearomana.ro\/orchestra-romana-tineret\/wp-json\/wp\/v2\/posts\/2078\/revisions\/2575"}],"wp:featuredmedia":[{"embeddable":true,"href":"https:\/\/tinerimearomana.ro\/orchestra-romana-tineret\/wp-json\/wp\/v2\/media\/1520"}],"wp:attachment":[{"href":"https:\/\/tinerimearomana.ro\/orchestra-romana-tineret\/wp-json\/wp\/v2\/media?parent=2078"}],"wp:term":[{"taxonomy":"category","embeddable":true,"href":"https:\/\/tinerimearomana.ro\/orchestra-romana-tineret\/wp-json\/wp\/v2\/categories?post=2078"},{"taxonomy":"post_tag","embeddable":true,"href":"https:\/\/tinerimearomana.ro\/orchestra-romana-tineret\/wp-json\/wp\/v2\/tags?post=2078"}],"curies":[{"name":"wp","href":"https:\/\/api.w.org\/{rel}","templated":true}]}}