{"id":2075,"date":"2018-04-02T14:09:40","date_gmt":"2018-04-02T14:09:40","guid":{"rendered":"http:\/\/tinerimearomana.ro\/orchestra-romana-tineret\/?p=2075"},"modified":"2023-03-18T09:23:45","modified_gmt":"2023-03-18T09:23:45","slug":"orchestra-romana-de-tineret-la-ruse-chisinau-si-balti","status":"publish","type":"post","link":"https:\/\/tinerimearomana.ro\/orchestra-romana-tineret\/orchestra-romana-de-tineret-la-ruse-chisinau-si-balti\/","title":{"rendered":"Orchestra Rom\u00e2n\u0103 de Tineret la Ruse, Chi\u0219in\u0103u \u0219i B\u0103l\u021bi"},"content":{"rendered":"<p>Orchestrele Na\u021bionale de Tineret ale Rom\u00e2niei reprezint\u0103 cel mai amplu proiect educativ din Rom\u00e2nia dedicat tinerilor de la 14 la 30 de ani, \u00een sensul form\u0103rii profesionale a acestora ca muzicieni de orchestr\u0103. Orchestra Rom\u00e2n\u0103 de Tineret a fost prima orchestr\u0103 \u00eenfiin\u021bat\u0103 \u00een cadrul proiectului, \u00een anul 2008, dat\u0103 care a prilejuit s\u0103rb\u0103torirea \u00een acest an a 10 ani de activitate. Acest lucru s-a petrecut \u00eentre 17 \u0219i 21 martie, printr-un turneu care a \u00eenceput la Bucure\u0219ti, \u00een Sala Mare a Ateneului Rom\u00e2n, continu\u00eend apoi o zi mai t\u00eerziu, la Ruse, \u00een Bulgaria, \u00een cadrul Festivalului Interna\u021bional March Music Days, \u00een cadrul c\u0103ruia orchestra era deja invitat\u0103 pentru a treia oar\u0103, pentru ca apoi tinerii muzicieni dirija\u021bi de Cristian Mandeal s\u0103 sus\u021bin\u0103 alte dou\u0103 concerte \u00een Republica Moldova, la Sala cu Org\u0103 din Chi\u0219in\u0103u, ora\u0219 \u00een care orchestra s\u2011a aflat la a treia prezen\u021b\u0103 \u0219i, \u00een premier\u0103, \u00een ora\u0219ul B\u0103l\u021bi, \u00een sala Teatrului \u201eVasile Alecsandri\u201c.<\/p>\n<p>Cam aceasta ar fi expunerea succint\u0103 a evenimentelor cu care tinerii muzicieni rom\u00e2ni au ridicat din nou \u00een picioare, cu prilejul fiec\u0103rei apari\u021bii, publicul, care a umplut toate s\u0103lile de concert. O descriere potrivit\u0103 unui business, \u00een care singurul lucru care conteaz\u0103 este verdictul dat de cifrele finale. \u00cens\u0103 acest proiect creat de violoncelistul \u0219i profesorul Marin Cazacu, la care au participat, \u00een cei 10 ani, peste 1.000 de tineri muzicieni, nu a fost niciodat\u0103 a\u0219a ceva. Din contr\u0103, componenta uman\u0103 \u0219i emo\u021bional\u0103 a fost de la \u00eenceput determinant\u0103.<\/p>\n<p>Vezi mai mult pe <a href=\"https:\/\/www.observatorcultural.ro\/articol\/orchestra-romana-de-tineret-la-ruse-chisinau-si-balti\/\">ObservatorulCUltural<\/a>[:]\n","protected":false},"excerpt":{"rendered":"<p>Orchestrele Na\u021bionale de Tineret ale Rom\u00e2niei reprezint\u0103 cel mai amplu proiect educativ din Rom\u00e2nia dedicat tinerilor de la 14 la 30 de ani, \u00een sensul form\u0103rii profesionale a acestora ca muzicieni de orchestr\u0103. Orchestra Rom\u00e2n\u0103 de Tineret a fost prima orchestr\u0103 \u00eenfiin\u021bat\u0103 \u00een cadrul proiectului, \u00een anul 2008, dat\u0103 care a prilejuit s\u0103rb\u0103torirea \u00een acest&#8230;<\/p>\n","protected":false},"author":1,"featured_media":2076,"comment_status":"closed","ping_status":"closed","sticky":false,"template":"","format":"standard","meta":{"_kad_post_transparent":"","_kad_post_title":"","_kad_post_layout":"","_kad_post_sidebar_id":"","_kad_post_content_style":"","_kad_post_vertical_padding":"","_kad_post_feature":"","_kad_post_feature_position":"","_kad_post_header":false,"_kad_post_footer":false,"_kad_post_classname":"","footnotes":""},"categories":[3],"tags":[],"class_list":["post-2075","post","type-post","status-publish","format-standard","has-post-thumbnail","hentry","category-presa-ro"],"_links":{"self":[{"href":"https:\/\/tinerimearomana.ro\/orchestra-romana-tineret\/wp-json\/wp\/v2\/posts\/2075"}],"collection":[{"href":"https:\/\/tinerimearomana.ro\/orchestra-romana-tineret\/wp-json\/wp\/v2\/posts"}],"about":[{"href":"https:\/\/tinerimearomana.ro\/orchestra-romana-tineret\/wp-json\/wp\/v2\/types\/post"}],"author":[{"embeddable":true,"href":"https:\/\/tinerimearomana.ro\/orchestra-romana-tineret\/wp-json\/wp\/v2\/users\/1"}],"replies":[{"embeddable":true,"href":"https:\/\/tinerimearomana.ro\/orchestra-romana-tineret\/wp-json\/wp\/v2\/comments?post=2075"}],"version-history":[{"count":2,"href":"https:\/\/tinerimearomana.ro\/orchestra-romana-tineret\/wp-json\/wp\/v2\/posts\/2075\/revisions"}],"predecessor-version":[{"id":2579,"href":"https:\/\/tinerimearomana.ro\/orchestra-romana-tineret\/wp-json\/wp\/v2\/posts\/2075\/revisions\/2579"}],"wp:featuredmedia":[{"embeddable":true,"href":"https:\/\/tinerimearomana.ro\/orchestra-romana-tineret\/wp-json\/wp\/v2\/media\/2076"}],"wp:attachment":[{"href":"https:\/\/tinerimearomana.ro\/orchestra-romana-tineret\/wp-json\/wp\/v2\/media?parent=2075"}],"wp:term":[{"taxonomy":"category","embeddable":true,"href":"https:\/\/tinerimearomana.ro\/orchestra-romana-tineret\/wp-json\/wp\/v2\/categories?post=2075"},{"taxonomy":"post_tag","embeddable":true,"href":"https:\/\/tinerimearomana.ro\/orchestra-romana-tineret\/wp-json\/wp\/v2\/tags?post=2075"}],"curies":[{"name":"wp","href":"https:\/\/api.w.org\/{rel}","templated":true}]}}