{"id":2070,"date":"2018-03-05T10:57:36","date_gmt":"2018-03-05T10:57:36","guid":{"rendered":"http:\/\/tinerimearomana.ro\/orchestra-romana-tineret\/?p=2070"},"modified":"2023-03-18T09:23:45","modified_gmt":"2023-03-18T09:23:45","slug":"orchestra-romana-de-tineret-sub-bagheta-lui-cristian-macelaru-la-ateneul-roman","status":"publish","type":"post","link":"https:\/\/tinerimearomana.ro\/orchestra-romana-tineret\/orchestra-romana-de-tineret-sub-bagheta-lui-cristian-macelaru-la-ateneul-roman\/","title":{"rendered":"Orchestra Rom\u00e2n\u0103 de Tineret sub bagheta lui Cristian M\u0103celaru, la Ateneul Rom\u00e2n"},"content":{"rendered":"[infobox style=&#8217;info&#8217; static=&#8217;1&#8242;]\nOrchestra Rom\u00e2n\u0103 de Tineret sub bagheta lui Cristian M\u0103celaru ofer\u0103 publicului bucure\u015ftean un concert extraordinar \u00een seara de 4 martie 2018, de la ora 19.00, la Ateneul Rom\u00e2n. \u00cen program se va afla impresionantul oratoriu Patimile dup\u0103 Matei de Bach, la a c\u0103rui interpretare \u00ee\u015fi vor mai da concursul Corul de camer\u0103 Preludiu preg\u0103tit de Voicu En\u0103chescu, Corul de Copii Radio preg\u0103tit de Voicu Popescu \u015fi soli\u015ftii Nicholas Phan \u2013 tenor, Rodica Vic\u0103 \u2013 sopran\u0103, Antonela B\u00e2rnat \u2013 mezzo-sopran\u0103, Cristian Hodrea \u2013 bas, Iustinian Zetea \u2013 bas.<\/p>\n<p>Pe scen\u0103 se vor afla peste 120 de muzicieni!<\/p>\n<p>Evenimentul este al doilea de acest tip propus de Cristian M\u0103celaru \u015fi Orchestra Rom\u00e2n\u0103 de Tineret dup\u0103 concertul din decembrie 2016 cu impresionantul oratoriu Messiah de Georg Friedrich Haendel. Patimile dup\u0103 Matei de J. S. Bach reprezint\u0103 \u00eens\u0103 cea mai mare provocare de acest tip pentru Orchestra Rom\u00e2n\u0103 de Tineret.<\/p>\n<p>Vezi mai mult in articolul din <a href=\"https:\/\/www.cotidianul.ro\/orchestra-romana-de-tineret-sub-bagheta-lui-cristian-macelaru-la-ateneul-roman\/\">COTIDIANUL<\/a><\/p>\n[\/infobox][:]\n","protected":false},"excerpt":{"rendered":"<p>[infobox style=&#8217;info&#8217; static=&#8217;1&#8242;] Orchestra Rom\u00e2n\u0103 de Tineret sub bagheta lui Cristian M\u0103celaru ofer\u0103 publicului bucure\u015ftean un concert extraordinar \u00een seara de 4 martie 2018, de la ora 19.00, la Ateneul Rom\u00e2n. \u00cen program se va afla impresionantul oratoriu Patimile dup\u0103 Matei de Bach, la a c\u0103rui interpretare \u00ee\u015fi vor mai da concursul Corul de camer\u0103&#8230;<\/p>\n","protected":false},"author":1,"featured_media":2071,"comment_status":"closed","ping_status":"closed","sticky":false,"template":"","format":"standard","meta":{"_kad_post_transparent":"","_kad_post_title":"","_kad_post_layout":"","_kad_post_sidebar_id":"","_kad_post_content_style":"","_kad_post_vertical_padding":"","_kad_post_feature":"","_kad_post_feature_position":"","_kad_post_header":false,"_kad_post_footer":false,"_kad_post_classname":"","footnotes":""},"categories":[3],"tags":[],"class_list":["post-2070","post","type-post","status-publish","format-standard","has-post-thumbnail","hentry","category-presa-ro"],"_links":{"self":[{"href":"https:\/\/tinerimearomana.ro\/orchestra-romana-tineret\/wp-json\/wp\/v2\/posts\/2070"}],"collection":[{"href":"https:\/\/tinerimearomana.ro\/orchestra-romana-tineret\/wp-json\/wp\/v2\/posts"}],"about":[{"href":"https:\/\/tinerimearomana.ro\/orchestra-romana-tineret\/wp-json\/wp\/v2\/types\/post"}],"author":[{"embeddable":true,"href":"https:\/\/tinerimearomana.ro\/orchestra-romana-tineret\/wp-json\/wp\/v2\/users\/1"}],"replies":[{"embeddable":true,"href":"https:\/\/tinerimearomana.ro\/orchestra-romana-tineret\/wp-json\/wp\/v2\/comments?post=2070"}],"version-history":[{"count":2,"href":"https:\/\/tinerimearomana.ro\/orchestra-romana-tineret\/wp-json\/wp\/v2\/posts\/2070\/revisions"}],"predecessor-version":[{"id":2585,"href":"https:\/\/tinerimearomana.ro\/orchestra-romana-tineret\/wp-json\/wp\/v2\/posts\/2070\/revisions\/2585"}],"wp:featuredmedia":[{"embeddable":true,"href":"https:\/\/tinerimearomana.ro\/orchestra-romana-tineret\/wp-json\/wp\/v2\/media\/2071"}],"wp:attachment":[{"href":"https:\/\/tinerimearomana.ro\/orchestra-romana-tineret\/wp-json\/wp\/v2\/media?parent=2070"}],"wp:term":[{"taxonomy":"category","embeddable":true,"href":"https:\/\/tinerimearomana.ro\/orchestra-romana-tineret\/wp-json\/wp\/v2\/categories?post=2070"},{"taxonomy":"post_tag","embeddable":true,"href":"https:\/\/tinerimearomana.ro\/orchestra-romana-tineret\/wp-json\/wp\/v2\/tags?post=2070"}],"curies":[{"name":"wp","href":"https:\/\/api.w.org\/{rel}","templated":true}]}}