{"id":2025,"date":"2018-04-19T09:06:27","date_gmt":"2018-04-19T09:06:27","guid":{"rendered":"http:\/\/tinerimearomana.ro\/orchestra-romana-tineret\/?p=2025"},"modified":"2023-03-18T09:26:26","modified_gmt":"2023-03-18T09:26:26","slug":"orchestra-romana-de-tineret-la-festivalul-supercello-de-la-beijing","status":"publish","type":"post","link":"https:\/\/tinerimearomana.ro\/orchestra-romana-tineret\/orchestra-romana-de-tineret-la-festivalul-supercello-de-la-beijing\/","title":{"rendered":"ORCHESTRA ROMANA DE TINERET LA FESTIVALUL SUPERCELLO DE LA BEIJING"},"content":{"rendered":"[infobox style=&#8217;info&#8217; static=&#8217;1&#8242;]\n<div class=\"su-row\"><div class=\"su-column su-column-size-3-5\"><div class=\"su-column-inner su-u-clearfix su-u-trim\">\n<p>Prima apari\u021bie dup\u0103 40 de ani a unei orchestre rom\u00e2ne\u0219ti la Beijing!<\/p>\n<p>Orchestra Rom\u00e2n\u0103 de Tineret a fost aleas\u0103 s\u0103 sus\u021bin\u0103 acompaniamentul unuia dintre cele mai importante festivaluri mondiale dedicate violoncelului. Concertele vor avea loc \u00een data de <strong>28 \u0219i 30 aprilie<\/strong> \u00een marea sal\u0103 a Bibliotecii Na\u021bionale din Beijing, la pupitru afl\u00e2ndu-se dirijorul francez <strong>Phillipe de Chalendar<\/strong>.<\/p>\n<p><strong>Festivalul interna\u021bional SuperCello<\/strong> din capitala Chinei a fost \u00eenfiin\u021bat \u00een 2016 \u0219i este, dup\u0103 declara\u021bia marelui violoncelist chinez Chu Yibing, \u201cUn eveniment unde de la micul dejun \u0219i p\u00e2n\u0103 seara e\u0219ti \u00eenconjurat de cele mai incitante experien\u021be muzicale!\u201d.<\/p>\n<p>Considerat un adev\u0103rat rock-show al muzicii dedicate violoncelului, festivalul colaboreaz\u0103 cu cele mai importante academii de muzic\u0103 din lume, invit\u00e2nd cei mai renumi\u021bi profesori \u0219i tineri violonceli\u0219ti c\u00e2\u0219tig\u0103tori ale celor mai bine cotate concursuri interna\u021bionale.<\/p>\n<p>\u00cen acest an, nume celebre din lumea interpre\u021bilor la violoncel precum Marc Coppey, Rapha\u00ebl Pidoux, J\u00e9r\u00f4me Pernoo, Anne Gastinel, Julius Berger, Frans Helmerson, Claudio Boh\u00f3rguez, Wen-Sinn Yang, Martti Rousi sau Reinhard Latzko, vor sus\u021bine concerte \u0219i sesiuni de masterclass.<\/p>\n<p>Orchestra Rom\u00e2n\u0103 de Tineret, \u00eenfiin\u021bat\u0103 \u00een 2008 de violoncelistul \u0219i profesorul Marin Cazacu, este la ora actual\u0103 orchestra cu cea mai bogat\u0103 activitate pe scenele interna\u021bionale. Are deja un impresionant portofoliu de repertorii prezentate \u00een peste 150 de concerte, care acoper\u0103 al\u0103turi de muzica clasic\u0103 \u0219i alte zone stilistice precum rock-pop, jazz sau muzica de film, str\u0103lucind pe marile scene ale Europei.<\/p>\n<p>Programul interpretat de Orchestra Rom\u00e2n\u0103 de Tineret la SuperCello-Beijing 2018 cuprinde cele mai importante concerte \u0219i lucr\u0103ri dedicate violoncelului din crea\u021bia compozitorilor Richard Strauss, R.Schumann, D.Sostakovich, E. Lalo, A. Dvorak, C.Davidoff \u0219i E.Bloch.<\/p>\n<p><strong>Coproduc\u0103tori:<\/strong> Institutul Cultural Rom\u00e2n \u015fi Centrul Na\u021bional de Art\u0103 \u201eTinerimea Rom\u00e2n\u0103\u201c \u00een contextul manifest\u0103rilor Anului Centenar<\/p>\n<p><strong>Parteneri media:<\/strong> Radio Rom\u00e2nia Cultural, Radio Rom\u00e2nia Muzical, Q Magazine, Rom\u00e2nia TV, Observator Cultural, Liternet, Mediatrust, Miscareaderezistenta.ro.<\/p>\n<\/div><\/div>\n<div class=\"su-column su-column-size-2-5\"><div class=\"su-column-inner su-u-clearfix su-u-trim\">\n<p><img decoding=\"async\" class=\"aligncenter size-full wp-image-2026\" src=\"http:\/\/tinerimearomana.ro\/orchestra-romana-tineret\/wp-content\/uploads\/sites\/4\/2018\/04\/ORT-Beijing2018.jpg\" alt=\"\" width=\"100%\" height=\"210\" srcset=\"https:\/\/tinerimearomana.ro\/orchestra-romana-tineret\/wp-content\/uploads\/sites\/4\/2018\/04\/ORT-Beijing2018.jpg 950w, https:\/\/tinerimearomana.ro\/orchestra-romana-tineret\/wp-content\/uploads\/sites\/4\/2018\/04\/ORT-Beijing2018-300x169.jpg 300w, https:\/\/tinerimearomana.ro\/orchestra-romana-tineret\/wp-content\/uploads\/sites\/4\/2018\/04\/ORT-Beijing2018-768x432.jpg 768w\" sizes=\"(max-width: 950px) 100vw, 950px\" \/><\/p>\n<\/div><\/div><\/div>\n[\/infobox][:]\n","protected":false},"excerpt":{"rendered":"<p>[infobox style=&#8217;info&#8217; static=&#8217;1&#8242;] [\/infobox][:]<\/p>\n","protected":false},"author":1,"featured_media":2026,"comment_status":"closed","ping_status":"closed","sticky":false,"template":"","format":"standard","meta":{"_kad_post_transparent":"","_kad_post_title":"","_kad_post_layout":"","_kad_post_sidebar_id":"","_kad_post_content_style":"","_kad_post_vertical_padding":"","_kad_post_feature":"","_kad_post_feature_position":"","_kad_post_header":false,"_kad_post_footer":false,"_kad_post_classname":"","footnotes":""},"categories":[4],"tags":[],"class_list":["post-2025","post","type-post","status-publish","format-standard","has-post-thumbnail","hentry","category-concerte-ro"],"_links":{"self":[{"href":"https:\/\/tinerimearomana.ro\/orchestra-romana-tineret\/wp-json\/wp\/v2\/posts\/2025"}],"collection":[{"href":"https:\/\/tinerimearomana.ro\/orchestra-romana-tineret\/wp-json\/wp\/v2\/posts"}],"about":[{"href":"https:\/\/tinerimearomana.ro\/orchestra-romana-tineret\/wp-json\/wp\/v2\/types\/post"}],"author":[{"embeddable":true,"href":"https:\/\/tinerimearomana.ro\/orchestra-romana-tineret\/wp-json\/wp\/v2\/users\/1"}],"replies":[{"embeddable":true,"href":"https:\/\/tinerimearomana.ro\/orchestra-romana-tineret\/wp-json\/wp\/v2\/comments?post=2025"}],"version-history":[{"count":6,"href":"https:\/\/tinerimearomana.ro\/orchestra-romana-tineret\/wp-json\/wp\/v2\/posts\/2025\/revisions"}],"predecessor-version":[{"id":2578,"href":"https:\/\/tinerimearomana.ro\/orchestra-romana-tineret\/wp-json\/wp\/v2\/posts\/2025\/revisions\/2578"}],"wp:featuredmedia":[{"embeddable":true,"href":"https:\/\/tinerimearomana.ro\/orchestra-romana-tineret\/wp-json\/wp\/v2\/media\/2026"}],"wp:attachment":[{"href":"https:\/\/tinerimearomana.ro\/orchestra-romana-tineret\/wp-json\/wp\/v2\/media?parent=2025"}],"wp:term":[{"taxonomy":"category","embeddable":true,"href":"https:\/\/tinerimearomana.ro\/orchestra-romana-tineret\/wp-json\/wp\/v2\/categories?post=2025"},{"taxonomy":"post_tag","embeddable":true,"href":"https:\/\/tinerimearomana.ro\/orchestra-romana-tineret\/wp-json\/wp\/v2\/tags?post=2025"}],"curies":[{"name":"wp","href":"https:\/\/api.w.org\/{rel}","templated":true}]}}