{"id":2019,"date":"2018-03-19T10:52:39","date_gmt":"2018-03-19T10:52:39","guid":{"rendered":"http:\/\/tinerimearomana.ro\/orchestra-romana-tineret\/?p=2019"},"modified":"2023-03-18T09:26:26","modified_gmt":"2023-03-18T09:26:26","slug":"orchestra-romana-de-tineret-turneu-aniversar-de-10-ani-la-chisinau-si-balti","status":"publish","type":"post","link":"https:\/\/tinerimearomana.ro\/orchestra-romana-tineret\/orchestra-romana-de-tineret-turneu-aniversar-de-10-ani-la-chisinau-si-balti\/","title":{"rendered":"Orchestra Rom\u00e2n\u0103 de Tineret \u2013 turneu aniversar de 10 ani la Chi\u015fin\u0103u \u015fi B\u0103l\u0163i"},"content":{"rendered":"[infobox style=&#8217;info&#8217; static=&#8217;1&#8242;]\n<div class=\"su-row\"><div class=\"su-column su-column-size-3-5\"><div class=\"su-column-inner su-u-clearfix su-u-trim\"><strong>\u00a0\u00a0<\/strong><\/p>\n<p>Concertele de la Chi\u015fin\u0103u \u015fi B\u0103l\u0163i ale <strong>Orchestrei Rom\u00e2ne de Tineret<\/strong> dirijate de <strong>Cristian Mandeal<\/strong> reprezint\u0103 punctele cele mai emo\u0163ionante ale turneului prin care orchestra aniverseaz\u0103 10 ani de la \u00eenfiin\u0163are. Cele dou\u0103 evenimente vor avea loc pe <strong>20 martie<\/strong> de la <strong>ora 18<\/strong>, la <strong>Sala cu Org\u0103 din Chi\u015fin\u0103u<\/strong> \u015fi pe <strong>21 martie<\/strong> de la <strong>ora 18<\/strong>, la <strong>Teatrul Na\u0163ional \u201cVasile Alecsandri\u201d<\/strong> din <strong>B\u0103l\u0163i<\/strong>, ambele seri fiind organizate cu sprijinul Institutului Cultural Rom\u00e2n \u201cMihai Eminescu\u201d din Chi\u015fin\u0103u.<\/p>\n<p><strong>\u00a0\u00a0\u00a0\u00a0\u00a0\u00a0\u00a0\u00a0\u00a0\u00a0\u00a0 Marin Cazacu<\/strong>, director general al <strong>Centrului Na\u0163ional de Art\u0103 Tinerimea Rom\u00e2n\u0103<\/strong> declara la aniversare: <em>&#8221; Ceea ce e frumos este c\u0103 acum, la zece ani, la s\u0103rbatorire, vin diver\u0219i muzicieni, arti\u0219ti care acum sunt \u00eemplini\u021bi, maturi \u0219i care doresc s\u0103 \u00eei primim s\u0103 c\u00e2nte cu noi \u00een concertul aniversar de 10 ani, ei f\u0103c\u00e2nd parte din prima genera\u021bie. M\u0103 bucur\u0103 foarte mult lucrul \u0103sta.&#8221;<\/em><\/p>\n<p><strong>Orchestra Rom\u00e2n\u0103 de Tineret<\/strong> va interpreta sub bagheta lui <strong>Cristian Mandeal<\/strong> <em>Rapsodia a II-a<\/em> de George Enescu \u015fi <em>Simfonia a II-a<\/em> de Rachmaninov, care vor \u00eencadra, de aceast\u0103 dat\u0103 spectaculoasa lucrare a lui Saint-Saens \u2013 Introducere \u0219i Rondo Capriccioso, op. 28 pentru vioar\u0103 \u0219i orchestr\u0103, solist fiind violonistul <strong>Dan Iulian Dru\u0163ac<\/strong>.<\/p>\n<p><em>\u201cMi se pare mai mult dec\u00e2t legitim\u0103 o prezen\u021b\u0103 a <\/em><em>Orchestrei Rom\u00e2ne de Tineret \u00een Republica Moldova <\/em><em>\u00een contextul aniversar de 10 de ani. Facem parte din aceea\u0219i familie, acela\u0219i spa\u021biu geografic, istoric\u00a0 \u0219i cultural \u0219i avem acelea\u0219i nevoi \u0219i n\u0103zuin\u021be. Pe de alt\u0103 parte, am lucrat \u00een ace\u015fti 10 ani cu muzicieni moldoveni \u015fi cred c\u0103 atragerea unor muzicieni de talent veni\u0163i de aici \u00een mijlocul nostru are un dublu aspect, at\u00e2t simbolic, c\u00e2t \u0219i concret, prezen\u021ba acestora aduc\u00e2nd un plus de cunoa\u0219tere \u0219i recunoa\u0219tere pentru noi \u00een\u0219ine, pentru cine am fost \u0219i cine continu\u0103m s\u0103 fim. Ca \u00eentotdeauna, arta practicat\u0103 \u00een comunitate se constituie \u00een cel mai eficient mijloc de \u00een\u021belegere \u00eentre oameni.\u201d, <\/em>declara Cristian Mandeal.<\/p>\n<p>Violoncelistul Marin Cazacu, mai declara cu aceast\u0103 ocazie : <em>\u201c<\/em><em>\u00cen spiritul tradi\u021biei Societ\u0103\u021bii Tinerimea Rom\u00e2n\u0103, Centrul Na\u021bional de Art\u0103 \u201cTinerimea Rom\u00e2n\u0103\u201d are nobila misiune cultural\u0103 generatoare de schimb\u0103ri importante \u00een mentalitatea tinerilor \u0219i al celor ce frecventeaz\u0103 concertele \u0219i spectacolele noastre \u0219i urm\u0103resc profesionalismul, entuziasmul \u0219i optimismul pe care ace\u0219ti tineri \u00eel imprim\u0103 vie\u021bii muzicale rom\u00e2ne\u0219ti. \u00cen anul Centenarului Marii Unirii c\u00e2nd s\u0103rb\u0103torim \u0219i cei 70 de ani ai Ansamblului folcloric Cununa Carpa\u021bilor, 46 de ani ai Corului de camer\u0103 Preludiu, 33 de ani ai Ansamblului Archaeus, 12 ani ai Cvartetului Arcadia \u0219i 10 ani ai Orchestrei Rom\u00e2ne de Tineret,\u00a0 Centrul Na\u021bional de Art\u0103 \u201cTinerimea Rom\u00e2n\u0103\u201d construie\u0219te prin ac\u021biunele sale, cu d\u0103ruire \u0219i pasiune, o institu\u021bie modern\u0103 capabil\u0103 s\u0103\u00a0 garanteze viitorul vie\u021bii artistice din Rom\u00e2nia<\/em>.\u201d<\/p>\n<p>Turneu organizat de : <strong>Centrul Na\u021bional de Art\u0103 \u201eTinerimea Rom\u00e2n\u0103\u201c \u00een contextul manifest\u0103rilor Anului Centenar, \u00een colaborare cu Institutul Cultural Rom\u00e2n, Filarmonica \u201eGeorge Enescu\u201d din Bucure\u015fti, Festivalul Interna\u0163ional \u201cMarch Music Days\u201d de la Ruse \u015fi<\/strong> <strong>Institutul Cultural Rom\u00e2n \u201eMihai Eminescu\u201d din Chi\u015fin\u0103u.<\/strong><\/p>\n<p>Cu sprijinul :<\/p>\n<p><strong>Centrul Cultural si de Tineret &#8220;\u015etefan Iordache&#8221;<\/strong> \u015fi <strong>Prim\u0103ria sectorului 5<\/strong><\/p>\n<p>Parteneri : <strong>Radio Rom\u00e2nia, Lanto Communication, Funda\u021bia \u201ePrietenii Muzicii \u2013 Serafim Antropov\u201d, Bucharest Mercure City Center<\/strong><\/p>\n<p>Parteneri media: <strong>Radio Rom\u00e2nia Cultural, Radio Rom\u00e2nia Muzical, Q Magazine, Rom\u00e2nia TV, Observator Cultural, Liternet, Mediatrust, Miscareaderezistenta.ro.<\/strong><\/p>\n<\/div><\/div>\n<div class=\"su-column su-column-size-2-5\"><div class=\"su-column-inner su-u-clearfix su-u-trim\">\n<p><img decoding=\"async\" class=\"aligncenter size-full wp-image-2021\" src=\"http:\/\/tinerimearomana.ro\/orchestra-romana-tineret\/wp-content\/uploads\/sites\/4\/2018\/03\/Chisinau-ORT2018.jpg\" alt=\"\" width=\"100%\" height=\"550\" srcset=\"https:\/\/tinerimearomana.ro\/orchestra-romana-tineret\/wp-content\/uploads\/sites\/4\/2018\/03\/Chisinau-ORT2018.jpg 700w, https:\/\/tinerimearomana.ro\/orchestra-romana-tineret\/wp-content\/uploads\/sites\/4\/2018\/03\/Chisinau-ORT2018-185x300.jpg 185w, https:\/\/tinerimearomana.ro\/orchestra-romana-tineret\/wp-content\/uploads\/sites\/4\/2018\/03\/Chisinau-ORT2018-632x1024.jpg 632w\" sizes=\"(max-width: 700px) 100vw, 700px\" \/><\/p>\n<p><img decoding=\"async\" class=\"aligncenter size-full wp-image-2022\" src=\"http:\/\/tinerimearomana.ro\/orchestra-romana-tineret\/wp-content\/uploads\/sites\/4\/2018\/03\/Balti-ORT2018.jpg\" alt=\"\" width=\"100%\" height=\"550\" srcset=\"https:\/\/tinerimearomana.ro\/orchestra-romana-tineret\/wp-content\/uploads\/sites\/4\/2018\/03\/Balti-ORT2018.jpg 700w, https:\/\/tinerimearomana.ro\/orchestra-romana-tineret\/wp-content\/uploads\/sites\/4\/2018\/03\/Balti-ORT2018-185x300.jpg 185w, https:\/\/tinerimearomana.ro\/orchestra-romana-tineret\/wp-content\/uploads\/sites\/4\/2018\/03\/Balti-ORT2018-632x1024.jpg 632w\" sizes=\"(max-width: 700px) 100vw, 700px\" \/><\/p>\n<\/div><\/div><\/div>\n[\/infobox][:]\n","protected":false},"excerpt":{"rendered":"<p>[infobox style=&#8217;info&#8217; static=&#8217;1&#8242;] [\/infobox][:]<\/p>\n","protected":false},"author":1,"featured_media":2022,"comment_status":"closed","ping_status":"closed","sticky":false,"template":"","format":"standard","meta":{"_kad_post_transparent":"","_kad_post_title":"","_kad_post_layout":"","_kad_post_sidebar_id":"","_kad_post_content_style":"","_kad_post_vertical_padding":"","_kad_post_feature":"","_kad_post_feature_position":"","_kad_post_header":false,"_kad_post_footer":false,"_kad_post_classname":"","footnotes":""},"categories":[4],"tags":[],"class_list":["post-2019","post","type-post","status-publish","format-standard","has-post-thumbnail","hentry","category-concerte-ro"],"_links":{"self":[{"href":"https:\/\/tinerimearomana.ro\/orchestra-romana-tineret\/wp-json\/wp\/v2\/posts\/2019"}],"collection":[{"href":"https:\/\/tinerimearomana.ro\/orchestra-romana-tineret\/wp-json\/wp\/v2\/posts"}],"about":[{"href":"https:\/\/tinerimearomana.ro\/orchestra-romana-tineret\/wp-json\/wp\/v2\/types\/post"}],"author":[{"embeddable":true,"href":"https:\/\/tinerimearomana.ro\/orchestra-romana-tineret\/wp-json\/wp\/v2\/users\/1"}],"replies":[{"embeddable":true,"href":"https:\/\/tinerimearomana.ro\/orchestra-romana-tineret\/wp-json\/wp\/v2\/comments?post=2019"}],"version-history":[{"count":3,"href":"https:\/\/tinerimearomana.ro\/orchestra-romana-tineret\/wp-json\/wp\/v2\/posts\/2019\/revisions"}],"predecessor-version":[{"id":2577,"href":"https:\/\/tinerimearomana.ro\/orchestra-romana-tineret\/wp-json\/wp\/v2\/posts\/2019\/revisions\/2577"}],"wp:featuredmedia":[{"embeddable":true,"href":"https:\/\/tinerimearomana.ro\/orchestra-romana-tineret\/wp-json\/wp\/v2\/media\/2022"}],"wp:attachment":[{"href":"https:\/\/tinerimearomana.ro\/orchestra-romana-tineret\/wp-json\/wp\/v2\/media?parent=2019"}],"wp:term":[{"taxonomy":"category","embeddable":true,"href":"https:\/\/tinerimearomana.ro\/orchestra-romana-tineret\/wp-json\/wp\/v2\/categories?post=2019"},{"taxonomy":"post_tag","embeddable":true,"href":"https:\/\/tinerimearomana.ro\/orchestra-romana-tineret\/wp-json\/wp\/v2\/tags?post=2019"}],"curies":[{"name":"wp","href":"https:\/\/api.w.org\/{rel}","templated":true}]}}