{"id":2002,"date":"2018-03-12T09:46:26","date_gmt":"2018-03-12T09:46:26","guid":{"rendered":"http:\/\/tinerimearomana.ro\/orchestra-romana-tineret\/?p=2002"},"modified":"2024-06-25T10:34:04","modified_gmt":"2024-06-25T10:34:04","slug":"peste-120-de-muzicieni-pe-scena-ateneului-roman","status":"publish","type":"post","link":"https:\/\/tinerimearomana.ro\/orchestra-romana-tineret\/peste-120-de-muzicieni-pe-scena-ateneului-roman\/","title":{"rendered":"Peste 120 de muzicieni pe scena Ateneului ROMAN"},"content":{"rendered":"<p>&nbsp;<\/p>\n<div class=\"redred\" style=\"padding: 20px;\">O mare performan\u021b\u0103 artistic\u0103!<br \/>\nPeste 120 de muzicieni pe scena Ateneului.<br \/>\nOrchestra Rom\u00e2n\u0103 de Tineret sub bagheta lui Cristian M\u0103celaru<br \/>\n\u00een Patimile dup\u0103 Matei de BachAnsamblurile Centrului Na\u021bional de Art\u0103 &#8220;Tinerimea Rom\u00e2n\u0103&#8221; Orchestra Rom\u00e2n\u0103 de Tineret dirijat\u0103 de Cristian M\u0103celaru, Corul de Camer\u0103 Preludiu preg\u0103tit de dirijorul Voicu En\u0103chescu al\u0103turi de Corul de Copii Radio preg\u0103tit de dirijorul Voicu Popescu, av\u00e2nd ca soli\u0219ti pe Nicholas Phan &#8211; tenor, Rodica Vic\u0103 &#8211; sopran\u0103, Antonela B\u00e2rnat \u2013 mezzo-sopran\u0103, Cristian Hodrea \u2013 bas, Iustinian Zetea \u2013 bas, au oferit publicului care a umplut sala Ateneului Rom\u00e2n o versiune de \u00eenalt\u0103 performan\u021b\u0103 artistic\u0103.<br \/>\nFoto\/text: Virgil Oprina<\/p>\n<div class=\"su-custom-gallery su-custom-gallery-align-left su-custom-gallery-title-never su-lightbox-gallery\"><div class=\"su-custom-gallery-slide\" style=\"width:270px;height:190px\"><a href=\"https:\/\/tinerimearomana.ro\/orchestra-romana-tineret\/wp-content\/uploads\/sites\/4\/2018\/03\/120muzicieni-ORT2018-16.jpg\" title=\"120muzicieni-ORT2018 (16)\"><img fetchpriority=\"high\" decoding=\"async\" src=\"https:\/\/tinerimearomana.ro\/orchestra-romana-tineret\/wp-content\/uploads\/sites\/4\/2018\/03\/120muzicieni-ORT2018-16.jpg\" alt=\"120muzicieni-ORT2018 (16)\" width=\"270\" height=\"190\" \/><span class=\"su-custom-gallery-title\">120muzicieni-ORT2018 (16)<\/span><\/a><\/div><div class=\"su-custom-gallery-slide\" style=\"width:270px;height:190px\"><a href=\"https:\/\/tinerimearomana.ro\/orchestra-romana-tineret\/wp-content\/uploads\/sites\/4\/2018\/03\/120muzicieni-ORT2018-15.jpg\" title=\"120muzicieni-ORT2018 (15)\"><img decoding=\"async\" src=\"https:\/\/tinerimearomana.ro\/orchestra-romana-tineret\/wp-content\/uploads\/sites\/4\/2018\/03\/120muzicieni-ORT2018-15.jpg\" alt=\"120muzicieni-ORT2018 (15)\" width=\"270\" height=\"190\" \/><span class=\"su-custom-gallery-title\">120muzicieni-ORT2018 (15)<\/span><\/a><\/div><div class=\"su-custom-gallery-slide\" style=\"width:270px;height:190px\"><a href=\"https:\/\/tinerimearomana.ro\/orchestra-romana-tineret\/wp-content\/uploads\/sites\/4\/2018\/03\/120muzicieni-ORT2018-14.jpg\" title=\"120muzicieni-ORT2018 (14)\"><img decoding=\"async\" src=\"https:\/\/tinerimearomana.ro\/orchestra-romana-tineret\/wp-content\/uploads\/sites\/4\/2018\/03\/120muzicieni-ORT2018-14.jpg\" alt=\"120muzicieni-ORT2018 (14)\" width=\"270\" height=\"190\" \/><span class=\"su-custom-gallery-title\">120muzicieni-ORT2018 (14)<\/span><\/a><\/div><div class=\"su-custom-gallery-slide\" style=\"width:270px;height:190px\"><a href=\"https:\/\/tinerimearomana.ro\/orchestra-romana-tineret\/wp-content\/uploads\/sites\/4\/2018\/03\/120muzicieni-ORT2018-13.jpg\" title=\"120muzicieni-ORT2018 (13)\"><img loading=\"lazy\" decoding=\"async\" src=\"https:\/\/tinerimearomana.ro\/orchestra-romana-tineret\/wp-content\/uploads\/sites\/4\/2018\/03\/120muzicieni-ORT2018-13.jpg\" alt=\"120muzicieni-ORT2018 (13)\" width=\"270\" height=\"190\" \/><span class=\"su-custom-gallery-title\">120muzicieni-ORT2018 (13)<\/span><\/a><\/div><div class=\"su-custom-gallery-slide\" style=\"width:270px;height:190px\"><a href=\"https:\/\/tinerimearomana.ro\/orchestra-romana-tineret\/wp-content\/uploads\/sites\/4\/2018\/03\/120muzicieni-ORT2018-12.jpg\" title=\"120muzicieni-ORT2018 (12)\"><img loading=\"lazy\" decoding=\"async\" src=\"https:\/\/tinerimearomana.ro\/orchestra-romana-tineret\/wp-content\/uploads\/sites\/4\/2018\/03\/120muzicieni-ORT2018-12.jpg\" alt=\"120muzicieni-ORT2018 (12)\" width=\"270\" height=\"190\" \/><span class=\"su-custom-gallery-title\">120muzicieni-ORT2018 (12)<\/span><\/a><\/div><div class=\"su-custom-gallery-slide\" style=\"width:270px;height:190px\"><a href=\"https:\/\/tinerimearomana.ro\/orchestra-romana-tineret\/wp-content\/uploads\/sites\/4\/2018\/03\/120muzicieni-ORT2018-11.jpg\" title=\"120muzicieni-ORT2018 (11)\"><img loading=\"lazy\" decoding=\"async\" src=\"https:\/\/tinerimearomana.ro\/orchestra-romana-tineret\/wp-content\/uploads\/sites\/4\/2018\/03\/120muzicieni-ORT2018-11.jpg\" alt=\"120muzicieni-ORT2018 (11)\" width=\"270\" height=\"190\" \/><span class=\"su-custom-gallery-title\">120muzicieni-ORT2018 (11)<\/span><\/a><\/div><div class=\"su-custom-gallery-slide\" style=\"width:270px;height:190px\"><a href=\"https:\/\/tinerimearomana.ro\/orchestra-romana-tineret\/wp-content\/uploads\/sites\/4\/2018\/03\/120muzicieni-ORT2018-10.jpg\" title=\"120muzicieni-ORT2018 (10)\"><img loading=\"lazy\" decoding=\"async\" src=\"https:\/\/tinerimearomana.ro\/orchestra-romana-tineret\/wp-content\/uploads\/sites\/4\/2018\/03\/120muzicieni-ORT2018-10.jpg\" alt=\"120muzicieni-ORT2018 (10)\" width=\"270\" height=\"190\" \/><span class=\"su-custom-gallery-title\">120muzicieni-ORT2018 (10)<\/span><\/a><\/div><div class=\"su-custom-gallery-slide\" style=\"width:270px;height:190px\"><a href=\"https:\/\/tinerimearomana.ro\/orchestra-romana-tineret\/wp-content\/uploads\/sites\/4\/2018\/03\/120muzicieni-ORT2018-9.jpg\" title=\"120muzicieni-ORT2018 (9)\"><img loading=\"lazy\" decoding=\"async\" src=\"https:\/\/tinerimearomana.ro\/orchestra-romana-tineret\/wp-content\/uploads\/sites\/4\/2018\/03\/120muzicieni-ORT2018-9.jpg\" alt=\"120muzicieni-ORT2018 (9)\" width=\"270\" height=\"190\" \/><span class=\"su-custom-gallery-title\">120muzicieni-ORT2018 (9)<\/span><\/a><\/div><div class=\"su-custom-gallery-slide\" style=\"width:270px;height:190px\"><a href=\"https:\/\/tinerimearomana.ro\/orchestra-romana-tineret\/wp-content\/uploads\/sites\/4\/2018\/03\/120muzicieni-ORT2018-8.jpg\" title=\"120muzicieni-ORT2018 (8)\"><img loading=\"lazy\" decoding=\"async\" src=\"https:\/\/tinerimearomana.ro\/orchestra-romana-tineret\/wp-content\/uploads\/sites\/4\/2018\/03\/120muzicieni-ORT2018-8.jpg\" alt=\"120muzicieni-ORT2018 (8)\" width=\"270\" height=\"190\" \/><span class=\"su-custom-gallery-title\">120muzicieni-ORT2018 (8)<\/span><\/a><\/div><div class=\"su-custom-gallery-slide\" style=\"width:270px;height:190px\"><a href=\"https:\/\/tinerimearomana.ro\/orchestra-romana-tineret\/wp-content\/uploads\/sites\/4\/2018\/03\/120muzicieni-ORT2018-7.jpg\" title=\"120muzicieni-ORT2018 (7)\"><img loading=\"lazy\" decoding=\"async\" src=\"https:\/\/tinerimearomana.ro\/orchestra-romana-tineret\/wp-content\/uploads\/sites\/4\/2018\/03\/120muzicieni-ORT2018-7.jpg\" alt=\"120muzicieni-ORT2018 (7)\" width=\"270\" height=\"190\" \/><span class=\"su-custom-gallery-title\">120muzicieni-ORT2018 (7)<\/span><\/a><\/div><div class=\"su-custom-gallery-slide\" style=\"width:270px;height:190px\"><a href=\"https:\/\/tinerimearomana.ro\/orchestra-romana-tineret\/wp-content\/uploads\/sites\/4\/2018\/03\/120muzicieni-ORT2018-6.jpg\" title=\"120muzicieni-ORT2018 (6)\"><img loading=\"lazy\" decoding=\"async\" src=\"https:\/\/tinerimearomana.ro\/orchestra-romana-tineret\/wp-content\/uploads\/sites\/4\/2018\/03\/120muzicieni-ORT2018-6.jpg\" alt=\"120muzicieni-ORT2018 (6)\" width=\"270\" height=\"190\" \/><span class=\"su-custom-gallery-title\">120muzicieni-ORT2018 (6)<\/span><\/a><\/div><div class=\"su-custom-gallery-slide\" style=\"width:270px;height:190px\"><a href=\"https:\/\/tinerimearomana.ro\/orchestra-romana-tineret\/wp-content\/uploads\/sites\/4\/2018\/03\/120muzicieni-ORT2018-5.jpg\" title=\"120muzicieni-ORT2018 (5)\"><img loading=\"lazy\" decoding=\"async\" src=\"https:\/\/tinerimearomana.ro\/orchestra-romana-tineret\/wp-content\/uploads\/sites\/4\/2018\/03\/120muzicieni-ORT2018-5.jpg\" alt=\"120muzicieni-ORT2018 (5)\" width=\"270\" height=\"190\" \/><span class=\"su-custom-gallery-title\">120muzicieni-ORT2018 (5)<\/span><\/a><\/div><div class=\"su-custom-gallery-slide\" style=\"width:270px;height:190px\"><a href=\"https:\/\/tinerimearomana.ro\/orchestra-romana-tineret\/wp-content\/uploads\/sites\/4\/2018\/03\/120muzicieni-ORT2018-4.jpg\" title=\"120muzicieni-ORT2018 (4)\"><img loading=\"lazy\" decoding=\"async\" src=\"https:\/\/tinerimearomana.ro\/orchestra-romana-tineret\/wp-content\/uploads\/sites\/4\/2018\/03\/120muzicieni-ORT2018-4.jpg\" alt=\"120muzicieni-ORT2018 (4)\" width=\"270\" height=\"190\" \/><span class=\"su-custom-gallery-title\">120muzicieni-ORT2018 (4)<\/span><\/a><\/div><div class=\"su-custom-gallery-slide\" style=\"width:270px;height:190px\"><a href=\"https:\/\/tinerimearomana.ro\/orchestra-romana-tineret\/wp-content\/uploads\/sites\/4\/2018\/03\/120muzicieni-ORT2018-3.jpg\" title=\"120muzicieni-ORT2018 (3)\"><img loading=\"lazy\" decoding=\"async\" src=\"https:\/\/tinerimearomana.ro\/orchestra-romana-tineret\/wp-content\/uploads\/sites\/4\/2018\/03\/120muzicieni-ORT2018-3.jpg\" alt=\"120muzicieni-ORT2018 (3)\" width=\"270\" height=\"190\" \/><span class=\"su-custom-gallery-title\">120muzicieni-ORT2018 (3)<\/span><\/a><\/div><div class=\"su-custom-gallery-slide\" style=\"width:270px;height:190px\"><a href=\"https:\/\/tinerimearomana.ro\/orchestra-romana-tineret\/wp-content\/uploads\/sites\/4\/2018\/03\/120muzicieni-ORT2018-2.jpg\" title=\"120muzicieni-ORT2018 (2)\"><img loading=\"lazy\" decoding=\"async\" src=\"https:\/\/tinerimearomana.ro\/orchestra-romana-tineret\/wp-content\/uploads\/sites\/4\/2018\/03\/120muzicieni-ORT2018-2.jpg\" alt=\"120muzicieni-ORT2018 (2)\" width=\"270\" height=\"190\" \/><span class=\"su-custom-gallery-title\">120muzicieni-ORT2018 (2)<\/span><\/a><\/div><div class=\"su-custom-gallery-slide\" style=\"width:270px;height:190px\"><a href=\"https:\/\/tinerimearomana.ro\/orchestra-romana-tineret\/wp-content\/uploads\/sites\/4\/2018\/03\/120muzicieni-ORT2018-1.jpg\" title=\"120muzicieni-ORT2018 (1)\"><img loading=\"lazy\" decoding=\"async\" src=\"https:\/\/tinerimearomana.ro\/orchestra-romana-tineret\/wp-content\/uploads\/sites\/4\/2018\/03\/120muzicieni-ORT2018-1.jpg\" alt=\"120muzicieni-ORT2018 (1)\" width=\"270\" height=\"190\" \/><span class=\"su-custom-gallery-title\">120muzicieni-ORT2018 (1)<\/span><\/a><\/div><div class=\"su-custom-gallery-slide\" style=\"width:270px;height:190px\"><a href=\"https:\/\/tinerimearomana.ro\/orchestra-romana-tineret\/wp-content\/uploads\/sites\/4\/2018\/03\/120muzicieni-ORT2018-30.jpg\" title=\"120muzicieni-ORT2018 (30)\"><img loading=\"lazy\" decoding=\"async\" src=\"https:\/\/tinerimearomana.ro\/orchestra-romana-tineret\/wp-content\/uploads\/sites\/4\/2018\/03\/120muzicieni-ORT2018-30.jpg\" alt=\"120muzicieni-ORT2018 (30)\" width=\"270\" height=\"190\" \/><span class=\"su-custom-gallery-title\">120muzicieni-ORT2018 (30)<\/span><\/a><\/div><div class=\"su-custom-gallery-slide\" style=\"width:270px;height:190px\"><a href=\"https:\/\/tinerimearomana.ro\/orchestra-romana-tineret\/wp-content\/uploads\/sites\/4\/2018\/03\/120muzicieni-ORT2018-31.jpg\" title=\"120muzicieni-ORT2018 (31)\"><img loading=\"lazy\" decoding=\"async\" src=\"https:\/\/tinerimearomana.ro\/orchestra-romana-tineret\/wp-content\/uploads\/sites\/4\/2018\/03\/120muzicieni-ORT2018-31.jpg\" alt=\"120muzicieni-ORT2018 (31)\" width=\"270\" height=\"190\" \/><span class=\"su-custom-gallery-title\">120muzicieni-ORT2018 (31)<\/span><\/a><\/div><div class=\"su-custom-gallery-slide\" style=\"width:270px;height:190px\"><a href=\"https:\/\/tinerimearomana.ro\/orchestra-romana-tineret\/wp-content\/uploads\/sites\/4\/2018\/03\/120muzicieni-ORT2018-29.jpg\" title=\"120muzicieni-ORT2018 (29)\"><img loading=\"lazy\" decoding=\"async\" src=\"https:\/\/tinerimearomana.ro\/orchestra-romana-tineret\/wp-content\/uploads\/sites\/4\/2018\/03\/120muzicieni-ORT2018-29.jpg\" alt=\"120muzicieni-ORT2018 (29)\" width=\"270\" height=\"190\" \/><span class=\"su-custom-gallery-title\">120muzicieni-ORT2018 (29)<\/span><\/a><\/div><div class=\"su-custom-gallery-slide\" style=\"width:270px;height:190px\"><a href=\"https:\/\/tinerimearomana.ro\/orchestra-romana-tineret\/wp-content\/uploads\/sites\/4\/2018\/03\/120muzicieni-ORT2018-28.jpg\" title=\"120muzicieni-ORT2018 (28)\"><img loading=\"lazy\" decoding=\"async\" src=\"https:\/\/tinerimearomana.ro\/orchestra-romana-tineret\/wp-content\/uploads\/sites\/4\/2018\/03\/120muzicieni-ORT2018-28.jpg\" alt=\"120muzicieni-ORT2018 (28)\" width=\"270\" height=\"190\" \/><span class=\"su-custom-gallery-title\">120muzicieni-ORT2018 (28)<\/span><\/a><\/div><div class=\"su-clear\"><\/div><\/div>\n<\/div>\n[:]\n","protected":false},"excerpt":{"rendered":"<p>&nbsp; O mare performan\u021b\u0103 artistic\u0103! Peste 120 de muzicieni pe scena Ateneului. Orchestra Rom\u00e2n\u0103 de Tineret sub bagheta lui Cristian M\u0103celaru \u00een Patimile dup\u0103 Matei de BachAnsamblurile Centrului Na\u021bional de Art\u0103 &#8220;Tinerimea Rom\u00e2n\u0103&#8221; Orchestra Rom\u00e2n\u0103 de Tineret dirijat\u0103 de Cristian M\u0103celaru, Corul de Camer\u0103 Preludiu preg\u0103tit de dirijorul Voicu En\u0103chescu al\u0103turi de Corul de Copii&#8230;<\/p>\n","protected":false},"author":1,"featured_media":1984,"comment_status":"closed","ping_status":"closed","sticky":false,"template":"","format":"standard","meta":{"_kad_post_transparent":"","_kad_post_title":"","_kad_post_layout":"","_kad_post_sidebar_id":"","_kad_post_content_style":"","_kad_post_vertical_padding":"","_kad_post_feature":"","_kad_post_feature_position":"","_kad_post_header":false,"_kad_post_footer":false,"_kad_post_classname":"","footnotes":""},"categories":[14],"tags":[],"class_list":["post-2002","post","type-post","status-publish","format-standard","has-post-thumbnail","hentry","category-foto-2018"],"_links":{"self":[{"href":"https:\/\/tinerimearomana.ro\/orchestra-romana-tineret\/wp-json\/wp\/v2\/posts\/2002"}],"collection":[{"href":"https:\/\/tinerimearomana.ro\/orchestra-romana-tineret\/wp-json\/wp\/v2\/posts"}],"about":[{"href":"https:\/\/tinerimearomana.ro\/orchestra-romana-tineret\/wp-json\/wp\/v2\/types\/post"}],"author":[{"embeddable":true,"href":"https:\/\/tinerimearomana.ro\/orchestra-romana-tineret\/wp-json\/wp\/v2\/users\/1"}],"replies":[{"embeddable":true,"href":"https:\/\/tinerimearomana.ro\/orchestra-romana-tineret\/wp-json\/wp\/v2\/comments?post=2002"}],"version-history":[{"count":3,"href":"https:\/\/tinerimearomana.ro\/orchestra-romana-tineret\/wp-json\/wp\/v2\/posts\/2002\/revisions"}],"predecessor-version":[{"id":2580,"href":"https:\/\/tinerimearomana.ro\/orchestra-romana-tineret\/wp-json\/wp\/v2\/posts\/2002\/revisions\/2580"}],"wp:featuredmedia":[{"embeddable":true,"href":"https:\/\/tinerimearomana.ro\/orchestra-romana-tineret\/wp-json\/wp\/v2\/media\/1984"}],"wp:attachment":[{"href":"https:\/\/tinerimearomana.ro\/orchestra-romana-tineret\/wp-json\/wp\/v2\/media?parent=2002"}],"wp:term":[{"taxonomy":"category","embeddable":true,"href":"https:\/\/tinerimearomana.ro\/orchestra-romana-tineret\/wp-json\/wp\/v2\/categories?post=2002"},{"taxonomy":"post_tag","embeddable":true,"href":"https:\/\/tinerimearomana.ro\/orchestra-romana-tineret\/wp-json\/wp\/v2\/tags?post=2002"}],"curies":[{"name":"wp","href":"https:\/\/api.w.org\/{rel}","templated":true}]}}