{"id":1811,"date":"2018-01-23T22:47:47","date_gmt":"2018-01-23T22:47:47","guid":{"rendered":"http:\/\/tinerimearomana.ro\/orchestra-romana-tineret\/?p=1811"},"modified":"2023-03-18T09:23:45","modified_gmt":"2023-03-18T09:23:45","slug":"orchestra-romana-de-tineret-in-concert-extraordinar-la-istanbul-de-ziua-nationala-a-romaniei-2017","status":"publish","type":"post","link":"https:\/\/tinerimearomana.ro\/orchestra-romana-tineret\/orchestra-romana-de-tineret-in-concert-extraordinar-la-istanbul-de-ziua-nationala-a-romaniei-2017\/","title":{"rendered":"Orchestra Rom\u00e2n\u0103 de Tineret \u00een concert extraordinar la Istanbul de Ziua Na\u0163ional\u0103 a Rom\u00e2niei, 2017"},"content":{"rendered":"[infobox style=&#8217;info&#8217; static=&#8217;1&#8242;]\n\u00cen sala mare de spectacole a Centrului Cemal Re\u015fit Rey, la Istanbul, a avut loc la \u00eenceput de decembrie 2017 concertul dedicat s\u0103rb\u0103toririi Zilei Na\u0163ionale a Rom\u00e2niei sus\u0163inut de Orchestra Rom\u00e2n\u0103 de Tineret, sub bagheta lui Cristian Mandeal, solist\u0103 fiind violonista Ioana Goicea.<\/p>\n<p>Evenimentul a fost organizat de Centrul Na\u0163ional de Art\u0103 &#8220;Tinerimea Rom\u00e2n\u0103&#8221;, Institutul Cultural Rom\u00e2n \u015fi Institutul Cultural Rom\u00e2n &#8220;Dimitrie Cantemir&#8221; din Istanbul, \u00een colaborare cu Prim\u0103ria Metropolitan\u0103 Istanbul \u015fi reprezint\u0103 o reeditare a unui proiect similar din anul 2015.<\/p>\n<p>Pulsa\u0163ia imensei metropole care este Istanbulul este impresionant\u0103. Uria\u015ful cu peste 14 milioane de locuitori \u00eent\u00e2mpin\u0103 \u00eenc\u0103 de pe autostrad\u0103 cele dou\u0103 autocare cu cei 78 de muzicieni ai Orchestrei Rom\u00e2ne de Tineret cu imense cartiere reziden\u0163iale, pentru ca apoi, intr\u00e2nd \u00een ora\u015f, informa\u0163ia vizual\u0103 s\u0103 explodeze \u00een milioanele de becuri, led-uri \u015fi neoane care \u00eenso\u0163esc de la luxuriantul comer\u0163 stradal, p\u00e2n\u0103 la anun\u0163uri ale evenimentelor din zona artelor spectacolului.<\/p>\n<p>Vezi mai mult in articolul <a href=\"http:\/\/agenda.liternet.ro\/articol\/22345\/Virgil-Oprina\/Orchestra-Romana-de-Tineret-in-concert-extraordinar-la-Istanbul-de-Ziua-Nationala-a-Romaniei-2017.html\" target=\"_blank\" rel=\"noopener\">Agenda LiterNet<\/a><\/p>\n[\/infobox][:]\n","protected":false},"excerpt":{"rendered":"<p>[infobox style=&#8217;info&#8217; static=&#8217;1&#8242;] \u00cen sala mare de spectacole a Centrului Cemal Re\u015fit Rey, la Istanbul, a avut loc la \u00eenceput de decembrie 2017 concertul dedicat s\u0103rb\u0103toririi Zilei Na\u0163ionale a Rom\u00e2niei sus\u0163inut de Orchestra Rom\u00e2n\u0103 de Tineret, sub bagheta lui Cristian Mandeal, solist\u0103 fiind violonista Ioana Goicea. Evenimentul a fost organizat de Centrul Na\u0163ional de Art\u0103&#8230;<\/p>\n","protected":false},"author":1,"featured_media":1813,"comment_status":"closed","ping_status":"closed","sticky":false,"template":"","format":"standard","meta":{"_kad_post_transparent":"","_kad_post_title":"","_kad_post_layout":"","_kad_post_sidebar_id":"","_kad_post_content_style":"","_kad_post_vertical_padding":"","_kad_post_feature":"","_kad_post_feature_position":"","_kad_post_header":false,"_kad_post_footer":false,"_kad_post_classname":"","footnotes":""},"categories":[3],"tags":[],"class_list":["post-1811","post","type-post","status-publish","format-standard","has-post-thumbnail","hentry","category-presa-ro"],"_links":{"self":[{"href":"https:\/\/tinerimearomana.ro\/orchestra-romana-tineret\/wp-json\/wp\/v2\/posts\/1811"}],"collection":[{"href":"https:\/\/tinerimearomana.ro\/orchestra-romana-tineret\/wp-json\/wp\/v2\/posts"}],"about":[{"href":"https:\/\/tinerimearomana.ro\/orchestra-romana-tineret\/wp-json\/wp\/v2\/types\/post"}],"author":[{"embeddable":true,"href":"https:\/\/tinerimearomana.ro\/orchestra-romana-tineret\/wp-json\/wp\/v2\/users\/1"}],"replies":[{"embeddable":true,"href":"https:\/\/tinerimearomana.ro\/orchestra-romana-tineret\/wp-json\/wp\/v2\/comments?post=1811"}],"version-history":[{"count":2,"href":"https:\/\/tinerimearomana.ro\/orchestra-romana-tineret\/wp-json\/wp\/v2\/posts\/1811\/revisions"}],"predecessor-version":[{"id":2605,"href":"https:\/\/tinerimearomana.ro\/orchestra-romana-tineret\/wp-json\/wp\/v2\/posts\/1811\/revisions\/2605"}],"wp:featuredmedia":[{"embeddable":true,"href":"https:\/\/tinerimearomana.ro\/orchestra-romana-tineret\/wp-json\/wp\/v2\/media\/1813"}],"wp:attachment":[{"href":"https:\/\/tinerimearomana.ro\/orchestra-romana-tineret\/wp-json\/wp\/v2\/media?parent=1811"}],"wp:term":[{"taxonomy":"category","embeddable":true,"href":"https:\/\/tinerimearomana.ro\/orchestra-romana-tineret\/wp-json\/wp\/v2\/categories?post=1811"},{"taxonomy":"post_tag","embeddable":true,"href":"https:\/\/tinerimearomana.ro\/orchestra-romana-tineret\/wp-json\/wp\/v2\/tags?post=1811"}],"curies":[{"name":"wp","href":"https:\/\/api.w.org\/{rel}","templated":true}]}}