{"id":1730,"date":"2017-06-15T13:16:12","date_gmt":"2017-06-15T13:16:12","guid":{"rendered":"http:\/\/tinerimearomana.ro\/orchestra-romana-tineret\/?p=1730"},"modified":"2023-03-18T09:23:45","modified_gmt":"2023-03-18T09:23:45","slug":"orchestra-romana-de-tineret-sustine-un-concert-extraordinar-in-premiera-la-sibiu","status":"publish","type":"post","link":"https:\/\/tinerimearomana.ro\/orchestra-romana-tineret\/orchestra-romana-de-tineret-sustine-un-concert-extraordinar-in-premiera-la-sibiu\/","title":{"rendered":"Orchestra Rom\u00e2n\u0103 de Tineret sus\u021bine un concert extraordinar, \u00een premier\u0103 la Sibiu"},"content":{"rendered":"[infobox style=&#8217;info&#8217; static=&#8217;1&#8242;]\nOrchestra Rom\u00e2n\u0103 de Tineret va sus\u021bine un concert extarordinar, \u00een premier\u0103 la Sibiu, \u00een cadrul Zilelor Rom\u00e2n\u0103 Americane. Concertul \u00een \u201emi minor\u201d pentru vioar\u0103 \u0219i orchestr\u0103, op. 64 de Felix Mendelssohn Bartholdy \u0219i Simfonia nr. 11 \u00een sol minor \u201eAnul 1905&#8243; de Dimitri \u0218ostakovici sunt cele dou\u0103 luc\u0103ri din programul concertului pe care \u00eel va sus\u021bine, la Sibiu, Orchestra Rom\u00e2n\u0103 de Tineret.<\/p>\n<p>La pupitrul dirijoral se va afla maestrul Cristian M\u0103celaru, iar solist va fi Marc Bouchkov. Evenimentul va avea loc luni, 26 iunie, la Sala Thalia, cu \u00eencepere de la ora 19.<\/p>\n<p>Apari\u021bii \u00een pres\u0103 aici <a href=\"http:\/\/www.tribuna.ro\/stiri\/eveniment\/orchestra-romana-de-tineret-sustine-un-concert-extraordinar-in-premiera-la-sibiu-127070.html\" target=\"_blank\" rel=\"noopener\">Tribuna<\/a><\/p>\n<p>sau aici<\/p>\n<p><a href=\"http:\/\/www.mesageruldesibiu.ro\/concert-extraordinar-al-orchestrei-romane-de-tineret-la-sibiu\/\" target=\"_blank\" rel=\"noopener\">Mesagerul de Sibiu<\/a><\/p>\n[\/infobox][:]\n","protected":false},"excerpt":{"rendered":"<p>[infobox style=&#8217;info&#8217; static=&#8217;1&#8242;] Orchestra Rom\u00e2n\u0103 de Tineret va sus\u021bine un concert extarordinar, \u00een premier\u0103 la Sibiu, \u00een cadrul Zilelor Rom\u00e2n\u0103 Americane. Concertul \u00een \u201emi minor\u201d pentru vioar\u0103 \u0219i orchestr\u0103, op. 64 de Felix Mendelssohn Bartholdy \u0219i Simfonia nr. 11 \u00een sol minor \u201eAnul 1905&#8243; de Dimitri \u0218ostakovici sunt cele dou\u0103 luc\u0103ri din programul concertului pe&#8230;<\/p>\n","protected":false},"author":1,"featured_media":1731,"comment_status":"closed","ping_status":"closed","sticky":false,"template":"","format":"standard","meta":{"_kad_post_transparent":"","_kad_post_title":"","_kad_post_layout":"","_kad_post_sidebar_id":"","_kad_post_content_style":"","_kad_post_vertical_padding":"","_kad_post_feature":"","_kad_post_feature_position":"","_kad_post_header":false,"_kad_post_footer":false,"_kad_post_classname":"","footnotes":""},"categories":[3],"tags":[],"class_list":["post-1730","post","type-post","status-publish","format-standard","has-post-thumbnail","hentry","category-presa-ro"],"_links":{"self":[{"href":"https:\/\/tinerimearomana.ro\/orchestra-romana-tineret\/wp-json\/wp\/v2\/posts\/1730"}],"collection":[{"href":"https:\/\/tinerimearomana.ro\/orchestra-romana-tineret\/wp-json\/wp\/v2\/posts"}],"about":[{"href":"https:\/\/tinerimearomana.ro\/orchestra-romana-tineret\/wp-json\/wp\/v2\/types\/post"}],"author":[{"embeddable":true,"href":"https:\/\/tinerimearomana.ro\/orchestra-romana-tineret\/wp-json\/wp\/v2\/users\/1"}],"replies":[{"embeddable":true,"href":"https:\/\/tinerimearomana.ro\/orchestra-romana-tineret\/wp-json\/wp\/v2\/comments?post=1730"}],"version-history":[{"count":2,"href":"https:\/\/tinerimearomana.ro\/orchestra-romana-tineret\/wp-json\/wp\/v2\/posts\/1730\/revisions"}],"predecessor-version":[{"id":2619,"href":"https:\/\/tinerimearomana.ro\/orchestra-romana-tineret\/wp-json\/wp\/v2\/posts\/1730\/revisions\/2619"}],"wp:featuredmedia":[{"embeddable":true,"href":"https:\/\/tinerimearomana.ro\/orchestra-romana-tineret\/wp-json\/wp\/v2\/media\/1731"}],"wp:attachment":[{"href":"https:\/\/tinerimearomana.ro\/orchestra-romana-tineret\/wp-json\/wp\/v2\/media?parent=1730"}],"wp:term":[{"taxonomy":"category","embeddable":true,"href":"https:\/\/tinerimearomana.ro\/orchestra-romana-tineret\/wp-json\/wp\/v2\/categories?post=1730"},{"taxonomy":"post_tag","embeddable":true,"href":"https:\/\/tinerimearomana.ro\/orchestra-romana-tineret\/wp-json\/wp\/v2\/tags?post=1730"}],"curies":[{"name":"wp","href":"https:\/\/api.w.org\/{rel}","templated":true}]}}