{"id":1724,"date":"2017-04-11T11:43:09","date_gmt":"2017-04-11T11:43:09","guid":{"rendered":"http:\/\/tinerimearomana.ro\/orchestra-romana-tineret\/?p=1724"},"modified":"2023-03-18T09:23:45","modified_gmt":"2023-03-18T09:23:45","slug":"orchestra-romana-de-tineret-o-aparitie-spectaculoasa-la-timisoara-linz-si-salzburg","status":"publish","type":"post","link":"https:\/\/tinerimearomana.ro\/orchestra-romana-tineret\/orchestra-romana-de-tineret-o-aparitie-spectaculoasa-la-timisoara-linz-si-salzburg\/","title":{"rendered":"Orchestra Rom\u00e2n\u0103 de Tineret, o apari\u021bie spectaculoas\u0103 la Timi\u015foara, Linz \u015fi Salzburg"},"content":{"rendered":"[infobox style=&#8217;info&#8217; static=&#8217;1&#8242;]\nOrchestra Rom\u00e2n\u0103 de Tineret, \u00eentr-o componen\u0163\u0103 inedit\u0103 de 70 de violoni\u015fti, violi\u015fti, violonceli\u015fti \u015fi contrabasi\u015fti, va sus\u0163ine trei concerte la Timi\u015foara, Linz \u015fi Salzburg, pe 24, 26 \u015fi 27 martie, av\u00e2ndu-i ca soli\u015fti pe super-percu\u021bioni\u0219tii cvartetului Wavecondus de Bogdan B\u0103canu.<\/p>\n<p>Aceast\u0103 formul\u0103 de succes a \u00eenregistrat anul trecut pentru casa german\u0103 de discuri Genuine un spectaculos program dedicat marimbafonului, cvartetul Wave interpet\u00e2nd pe instrumente unicat produse special de c\u0103tre firma Adams din care se distinge marimbafonul \u201emarca Bogdan B\u0103canu\u201c.<\/p>\n<p>Concertul de la Timi\u015foara va avea loc pe 24 martie, la ora 19.00, la Sala Capitol \u015fi va fi urmat de dou\u0103 concerte \u00een Austria organizate cu sprijinul Institutului Cultural Rom\u00e2n de la Viena \u015fi al Ambasadei Rom\u00e2niei \u00een Republica Austria.<\/p>\n<p>Primul eveniment are loc pe 26 martie, de la ora 11.00, la Bruckner Haus din Linz, iar cel de al doilea pe 27 martie, de la ora 19.30 la Alte Residenz din Salzburg. Concertul de la Salzburg marcheaz\u0103 aniversarea a zece ani de la aderarea Rom\u00e2niei la Uniunea European\u0103.<\/p>\n<p>vezi continuarea aici <a href=\"https:\/\/www.dcnews.ro\/orchestra-romana-de-tineret-o-apari-ie-spectaculoasa-la-timisoara-linz-si-salzburg_536740.html\" target=\"_blank\" rel=\"noopener\">DC NEWS<\/a><\/p>\n<p>sau aici<\/p>\n<p><a href=\"https:\/\/cultural.bzi.ro\/orchestra-romana-de-tineret-o-aparitie-spectaculoasa-la-timisoara-linz-si-salzburg-54912\" target=\"_blank\" rel=\"noopener\">CULTURAL BZI<\/a><\/p>\n<div class=\"fb-video\" data-href=\"https:\/\/www.facebook.com\/CentrulNationalTinerimeaRomana\/videos\/1413343885397390\/\" data-allowfullscreen=\"true\" data-width=\"500\"><\/div>\n[\/infobox][:]\n","protected":false},"excerpt":{"rendered":"<p>[infobox style=&#8217;info&#8217; static=&#8217;1&#8242;] Orchestra Rom\u00e2n\u0103 de Tineret, \u00eentr-o componen\u0163\u0103 inedit\u0103 de 70 de violoni\u015fti, violi\u015fti, violonceli\u015fti \u015fi contrabasi\u015fti, va sus\u0163ine trei concerte la Timi\u015foara, Linz \u015fi Salzburg, pe 24, 26 \u015fi 27 martie, av\u00e2ndu-i ca soli\u015fti pe super-percu\u021bioni\u0219tii cvartetului Wavecondus de Bogdan B\u0103canu. Aceast\u0103 formul\u0103 de succes a \u00eenregistrat anul trecut pentru casa german\u0103 de&#8230;<\/p>\n","protected":false},"author":1,"featured_media":1618,"comment_status":"closed","ping_status":"closed","sticky":false,"template":"","format":"standard","meta":{"_kad_post_transparent":"","_kad_post_title":"","_kad_post_layout":"","_kad_post_sidebar_id":"","_kad_post_content_style":"","_kad_post_vertical_padding":"","_kad_post_feature":"","_kad_post_feature_position":"","_kad_post_header":false,"_kad_post_footer":false,"_kad_post_classname":"","footnotes":""},"categories":[3],"tags":[],"class_list":["post-1724","post","type-post","status-publish","format-standard","has-post-thumbnail","hentry","category-presa-ro"],"_links":{"self":[{"href":"https:\/\/tinerimearomana.ro\/orchestra-romana-tineret\/wp-json\/wp\/v2\/posts\/1724"}],"collection":[{"href":"https:\/\/tinerimearomana.ro\/orchestra-romana-tineret\/wp-json\/wp\/v2\/posts"}],"about":[{"href":"https:\/\/tinerimearomana.ro\/orchestra-romana-tineret\/wp-json\/wp\/v2\/types\/post"}],"author":[{"embeddable":true,"href":"https:\/\/tinerimearomana.ro\/orchestra-romana-tineret\/wp-json\/wp\/v2\/users\/1"}],"replies":[{"embeddable":true,"href":"https:\/\/tinerimearomana.ro\/orchestra-romana-tineret\/wp-json\/wp\/v2\/comments?post=1724"}],"version-history":[{"count":4,"href":"https:\/\/tinerimearomana.ro\/orchestra-romana-tineret\/wp-json\/wp\/v2\/posts\/1724\/revisions"}],"predecessor-version":[{"id":2623,"href":"https:\/\/tinerimearomana.ro\/orchestra-romana-tineret\/wp-json\/wp\/v2\/posts\/1724\/revisions\/2623"}],"wp:featuredmedia":[{"embeddable":true,"href":"https:\/\/tinerimearomana.ro\/orchestra-romana-tineret\/wp-json\/wp\/v2\/media\/1618"}],"wp:attachment":[{"href":"https:\/\/tinerimearomana.ro\/orchestra-romana-tineret\/wp-json\/wp\/v2\/media?parent=1724"}],"wp:term":[{"taxonomy":"category","embeddable":true,"href":"https:\/\/tinerimearomana.ro\/orchestra-romana-tineret\/wp-json\/wp\/v2\/categories?post=1724"},{"taxonomy":"post_tag","embeddable":true,"href":"https:\/\/tinerimearomana.ro\/orchestra-romana-tineret\/wp-json\/wp\/v2\/tags?post=1724"}],"curies":[{"name":"wp","href":"https:\/\/api.w.org\/{rel}","templated":true}]}}