{"id":1709,"date":"2017-07-10T17:19:20","date_gmt":"2017-07-10T17:19:20","guid":{"rendered":"http:\/\/tinerimearomana.ro\/orchestra-romana-tineret\/?p=1709"},"modified":"2023-03-18T09:26:26","modified_gmt":"2023-03-18T09:26:26","slug":"orchestra-romana-de-tineret-cristian-mandeal-si-cvartetul-wave-la-vara-magica-2017","status":"publish","type":"post","link":"https:\/\/tinerimearomana.ro\/orchestra-romana-tineret\/orchestra-romana-de-tineret-cristian-mandeal-si-cvartetul-wave-la-vara-magica-2017\/","title":{"rendered":"ORCHESTRA ROMANA DE TINERET, CRISTIAN MANDEAL SI CVARTETUL WAVE LA VARA MAGICA 2017!"},"content":{"rendered":"[infobox style=&#8217;info&#8217; static=&#8217;1&#8242;]\n<div class=\"su-row\"><div class=\"su-column su-column-size-3-5\"><div class=\"su-column-inner su-u-clearfix su-u-trim\">\n<p>Festivalul Interna\u0163ional \u201cVara Magic\u0103\u201d edi\u021bia a VI-a aduce la Ateneul Roman un nou regal de concerte de clas\u0103 interna\u021bional\u0103!<br \/>\nOrchestra Rom\u00e2n\u0103 de Tineret sub bagheta lui Cristian Mandeal va gira un nou concert al celei de-a \u015fasea edi\u0163ii a Festivalului Interna\u0163ional \u201cVara Magic\u0103\u201d \u00een seara de 12 iulie, de la ora 19.30, la Ateneul Rom\u00e2n. Soli\u015ftii serii vor fi Christoph Sietzen \u0219i Cvartetul Wave \u2013 percu\u0163ie, iar programul va cuprinde Einojuhani Rautavaara &#8211; Concert pentru percu\u021bie \u0219i orchestra, Avner Dorman \u2013 Concert pentru percu\u021bie \u0219i orchestra, Bizet\/Shchedrin \u2013 Suita Carmen.<\/p>\n<p>Aceste atractive lucr\u0103ri ale literaturii romantice \u0219i moderne vor beneficia de versiuni pline de energie oferite de fenomenalii soli\u0219ti ai serii, f\u0103c\u00e2nd din programul serii o experien\u021b\u0103 artistic\u0103 cu totul special\u0103. Pe scen\u0103 se va afla elita tinerei genera\u021bii de muzicieni rom\u00e2ni, care sub conducerea \u0219i formarea muzical\u0103 a dirijorului Cristian Mandeal a fost r\u0103spl\u0103tit\u0103 de ova\u021biile publicului \u00een marile s\u0103li de concert ale Europei.<\/p>\n<p>Lanto Communication organizeaz\u0103 a \u015fasea edi\u0163ie a Festivalului Interna\u0163ional \u201cVara Magic\u0103\u201d la Ateneul Rom\u00e2n din Bucure\u015fti \u00een perioada 5 iulie &#8211; 23 august 2017, concertele sunt organizate \u00een fiecare s\u0103pt\u0103m\u00e2n\u0103 \u0219i prezint\u0103 pe afi\u015f forma\u0163ii camerale, dar \u015fi orchestre simfonice precum Orchestra Rom\u00e2n\u0103 de Tineret, Orchestra Na\u0163ional\u0103 de Tineret a Olandei, Romanian Sinfonietta Orchestra \u0219i Orchestra Na\u0163ional\u0103 de Camer\u0103 a Moldovei, al\u0103turi de celebri dirijori \u015fi soli\u015fti rom\u00e2ni \u015fi str\u0103ini. Cea de a VI-a edi\u021bie a Festivalului \u201eVara Magic\u0103\u201d reafirm\u0103 for\u021ba PARTENERIATULUI prin care Lanto Communication ofer\u0103 publicului s\u0103u o var\u0103 la standarde culturale europene.<\/p>\n<p>Beneficiind de aer condi\u021bionat, Sala Mare a Ateneului Rom\u00e2n va fi din nou gazd\u0103 primitoare a unui \u0219ir de evenimente artistice de nivel interna\u021bional.<\/p>\n<div class=\"entry-content-asset videofit\"><iframe title=\"Lanto - Magia Muzicii\" width=\"720\" height=\"405\" src=\"https:\/\/www.youtube.com\/embed\/FLbAxt_JoOs?list=PLXu3zsGZnklGgL5MKnKogOP6eTEayKy7R\" frameborder=\"0\" allow=\"accelerometer; autoplay; clipboard-write; encrypted-media; gyroscope; picture-in-picture\" allowfullscreen><\/iframe><\/div>\n<p>Sub patronajul Prim\u0103riei Municipului Bucure\u015fti<\/p>\n<p>Organizator : Lanto Communication<br \/>\nCoproduc\u0103tor : ARCUB<br \/>\nParteneri: Romaqua, ICCO, Enel, Vizual Graf, Fabrica de asigur\u0103ri, Centrul Na\u0163ional de Art\u0103 Tinerimea Rom\u00e2na, Fundatia Prietenii muzicii \u201cSerafim Antropov\u201d<br \/>\nParteneri media : Radio Rom\u00e2nia Cultural, Radio Rom\u00e2nia Muzical, Smart FM<\/p>\n<p>Biletele \u015fi abonamentele s-au pus \u00een v\u00e2nzare pe www.eventim.ro \u015fi la casa de bilete a Ateneului Rom\u00e2n tel. 0733.612.948<br \/>\nInfo suplimentare https:\/\/www.facebook.com\/FestivalulVaraMagica\/<\/p>\n<\/div><\/div>\n<div class=\"su-column su-column-size-2-5\"><div class=\"su-column-inner su-u-clearfix su-u-trim\">\n<a href=\"http:\/\/tinerimearomana.ro\/orchestra-romana-tineret\/wp-content\/uploads\/sites\/4\/2017\/06\/ORT-Macelaru-Timisoara-2017-06-27.jpg\"><img fetchpriority=\"high\" decoding=\"async\" class=\"aligncenter size-full wp-image-1698\" src=\"http:\/\/tinerimearomana.ro\/orchestra-romana-tineret\/wp-content\/uploads\/sites\/4\/2017\/07\/12-iulie-2017-ORT-Cristian-Mandeal_340x462px.jpg\" alt=\"\" width=\"320\" height=\"450\" \/><\/a><\/p>\n<\/div><\/div><\/div>\n[\/infobox][:]\n","protected":false},"excerpt":{"rendered":"<p>[infobox style=&#8217;info&#8217; static=&#8217;1&#8242;] [\/infobox][:]<\/p>\n","protected":false},"author":1,"featured_media":1710,"comment_status":"closed","ping_status":"closed","sticky":false,"template":"","format":"standard","meta":{"_kad_post_transparent":"","_kad_post_title":"","_kad_post_layout":"","_kad_post_sidebar_id":"","_kad_post_content_style":"","_kad_post_vertical_padding":"","_kad_post_feature":"","_kad_post_feature_position":"","_kad_post_header":false,"_kad_post_footer":false,"_kad_post_classname":"","footnotes":""},"categories":[4],"tags":[],"class_list":["post-1709","post","type-post","status-publish","format-standard","has-post-thumbnail","hentry","category-concerte-ro"],"_links":{"self":[{"href":"https:\/\/tinerimearomana.ro\/orchestra-romana-tineret\/wp-json\/wp\/v2\/posts\/1709"}],"collection":[{"href":"https:\/\/tinerimearomana.ro\/orchestra-romana-tineret\/wp-json\/wp\/v2\/posts"}],"about":[{"href":"https:\/\/tinerimearomana.ro\/orchestra-romana-tineret\/wp-json\/wp\/v2\/types\/post"}],"author":[{"embeddable":true,"href":"https:\/\/tinerimearomana.ro\/orchestra-romana-tineret\/wp-json\/wp\/v2\/users\/1"}],"replies":[{"embeddable":true,"href":"https:\/\/tinerimearomana.ro\/orchestra-romana-tineret\/wp-json\/wp\/v2\/comments?post=1709"}],"version-history":[{"count":3,"href":"https:\/\/tinerimearomana.ro\/orchestra-romana-tineret\/wp-json\/wp\/v2\/posts\/1709\/revisions"}],"predecessor-version":[{"id":2617,"href":"https:\/\/tinerimearomana.ro\/orchestra-romana-tineret\/wp-json\/wp\/v2\/posts\/1709\/revisions\/2617"}],"wp:featuredmedia":[{"embeddable":true,"href":"https:\/\/tinerimearomana.ro\/orchestra-romana-tineret\/wp-json\/wp\/v2\/media\/1710"}],"wp:attachment":[{"href":"https:\/\/tinerimearomana.ro\/orchestra-romana-tineret\/wp-json\/wp\/v2\/media?parent=1709"}],"wp:term":[{"taxonomy":"category","embeddable":true,"href":"https:\/\/tinerimearomana.ro\/orchestra-romana-tineret\/wp-json\/wp\/v2\/categories?post=1709"},{"taxonomy":"post_tag","embeddable":true,"href":"https:\/\/tinerimearomana.ro\/orchestra-romana-tineret\/wp-json\/wp\/v2\/tags?post=1709"}],"curies":[{"name":"wp","href":"https:\/\/api.w.org\/{rel}","templated":true}]}}