{"id":1637,"date":"2017-02-18T11:11:19","date_gmt":"2017-02-18T11:11:19","guid":{"rendered":"http:\/\/tinerimearomana.ro\/orchestra-romana-tineret\/?p=1637"},"modified":"2023-03-18T09:23:45","modified_gmt":"2023-03-18T09:23:45","slug":"succes-romanesc-impresionant-in-elvetia-si-franta-compozitorul-si-dirijorul-vladimir-cosma-ii-incanta-pe-straini","status":"publish","type":"post","link":"https:\/\/tinerimearomana.ro\/orchestra-romana-tineret\/succes-romanesc-impresionant-in-elvetia-si-franta-compozitorul-si-dirijorul-vladimir-cosma-ii-incanta-pe-straini\/","title":{"rendered":"Succes rom\u00e2nesc impresionant, \u00een Elve\u0163ia \u015fi Fran\u0163a. Compozitorul \u015fi dirijorul Vladimir Cosma \u00eei \u00eenc\u00e2nt\u0103 pe str\u0103ini!"},"content":{"rendered":"[infobox style=&#8217;info&#8217; static=&#8217;1&#8242;]\n&#8220;Muzica trebuie s\u0103 incite la visare \u015fi la bucuria de a tr\u0103i&#8221;, spunea compozitorul \u015fi dirijorul Vladimir Cosma \u00eentr-un interviu. \u015ei exact asta se \u00eent\u00e2mpl\u0103. La aceste concerte din Geneva \u015fi Lyon, dirijate de maestru, dou\u0103 mii de oameni tresalt\u0103.<\/p>\n<p>N\u0103scut \u00een Bucure\u015fti, \u00eentr-o familie de muzicieni, compozitorul Vladimir Cosma tr\u0103ie\u015fte de mult\u0103 vreme \u00een Fran\u0163a. Acolo a devenit unul dintre cei mai cunoscu\u0163i compozitori din cinematografia francez\u0103. Sunt deja 50 de ani de carier\u0103 de succes. Iar de cur\u00e2nd, a pornit \u00eentr-un turneu prin Fran\u0163a \u015fi Elve\u0163ia, \u00eempreun\u0103 cu Orchestra Rom\u00e2n\u0103 de Tineret.<\/p>\n<p>vezi continuarea aici <a href=\"http:\/\/observator.tv\/eveniment\/compozitorul-si-dirijorul-vladimir-cosma-succes-impresionant-peste-hotare-199192.html\" target=\"_blank\" rel=\"noopener\">Observator TV<\/a><\/p>\n<p>Alte resurse din media <a href=\"https:\/\/radioromaniacultural.ro\/orchestra-romana-de-tineret-a-sustinut-ieri-primul-concert-din-turneul-din-elvetia-si-franta\/\">Radio Rom\u00e2nia Cultural<\/a><\/p>\n<p><a href=\"http:\/\/agenda.liternet.ro\/articol\/21719\/Oltea-Serban-Parau-Virgil-Oprina\/Merci-Vladimir-sau-Vladimir-Cosma-un-erou-contemporan.html\">Agenda LiterNet<\/a><br \/>\n[\/infobox]\n<div class=\"su-row\"><div class=\"su-column su-column-size-1-2\"><div class=\"su-column-inner su-u-clearfix su-u-trim\">\n<div class=\"fb-video\" data-href=\"https:\/\/www.facebook.com\/CentrulNationalTinerimeaRomana\/videos\/1369166976481748\/\" data-allowfullscreen=\"true\" data-width=\"500\"><\/div>\n<\/div><\/div>\n<div class=\"su-column su-column-size-1-2\"><div class=\"su-column-inner su-u-clearfix su-u-trim\">\n<div class=\"fb-video\" data-href=\"https:\/\/www.facebook.com\/CentrulNationalTinerimeaRomana\/videos\/1369909869740792\/\" data-allowfullscreen=\"true\" data-width=\"500\"><\/div>\n<\/div><\/div>\n<\/div>\n[:]\n","protected":false},"excerpt":{"rendered":"<p>[infobox style=&#8217;info&#8217; static=&#8217;1&#8242;] &#8220;Muzica trebuie s\u0103 incite la visare \u015fi la bucuria de a tr\u0103i&#8221;, spunea compozitorul \u015fi dirijorul Vladimir Cosma \u00eentr-un interviu. \u015ei exact asta se \u00eent\u00e2mpl\u0103. La aceste concerte din Geneva \u015fi Lyon, dirijate de maestru, dou\u0103 mii de oameni tresalt\u0103. N\u0103scut \u00een Bucure\u015fti, \u00eentr-o familie de muzicieni, compozitorul Vladimir Cosma tr\u0103ie\u015fte de&#8230;<\/p>\n","protected":false},"author":1,"featured_media":1638,"comment_status":"closed","ping_status":"closed","sticky":false,"template":"","format":"standard","meta":{"_kad_post_transparent":"","_kad_post_title":"","_kad_post_layout":"","_kad_post_sidebar_id":"","_kad_post_content_style":"","_kad_post_vertical_padding":"","_kad_post_feature":"","_kad_post_feature_position":"","_kad_post_header":false,"_kad_post_footer":false,"_kad_post_classname":"","footnotes":""},"categories":[3],"tags":[],"class_list":["post-1637","post","type-post","status-publish","format-standard","has-post-thumbnail","hentry","category-presa-ro"],"_links":{"self":[{"href":"https:\/\/tinerimearomana.ro\/orchestra-romana-tineret\/wp-json\/wp\/v2\/posts\/1637"}],"collection":[{"href":"https:\/\/tinerimearomana.ro\/orchestra-romana-tineret\/wp-json\/wp\/v2\/posts"}],"about":[{"href":"https:\/\/tinerimearomana.ro\/orchestra-romana-tineret\/wp-json\/wp\/v2\/types\/post"}],"author":[{"embeddable":true,"href":"https:\/\/tinerimearomana.ro\/orchestra-romana-tineret\/wp-json\/wp\/v2\/users\/1"}],"replies":[{"embeddable":true,"href":"https:\/\/tinerimearomana.ro\/orchestra-romana-tineret\/wp-json\/wp\/v2\/comments?post=1637"}],"version-history":[{"count":6,"href":"https:\/\/tinerimearomana.ro\/orchestra-romana-tineret\/wp-json\/wp\/v2\/posts\/1637\/revisions"}],"predecessor-version":[{"id":2631,"href":"https:\/\/tinerimearomana.ro\/orchestra-romana-tineret\/wp-json\/wp\/v2\/posts\/1637\/revisions\/2631"}],"wp:featuredmedia":[{"embeddable":true,"href":"https:\/\/tinerimearomana.ro\/orchestra-romana-tineret\/wp-json\/wp\/v2\/media\/1638"}],"wp:attachment":[{"href":"https:\/\/tinerimearomana.ro\/orchestra-romana-tineret\/wp-json\/wp\/v2\/media?parent=1637"}],"wp:term":[{"taxonomy":"category","embeddable":true,"href":"https:\/\/tinerimearomana.ro\/orchestra-romana-tineret\/wp-json\/wp\/v2\/categories?post=1637"},{"taxonomy":"post_tag","embeddable":true,"href":"https:\/\/tinerimearomana.ro\/orchestra-romana-tineret\/wp-json\/wp\/v2\/tags?post=1637"}],"curies":[{"name":"wp","href":"https:\/\/api.w.org\/{rel}","templated":true}]}}