{"id":1634,"date":"2017-02-15T10:55:03","date_gmt":"2017-02-15T10:55:03","guid":{"rendered":"http:\/\/tinerimearomana.ro\/orchestra-romana-tineret\/?p=1634"},"modified":"2023-03-18T09:23:45","modified_gmt":"2023-03-18T09:23:45","slug":"orchestra-romana-de-tineret-a-sustinut-primul-concert-din-turneul-din-elvetia-si-franta","status":"publish","type":"post","link":"https:\/\/tinerimearomana.ro\/orchestra-romana-tineret\/orchestra-romana-de-tineret-a-sustinut-primul-concert-din-turneul-din-elvetia-si-franta\/","title":{"rendered":"Orchestra Rom\u00e2n\u0103 de Tineret a sus\u021binut primul concert din turneul din Elve\u021bia \u015fi Fran\u0163a"},"content":{"rendered":"[infobox style=&#8217;info&#8217; static=&#8217;1&#8242;]\nOrchestra Rom\u00e2n\u0103 de Tineret se afl\u0103 pana pe 14 februarie \u00eentr-un extraordinar pentru a marca \u00eemplinirea a 50 de ani de cariera \u00een Elve\u0163ia \u015fi Fran\u0163a ai compozitorului Vladimir Cosma. Turneu a debutat joi , 9 februarie la sala Arena din Geneva , unde artistii romani au avut parte de ova\u021biile a peste 2500 de spectatori, spune muzicologul Oltea \u015eerban P\u00e2r\u00e2u.<\/p>\n<p>Dup\u0103 succesul de la Geneva, Orchestra Na\u0163ional\u0103 de Tinerat va concerta \u00een Fran\u0163a la Lyon, Rouen \u015fi la Lile. Despre programul turneului european, directorul Orchestrei Rom\u00e2ne de Tineret spune c\u0103 acesta cuprinde lucr\u0103ri din opera compozitorului Vladimir Cosma \u00een aranjamente noi, teme muzicale care au marcat cinematografia francez\u0103 a anilor \u201970, de la Rabbi Jacob la La Boum, Le Grand Blond, l\u2019As des As \u0219i Diva sau Realty . &#8211; See more at: http:\/\/radioromaniacultural.ro\/orchestra-romana-de-tineret-a-sustinut-ieri-primul-concert-din-turneul-din-elvetia-si-franta\/#sthash.3Is8Wzxf.dpuf<\/p>\n<p>vezi continuarea aici <a href=\"http:\/\/radioromaniacultural.ro\/orchestra-romana-de-tineret-a-sustinut-ieri-primul-concert-din-turneul-din-elvetia-si-franta\/\" target=\"_blank\" rel=\"noopener\">Radio Romania Cultural<\/a><br \/>\n[\/infobox][:]\n","protected":false},"excerpt":{"rendered":"<p>[infobox style=&#8217;info&#8217; static=&#8217;1&#8242;] Orchestra Rom\u00e2n\u0103 de Tineret se afl\u0103 pana pe 14 februarie \u00eentr-un extraordinar pentru a marca \u00eemplinirea a 50 de ani de cariera \u00een Elve\u0163ia \u015fi Fran\u0163a ai compozitorului Vladimir Cosma. Turneu a debutat joi , 9 februarie la sala Arena din Geneva , unde artistii romani au avut parte de ova\u021biile a&#8230;<\/p>\n","protected":false},"author":1,"featured_media":1635,"comment_status":"closed","ping_status":"closed","sticky":false,"template":"","format":"standard","meta":{"_kad_post_transparent":"","_kad_post_title":"","_kad_post_layout":"","_kad_post_sidebar_id":"","_kad_post_content_style":"","_kad_post_vertical_padding":"","_kad_post_feature":"","_kad_post_feature_position":"","_kad_post_header":false,"_kad_post_footer":false,"_kad_post_classname":"","footnotes":""},"categories":[3],"tags":[],"class_list":["post-1634","post","type-post","status-publish","format-standard","has-post-thumbnail","hentry","category-presa-ro"],"_links":{"self":[{"href":"https:\/\/tinerimearomana.ro\/orchestra-romana-tineret\/wp-json\/wp\/v2\/posts\/1634"}],"collection":[{"href":"https:\/\/tinerimearomana.ro\/orchestra-romana-tineret\/wp-json\/wp\/v2\/posts"}],"about":[{"href":"https:\/\/tinerimearomana.ro\/orchestra-romana-tineret\/wp-json\/wp\/v2\/types\/post"}],"author":[{"embeddable":true,"href":"https:\/\/tinerimearomana.ro\/orchestra-romana-tineret\/wp-json\/wp\/v2\/users\/1"}],"replies":[{"embeddable":true,"href":"https:\/\/tinerimearomana.ro\/orchestra-romana-tineret\/wp-json\/wp\/v2\/comments?post=1634"}],"version-history":[{"count":2,"href":"https:\/\/tinerimearomana.ro\/orchestra-romana-tineret\/wp-json\/wp\/v2\/posts\/1634\/revisions"}],"predecessor-version":[{"id":2630,"href":"https:\/\/tinerimearomana.ro\/orchestra-romana-tineret\/wp-json\/wp\/v2\/posts\/1634\/revisions\/2630"}],"wp:featuredmedia":[{"embeddable":true,"href":"https:\/\/tinerimearomana.ro\/orchestra-romana-tineret\/wp-json\/wp\/v2\/media\/1635"}],"wp:attachment":[{"href":"https:\/\/tinerimearomana.ro\/orchestra-romana-tineret\/wp-json\/wp\/v2\/media?parent=1634"}],"wp:term":[{"taxonomy":"category","embeddable":true,"href":"https:\/\/tinerimearomana.ro\/orchestra-romana-tineret\/wp-json\/wp\/v2\/categories?post=1634"},{"taxonomy":"post_tag","embeddable":true,"href":"https:\/\/tinerimearomana.ro\/orchestra-romana-tineret\/wp-json\/wp\/v2\/tags?post=1634"}],"curies":[{"name":"wp","href":"https:\/\/api.w.org\/{rel}","templated":true}]}}