{"id":1607,"date":"2017-02-14T13:17:54","date_gmt":"2017-02-14T13:17:54","guid":{"rendered":"http:\/\/tinerimearomana.ro\/orchestra-romana-tineret\/?p=1607"},"modified":"2023-03-18T09:23:45","modified_gmt":"2023-03-18T09:23:45","slug":"merci-vladimir-sau-vladimir-cosma-un-erou-contemporan","status":"publish","type":"post","link":"https:\/\/tinerimearomana.ro\/orchestra-romana-tineret\/merci-vladimir-sau-vladimir-cosma-un-erou-contemporan\/","title":{"rendered":"Mer\u00e7i, Vladimir! sau Vladimir Cosma &#8211; un erou contemporan"},"content":{"rendered":"[infobox style=&#8217;info&#8217; static=&#8217;1&#8242;]\nTitlul acestui articol \u00eencepe de fapt cu sf\u00e2r\u015fitul. Peste 2.000 de oameni \u00een picioare, \u00een fiecare sear\u0103, aplaud\u00e2nd, fluier\u00e2nd \u015fi strig\u00e2nd cu frenezie. Figurile lor sunt pline de fericirea reg\u0103sirii \u015fi nu rareori ochii le sunt \u00eenl\u0103crima\u0163i. \u00cen fa\u0163a lor, pe scen\u0103, eroul serii este creatorul acelui mesaj artistic profund original care are darul de a deveni muzica unei \u00eentregi genera\u0163ii, un artist aflat la v\u00e2rsta celei de a treia tinere\u0163i \u00eenconjurat de aproape 200 de muzicieni cu to\u0163ii foarte tineri.<\/p>\n<p>Numele eroului serii este Vladimir Cosma, unul dintre cei mai importan\u0163i compozitori de muzic\u0103 de film ai Fran\u0163ei, a c\u0103rui crea\u0163ie a dep\u0103\u015fit cu mult momentul proiec\u0163iei cinematografice, devenind o valoare \u00een sine. Al\u0103turi de el se afl\u0103 Orchestra Rom\u00e2n\u0103 de Tineret, aleas\u0103 s\u0103-i fie partener principal \u00een cadrul unui turneu de patru concerte desf\u0103\u015furat \u00een luna februarie 2017 \u00een Fran\u0163a \u015fi Elve\u0163ia.<\/p>\n<p>Denumit Vladimir Cosma &#8211; 50 de ani de succes, acest proiect a avut un prim concert la Paris la Palatul Congreselor, eveniment care a marcat nu doar un imens succes, ci \u015fi dorin\u0163a lui Vladimir Cosma de a continua colaborarea cu tinerii s\u0103i colegi. Proiect educa\u0163ional creat de violoncelistul \u015fi profesorul Marin Cazacu acum mai bine de opt ani, Orchestra Rom\u00e2n\u0103 de Tineret a format p\u00e2n\u0103 acum patru genera\u0163ii de muzicieni sub \u00eendrumarea artistic\u0103 a dirijorului Cristian Mandeal \u015fi a devenit ansamblul simfonic cu cea mai important\u0103 activitate interna\u0163ional\u0103 a Rom\u00e2niei. Tinerii muzicieni rom\u00e2ni au primit cu bucurie provocarea de a face fa\u0163\u0103 rigorilor dure ale unui turneu, dovedind &#8211; a\u015fa cum au f\u0103cut-o de fiecare dat\u0103 &#8211; c\u0103 \u015ftiu cum s\u0103-\u015fi afirme orgoliul profesional \u015fi s\u0103 dea m\u0103sura propriei valori.<\/p>\n<p>vezi continuarea aici <a href=\"http:\/\/agenda.liternet.ro\/articol\/21719\/Oltea-Serban-Parau-Virgil-Oprina\/Merci-Vladimir-sau-Vladimir-Cosma-un-erou-contemporan.html\" target=\"_blank\" rel=\"noopener\">Agenda Liternet<\/a><br \/>\n[\/infobox][:]\n","protected":false},"excerpt":{"rendered":"<p>[infobox style=&#8217;info&#8217; static=&#8217;1&#8242;] Titlul acestui articol \u00eencepe de fapt cu sf\u00e2r\u015fitul. Peste 2.000 de oameni \u00een picioare, \u00een fiecare sear\u0103, aplaud\u00e2nd, fluier\u00e2nd \u015fi strig\u00e2nd cu frenezie. Figurile lor sunt pline de fericirea reg\u0103sirii \u015fi nu rareori ochii le sunt \u00eenl\u0103crima\u0163i. \u00cen fa\u0163a lor, pe scen\u0103, eroul serii este creatorul acelui mesaj artistic profund original care&#8230;<\/p>\n","protected":false},"author":1,"featured_media":1608,"comment_status":"closed","ping_status":"closed","sticky":false,"template":"","format":"standard","meta":{"_kad_post_transparent":"","_kad_post_title":"","_kad_post_layout":"","_kad_post_sidebar_id":"","_kad_post_content_style":"","_kad_post_vertical_padding":"","_kad_post_feature":"","_kad_post_feature_position":"","_kad_post_header":false,"_kad_post_footer":false,"_kad_post_classname":"","footnotes":""},"categories":[3],"tags":[],"class_list":["post-1607","post","type-post","status-publish","format-standard","has-post-thumbnail","hentry","category-presa-ro"],"_links":{"self":[{"href":"https:\/\/tinerimearomana.ro\/orchestra-romana-tineret\/wp-json\/wp\/v2\/posts\/1607"}],"collection":[{"href":"https:\/\/tinerimearomana.ro\/orchestra-romana-tineret\/wp-json\/wp\/v2\/posts"}],"about":[{"href":"https:\/\/tinerimearomana.ro\/orchestra-romana-tineret\/wp-json\/wp\/v2\/types\/post"}],"author":[{"embeddable":true,"href":"https:\/\/tinerimearomana.ro\/orchestra-romana-tineret\/wp-json\/wp\/v2\/users\/1"}],"replies":[{"embeddable":true,"href":"https:\/\/tinerimearomana.ro\/orchestra-romana-tineret\/wp-json\/wp\/v2\/comments?post=1607"}],"version-history":[{"count":2,"href":"https:\/\/tinerimearomana.ro\/orchestra-romana-tineret\/wp-json\/wp\/v2\/posts\/1607\/revisions"}],"predecessor-version":[{"id":2629,"href":"https:\/\/tinerimearomana.ro\/orchestra-romana-tineret\/wp-json\/wp\/v2\/posts\/1607\/revisions\/2629"}],"wp:featuredmedia":[{"embeddable":true,"href":"https:\/\/tinerimearomana.ro\/orchestra-romana-tineret\/wp-json\/wp\/v2\/media\/1608"}],"wp:attachment":[{"href":"https:\/\/tinerimearomana.ro\/orchestra-romana-tineret\/wp-json\/wp\/v2\/media?parent=1607"}],"wp:term":[{"taxonomy":"category","embeddable":true,"href":"https:\/\/tinerimearomana.ro\/orchestra-romana-tineret\/wp-json\/wp\/v2\/categories?post=1607"},{"taxonomy":"post_tag","embeddable":true,"href":"https:\/\/tinerimearomana.ro\/orchestra-romana-tineret\/wp-json\/wp\/v2\/tags?post=1607"}],"curies":[{"name":"wp","href":"https:\/\/api.w.org\/{rel}","templated":true}]}}