{"id":1568,"date":"2017-01-31T12:47:51","date_gmt":"2017-01-31T12:47:51","guid":{"rendered":"http:\/\/tinerimearomana.ro\/orchestra-romana-tineret\/?p=1568"},"modified":"2023-03-18T09:26:27","modified_gmt":"2023-03-18T09:26:27","slug":"orchestra-romana-de-tineret-alaturi-de-compozitorul-vladimir-cosma-in-turneu-in-franta-si-elvetia","status":"publish","type":"post","link":"https:\/\/tinerimearomana.ro\/orchestra-romana-tineret\/orchestra-romana-de-tineret-alaturi-de-compozitorul-vladimir-cosma-in-turneu-in-franta-si-elvetia\/","title":{"rendered":"Orchestra Romana de Tineret alaturi de compozitorul VLADIMIR COSMA in turneu in Franta si Elvetia"},"content":{"rendered":"<div class=\"redred\" style=\"padding: 20px;\">\n<p style=\"text-align: center;\"><strong>Orchestra Rom\u00e2n\u0103 de Tineret va sus\u0163ine 4 concerte<\/strong><br \/>\n<strong> Vladimir Cosma \u2013 50 de ani de succes \u00een Elve\u0163ia \u015fi Fran\u0163a<\/strong><\/p>\n<p>Moment excep\u021bional de intersec\u021bie dintre cultura rom\u00e2n\u0103 \u0219i cea francez\u0103, opera compozitorului <strong>Vladimir Cosma<\/strong>, care a marcat cinematografia francez\u0103 a anilor \u201970 va fi adus\u0103 din nou \u00een luminile rampei \u00een interpretarea <strong>Orchestrei Rom\u00e2ne de Tineret<\/strong> \u00een patru mari s\u0103li de concert din <strong>Fran\u021ba<\/strong> \u0219i <strong>Elve\u021bia<\/strong>, \u00een perioada <strong>9-14 februarie<\/strong>.<\/p>\n<p>De asemenea, ansamblul <strong>Violoncellissimo<\/strong> condus de violoncelistul \u0219i profesorul<strong> Marin Cazacu<\/strong> va sus\u021bine \u00een seara zilei de <strong>13 februarie<\/strong> la Ambasada Rom\u00e2n\u0103 din Paris un concert &#8211; parte a unei seri culturale dedicate sarb\u0103toririi na\u0219terii lui Constantin Br\u00e2ncu\u0219i &#8211; eveniment \u00een cadrul c\u0103ruia va fi invitat \u0219i prozatorul francez de origine rom\u00e2n\u0103 Dumitru \u021aepeneag.<\/p>\n<p>Cele patru concerte ale acestui turneu extraordinar vor avea loc \u00een data de <strong>09 februarie &#8211; sala Arena din Geneva, 10 februarie &#8211; sala Amphith\u00e9\u00e2tre din Lyon, 11 februarie &#8211; sala Z\u00e9nith din Rouen \u0219i 14 februarie &#8211; sala Z\u00e9nith din Lille. <\/strong><\/p>\n<p>De la Rabbi Jacob la La Boum, Le Grand Blond, l\u2019As des As \u0219i Diva sau Realty al\u0103turi de multe alte legendare succese vor fi \u00een programul unui show extraordinar care va aduce pe scen\u0103 al\u0103turi de cei 75 de instrumenti\u0219ti ai Orchestrei Rom\u00e2ne de Tineret un combo de jazz, un cor mixt, un cor de copii \u0219i o pleiad\u0103 din cei mai aprecia\u021bi soli\u0219ti ai scenelor franceze din care vor face parte \u0219i reputa\u021bi arti\u0219ti rom\u00e2ni precum soprana Irina Baian\u021b, \u021bimbalistul Marius Preda \u0219i violonistul Rafael Butaru.<\/p>\n<p>Pe scen\u0103 se vor afla a\u0219adar peste 200 de arti\u0219ti, instrumenti\u0219ti \u0219i cori\u0219ti, dar \u0219i soli\u0219ti virtuozi sau c\u00e2nt\u0103re\u021bi. Aprecia\u021bi de c\u0103tre compozitor ca cei mai valoro\u0219i muzicieni cu care a colaborat de-a lungul carierei sale, membrii Orchestrei Rom\u00e2ne de Tineret au avut parte de ova\u021biile a peste 2500 de spectatori cu ocazia concertului de la Palatul Congreselor din Paris \u00een octombrie 2016, eveniment care a marcat deschiderea proiectului Vladimir Cosma 50 de ani de succes.<\/p>\n<p>Cu sprijinul: Centrului Na\u021bional de Art\u0103 Tinerimea Rom\u00e2n\u0103, Institutului Cultural Rom\u00e2n<br \/>\nPartener: Funda\u021bia Prietenii Muzicii \u201eSerafim Antropov\u201d<br \/>\nParteneri media : Radio Rom\u00e2nia Cultural, Radio Rom\u00e2nia Muzical, Rom\u00e2nia TV, Observator Cultural, Q Magazine<\/p>\n<div class=\"su-custom-gallery su-custom-gallery-align-left su-custom-gallery-title-never su-lightbox-gallery\"><div class=\"su-custom-gallery-slide\" style=\"width:270px;height:180px\"><a href=\"https:\/\/tinerimearomana.ro\/orchestra-romana-tineret\/wp-content\/uploads\/sites\/4\/2016\/10\/Vladimir-Cosma_Concert_2.jpg\" title=\"vladimir-cosma_concert_2\"><img decoding=\"async\" src=\"https:\/\/tinerimearomana.ro\/orchestra-romana-tineret\/wp-content\/uploads\/sites\/4\/2016\/10\/Vladimir-Cosma_Concert_2.jpg\" alt=\"vladimir-cosma_concert_2\" width=\"270\" height=\"180\" \/><span class=\"su-custom-gallery-title\">vladimir-cosma_concert_2<\/span><\/a><\/div><div class=\"su-custom-gallery-slide\" style=\"width:270px;height:180px\"><a href=\"https:\/\/tinerimearomana.ro\/orchestra-romana-tineret\/wp-content\/uploads\/sites\/4\/2016\/10\/Vladimir-Cosma_Concert_4.jpg\" title=\"vladimir-cosma_concert_4\"><img decoding=\"async\" src=\"https:\/\/tinerimearomana.ro\/orchestra-romana-tineret\/wp-content\/uploads\/sites\/4\/2016\/10\/Vladimir-Cosma_Concert_4.jpg\" alt=\"vladimir-cosma_concert_4\" width=\"270\" height=\"180\" \/><span class=\"su-custom-gallery-title\">vladimir-cosma_concert_4<\/span><\/a><\/div><div class=\"su-custom-gallery-slide\" style=\"width:270px;height:180px\"><a href=\"https:\/\/tinerimearomana.ro\/orchestra-romana-tineret\/wp-content\/uploads\/sites\/4\/2016\/10\/Vladimir-Cosma_Concert_6_ORT.jpg\" title=\"vladimir-cosma_concert_6_ort\"><img decoding=\"async\" src=\"https:\/\/tinerimearomana.ro\/orchestra-romana-tineret\/wp-content\/uploads\/sites\/4\/2016\/10\/Vladimir-Cosma_Concert_6_ORT.jpg\" alt=\"vladimir-cosma_concert_6_ort\" width=\"270\" height=\"180\" \/><span class=\"su-custom-gallery-title\">vladimir-cosma_concert_6_ort<\/span><\/a><\/div><div class=\"su-custom-gallery-slide\" style=\"width:270px;height:180px\"><a href=\"https:\/\/tinerimearomana.ro\/orchestra-romana-tineret\/wp-content\/uploads\/sites\/4\/2016\/11\/Violocellissimo_Bruxelles.jpg\" title=\"Violocellissimo_Bruxelles\"><img loading=\"lazy\" decoding=\"async\" src=\"https:\/\/tinerimearomana.ro\/orchestra-romana-tineret\/wp-content\/uploads\/sites\/4\/2016\/11\/Violocellissimo_Bruxelles.jpg\" alt=\"Violocellissimo_Bruxelles\" width=\"270\" height=\"180\" \/><span class=\"su-custom-gallery-title\">Violocellissimo_Bruxelles<\/span><\/a><\/div><div class=\"su-clear\"><\/div><\/div>\n<\/div>\n[:]\n","protected":false},"excerpt":{"rendered":"<p>[:ro]\/\/\/[:]<\/p>\n","protected":false},"author":1,"featured_media":1438,"comment_status":"closed","ping_status":"closed","sticky":false,"template":"","format":"standard","meta":{"_kad_post_transparent":"","_kad_post_title":"","_kad_post_layout":"","_kad_post_sidebar_id":"","_kad_post_content_style":"","_kad_post_vertical_padding":"","_kad_post_feature":"","_kad_post_feature_position":"","_kad_post_header":false,"_kad_post_footer":false,"_kad_post_classname":"","footnotes":""},"categories":[4],"tags":[],"class_list":["post-1568","post","type-post","status-publish","format-standard","has-post-thumbnail","hentry","category-concerte-ro"],"_links":{"self":[{"href":"https:\/\/tinerimearomana.ro\/orchestra-romana-tineret\/wp-json\/wp\/v2\/posts\/1568"}],"collection":[{"href":"https:\/\/tinerimearomana.ro\/orchestra-romana-tineret\/wp-json\/wp\/v2\/posts"}],"about":[{"href":"https:\/\/tinerimearomana.ro\/orchestra-romana-tineret\/wp-json\/wp\/v2\/types\/post"}],"author":[{"embeddable":true,"href":"https:\/\/tinerimearomana.ro\/orchestra-romana-tineret\/wp-json\/wp\/v2\/users\/1"}],"replies":[{"embeddable":true,"href":"https:\/\/tinerimearomana.ro\/orchestra-romana-tineret\/wp-json\/wp\/v2\/comments?post=1568"}],"version-history":[{"count":4,"href":"https:\/\/tinerimearomana.ro\/orchestra-romana-tineret\/wp-json\/wp\/v2\/posts\/1568\/revisions"}],"predecessor-version":[{"id":2637,"href":"https:\/\/tinerimearomana.ro\/orchestra-romana-tineret\/wp-json\/wp\/v2\/posts\/1568\/revisions\/2637"}],"wp:featuredmedia":[{"embeddable":true,"href":"https:\/\/tinerimearomana.ro\/orchestra-romana-tineret\/wp-json\/wp\/v2\/media\/1438"}],"wp:attachment":[{"href":"https:\/\/tinerimearomana.ro\/orchestra-romana-tineret\/wp-json\/wp\/v2\/media?parent=1568"}],"wp:term":[{"taxonomy":"category","embeddable":true,"href":"https:\/\/tinerimearomana.ro\/orchestra-romana-tineret\/wp-json\/wp\/v2\/categories?post=1568"},{"taxonomy":"post_tag","embeddable":true,"href":"https:\/\/tinerimearomana.ro\/orchestra-romana-tineret\/wp-json\/wp\/v2\/tags?post=1568"}],"curies":[{"name":"wp","href":"https:\/\/api.w.org\/{rel}","templated":true}]}}