{"id":1562,"date":"2016-12-29T11:57:40","date_gmt":"2016-12-29T11:57:40","guid":{"rendered":"http:\/\/tinerimearomana.ro\/orchestra-romana-tineret\/?p=1562"},"modified":"2023-03-18T09:26:27","modified_gmt":"2023-03-18T09:26:27","slug":"concert-de-anul-nou-cu-orchestra-romana-de-tineret","status":"publish","type":"post","link":"https:\/\/tinerimearomana.ro\/orchestra-romana-tineret\/concert-de-anul-nou-cu-orchestra-romana-de-tineret\/","title":{"rendered":"CONCERT DE ANUL NOU CU ORCHESTRA ROM\u00c2N\u0102 DE TINERET"},"content":{"rendered":"<div class=\"redred\" style=\"padding: 20px;\">\n<p><strong>Concert de Anul Nou!<\/strong><\/p>\n<p>Joi 29 decembrie 2016 ora 15.00 \u00een Sala Foaier a Palatului Tinerimea Rom\u00e2n\u0103.<\/p>\n<p>Orchestra Rom\u00e2na de Tineret<br \/>\nDirijor Constantin Adrian Grigore<\/p>\n<p>Leroy Anderson &#8211; \u201cSleigh Ride\u201d<br \/>\nA. Vivaldi &#8211; Iarna ( p. ll si lll)<br \/>\nSolist Razvan Anemtoaiei &#8211; vioara<br \/>\nC. Dimitrescu &#8211; Dans romanesc<br \/>\nSolist Stefan Cazacu &#8211; violoncel<br \/>\nL. Boccherini &#8211; Fandango<br \/>\nDimitri Sostakovici &#8211; Vals din Suita de Jazz nr. 2<br \/>\nC. Saint Saens &#8211; Lebada din Carnavalul animalelor<br \/>\nSolisti Stefan Cazacu \u2013 violoncel<br \/>\nAdriana Ciltea \u2013 harpa<br \/>\nJosef Strauss &#8211; Polka Feurfest ( Polca francez\u0103), op. 269<br \/>\nJohann Strauss &#8211; Ohne Sorgen Polka<br \/>\nJosef Strauss \u2013 Polka Sport, op. 170<\/p>\n<p>V\u0103 a\u0219tept\u0103m la ultimul concert din acest an organizat de Centrul Na\u021bional de Art\u0103 Tinerimea Rom\u00e2n\u0103 \u00een ambian\u021ba intim\u0103 a Palatului Tinerimea Rom\u00e2n\u0103.<\/p>\n<\/div>\n[:]\n","protected":false},"excerpt":{"rendered":"<p>Concert de Anul Nou! Joi 29 decembrie 2016 ora 15.00 \u00een Sala Foaier a Palatului Tinerimea Rom\u00e2n\u0103. Orchestra Rom\u00e2na de Tineret Dirijor Constantin Adrian Grigore Leroy Anderson &#8211; \u201cSleigh Ride\u201d A. Vivaldi &#8211; Iarna ( p. ll si lll) Solist Razvan Anemtoaiei &#8211; vioara C. Dimitrescu &#8211; Dans romanesc Solist Stefan Cazacu &#8211; violoncel L&#8230;.<\/p>\n","protected":false},"author":1,"featured_media":1563,"comment_status":"closed","ping_status":"closed","sticky":false,"template":"","format":"standard","meta":{"_kad_post_transparent":"","_kad_post_title":"","_kad_post_layout":"","_kad_post_sidebar_id":"","_kad_post_content_style":"","_kad_post_vertical_padding":"","_kad_post_feature":"","_kad_post_feature_position":"","_kad_post_header":false,"_kad_post_footer":false,"_kad_post_classname":"","footnotes":""},"categories":[4],"tags":[],"class_list":["post-1562","post","type-post","status-publish","format-standard","has-post-thumbnail","hentry","category-concerte-ro"],"_links":{"self":[{"href":"https:\/\/tinerimearomana.ro\/orchestra-romana-tineret\/wp-json\/wp\/v2\/posts\/1562"}],"collection":[{"href":"https:\/\/tinerimearomana.ro\/orchestra-romana-tineret\/wp-json\/wp\/v2\/posts"}],"about":[{"href":"https:\/\/tinerimearomana.ro\/orchestra-romana-tineret\/wp-json\/wp\/v2\/types\/post"}],"author":[{"embeddable":true,"href":"https:\/\/tinerimearomana.ro\/orchestra-romana-tineret\/wp-json\/wp\/v2\/users\/1"}],"replies":[{"embeddable":true,"href":"https:\/\/tinerimearomana.ro\/orchestra-romana-tineret\/wp-json\/wp\/v2\/comments?post=1562"}],"version-history":[{"count":2,"href":"https:\/\/tinerimearomana.ro\/orchestra-romana-tineret\/wp-json\/wp\/v2\/posts\/1562\/revisions"}],"predecessor-version":[{"id":2642,"href":"https:\/\/tinerimearomana.ro\/orchestra-romana-tineret\/wp-json\/wp\/v2\/posts\/1562\/revisions\/2642"}],"wp:featuredmedia":[{"embeddable":true,"href":"https:\/\/tinerimearomana.ro\/orchestra-romana-tineret\/wp-json\/wp\/v2\/media\/1563"}],"wp:attachment":[{"href":"https:\/\/tinerimearomana.ro\/orchestra-romana-tineret\/wp-json\/wp\/v2\/media?parent=1562"}],"wp:term":[{"taxonomy":"category","embeddable":true,"href":"https:\/\/tinerimearomana.ro\/orchestra-romana-tineret\/wp-json\/wp\/v2\/categories?post=1562"},{"taxonomy":"post_tag","embeddable":true,"href":"https:\/\/tinerimearomana.ro\/orchestra-romana-tineret\/wp-json\/wp\/v2\/tags?post=1562"}],"curies":[{"name":"wp","href":"https:\/\/api.w.org\/{rel}","templated":true}]}}