{"id":1551,"date":"2016-12-07T19:05:33","date_gmt":"2016-12-07T19:05:33","guid":{"rendered":"http:\/\/tinerimearomana.ro\/orchestra-romana-tineret\/?p=1551"},"modified":"2023-03-18T09:26:47","modified_gmt":"2023-03-18T09:26:47","slug":"orchestra-romana-de-tineret-din-nou-la-iarna-magica","status":"publish","type":"post","link":"https:\/\/tinerimearomana.ro\/orchestra-romana-tineret\/orchestra-romana-de-tineret-din-nou-la-iarna-magica\/","title":{"rendered":"ORCHESTRA ROMANA DE TINERET DIN NOU LA &#8220;IARNA MAGICA&#8221;"},"content":{"rendered":"<div class=\"redred\" style=\"padding: 20px;\">\n<p><strong>\u201cIarn\u0103 magic\u0103\u201d<\/strong><\/p>\n<p>Dirijor <strong>Cristian Mandeal<\/strong><\/p>\n<p>Gioacchino Rossini &#8211; Uvertura La Gaza Ladra ( Co\u021bofana hoa\u021b\u0103)<br \/>\nGeorges Bizet &#8211; Preludiu si Aragonaise din opera Carmen<br \/>\nGeorges Bizet &#8211; Farandole din suita nr. 2 \u201cArleziana\u201d<br \/>\nGiacomo Puccini \u2013 Intermezzo din opera Manon Lescaut<br \/>\nP.I. Ceaikovski &#8211; Valsul Florilor din \u201cSp\u0103rg\u0103torul de nuci\u201d<br \/>\nJohannes Brahms &#8211; Dans ungar nr. 5<\/p>\n<p>Johann Strauss fiul \u2013 Uvertura \u201cLiliacul\u201d<br \/>\nGeronimo Gimenez \u2013 La Boda de Luis Alonso<br \/>\nSaint Saens &#8211; Bacchanale<br \/>\nSabin Pautza &#8211; Russian Medley<br \/>\nDimitri Sostakovici &#8211; Vals din Suita de Jazz nr. 2<br \/>\nLeroy Anderson &#8211; \u201cSleigh Ride\u201d<br \/>\nJosef Strauss &#8211; Polka Feurfest ( Polca francez\u0103), op. 269<br \/>\nJosef Strauss \u2013 Polka Sport, op. 170<\/p>\n<p>Coproduc\u0103tori:<\/p>\n<p>Centrul Na\u021bional de Art\u0103 Tinerimea Rom\u00e2n\u0103<br \/>\nLanto Communication<\/p>\n<\/div>\n[:]\n","protected":false},"excerpt":{"rendered":"<p>\u201cIarn\u0103 magic\u0103\u201d Dirijor Cristian Mandeal Gioacchino Rossini &#8211; Uvertura La Gaza Ladra ( Co\u021bofana hoa\u021b\u0103) Georges Bizet &#8211; Preludiu si Aragonaise din opera Carmen Georges Bizet &#8211; Farandole din suita nr. 2 \u201cArleziana\u201d Giacomo Puccini \u2013 Intermezzo din opera Manon Lescaut P.I. Ceaikovski &#8211; Valsul Florilor din \u201cSp\u0103rg\u0103torul de nuci\u201d Johannes Brahms &#8211; Dans ungar&#8230;<\/p>\n","protected":false},"author":1,"featured_media":1547,"comment_status":"closed","ping_status":"closed","sticky":false,"template":"","format":"standard","meta":{"_kad_post_transparent":"","_kad_post_title":"","_kad_post_layout":"","_kad_post_sidebar_id":"","_kad_post_content_style":"","_kad_post_vertical_padding":"","_kad_post_feature":"","_kad_post_feature_position":"","_kad_post_header":false,"_kad_post_footer":false,"_kad_post_classname":"","footnotes":""},"categories":[4],"tags":[],"class_list":["post-1551","post","type-post","status-publish","format-standard","has-post-thumbnail","hentry","category-concerte-ro"],"_links":{"self":[{"href":"https:\/\/tinerimearomana.ro\/orchestra-romana-tineret\/wp-json\/wp\/v2\/posts\/1551"}],"collection":[{"href":"https:\/\/tinerimearomana.ro\/orchestra-romana-tineret\/wp-json\/wp\/v2\/posts"}],"about":[{"href":"https:\/\/tinerimearomana.ro\/orchestra-romana-tineret\/wp-json\/wp\/v2\/types\/post"}],"author":[{"embeddable":true,"href":"https:\/\/tinerimearomana.ro\/orchestra-romana-tineret\/wp-json\/wp\/v2\/users\/1"}],"replies":[{"embeddable":true,"href":"https:\/\/tinerimearomana.ro\/orchestra-romana-tineret\/wp-json\/wp\/v2\/comments?post=1551"}],"version-history":[{"count":3,"href":"https:\/\/tinerimearomana.ro\/orchestra-romana-tineret\/wp-json\/wp\/v2\/posts\/1551\/revisions"}],"predecessor-version":[{"id":2640,"href":"https:\/\/tinerimearomana.ro\/orchestra-romana-tineret\/wp-json\/wp\/v2\/posts\/1551\/revisions\/2640"}],"wp:featuredmedia":[{"embeddable":true,"href":"https:\/\/tinerimearomana.ro\/orchestra-romana-tineret\/wp-json\/wp\/v2\/media\/1547"}],"wp:attachment":[{"href":"https:\/\/tinerimearomana.ro\/orchestra-romana-tineret\/wp-json\/wp\/v2\/media?parent=1551"}],"wp:term":[{"taxonomy":"category","embeddable":true,"href":"https:\/\/tinerimearomana.ro\/orchestra-romana-tineret\/wp-json\/wp\/v2\/categories?post=1551"},{"taxonomy":"post_tag","embeddable":true,"href":"https:\/\/tinerimearomana.ro\/orchestra-romana-tineret\/wp-json\/wp\/v2\/tags?post=1551"}],"curies":[{"name":"wp","href":"https:\/\/api.w.org\/{rel}","templated":true}]}}