{"id":1530,"date":"2016-11-29T23:38:48","date_gmt":"2016-11-29T23:38:48","guid":{"rendered":"http:\/\/tinerimearomana.ro\/orchestra-romana-tineret\/?p=1530"},"modified":"2023-03-18T09:26:47","modified_gmt":"2023-03-18T09:26:47","slug":"orchestra-romana-de-tineret-revine-in-decembrie-la-bucuresti","status":"publish","type":"post","link":"https:\/\/tinerimearomana.ro\/orchestra-romana-tineret\/orchestra-romana-de-tineret-revine-in-decembrie-la-bucuresti\/","title":{"rendered":"Orchestra Rom\u00e2n\u0103 de Tineret revine \u00een decembrie la Bucure\u015fti"},"content":{"rendered":"<div class=\"redred\" style=\"padding: 20px;\">\n<p>Luna decembrie readuce Orchestra Rom\u00e2n\u0103 de Tineret \u00een aten\u0163ia publicului din Bucure\u015fti, cu un \u0219ir de Concerte de Gal\u0103, cu mari dirijori, oferind un program divers \u015fi atractiv.<\/p>\n<p>Astfel, prima apari\u0163ie va avea loc \u00een Concertul de Cr\u0103ciun organizat de Prim\u0103ria Capitalei, prin Centrul Cultural ARCUB, pe 5 decembrie,la Ateneul Roman, c\u00e2nd Orchestra Rom\u00e2n\u0103 de Tineret, dirijat\u0103 de Tiberiu Soare, ii va avea ca solisti pe doi dintre cei mai straluciti artisti romani, soprana Anita Hartig si tenorul Teodor Ilinc\u0103i.<br \/>\nVa urma tradi\u0163ionalul concert \u201cIarna Magic\u0103\u201d, organizat de Lanto Communication \u00een colaborare cu Centrul Na\u021bional de Art\u0103 \u201eTinerimea Rom\u00e2n\u0103\u201d, din 10 decembrie, de la Ateneul Rom\u00e2n, c\u00e2nd orchestra va fi condus\u0103 de fondatorul s\u0103u artistic Cristian Mandeal.<br \/>\nPe 13 decembrie este programat un al treilea concert, la Catedrala Sf. Iosif, cu un alt program festiv, Orchestra Rom\u00e2n\u0103 de Tineret fiind dirijat\u0103 de Cristian Mandeal \u015fi av\u00e2nd-l ca solist pe organistul Italian Giorgio Benati, organizatori fiind de aceast\u0103 data Institutul Italian de Cultur\u0103 \u015fi Ambasada Italiei la Bucure\u015fti.<\/p>\n<p>Organizatori \u015fi parteneri : Centrul Na\u021bional de Art\u0103 \u201eTinerimea Rom\u00e2n\u0103\u201d, ARCUB, Lanto Comunication, Institutul Italian de Cultur\u0103, Ambasada Italiei la Bucuresti, Filarmonica \u201cGeorge Enescu\u201d, Funda\u0163ia Prietenii Muzicii \u201cSerafim Antropov\u201d<\/p>\n<p>Parteneri media : Radio Rom\u00e2nia Cultural, Radio Rom\u00e2nia Muzical, Rom\u00e2nia TV, Observator Cultural, Q Magazine<br \/>\n<div class=\"su-custom-gallery su-custom-gallery-align-left su-custom-gallery-title-never su-lightbox-gallery\"><div class=\"su-custom-gallery-slide\" style=\"width:270px;height:180px\"><a href=\"https:\/\/tinerimearomana.ro\/orchestra-romana-tineret\/wp-content\/uploads\/sites\/4\/2016\/12\/ORT_12_2016_12_05.jpg\" title=\"ort_12_2016_12_05\"><img decoding=\"async\" src=\"https:\/\/tinerimearomana.ro\/orchestra-romana-tineret\/wp-content\/uploads\/sites\/4\/2016\/12\/ORT_12_2016_12_05.jpg\" alt=\"ort_12_2016_12_05\" width=\"270\" height=\"180\" \/><span class=\"su-custom-gallery-title\">ort_12_2016_12_05<\/span><\/a><\/div><div class=\"su-custom-gallery-slide\" style=\"width:270px;height:180px\"><a href=\"https:\/\/tinerimearomana.ro\/orchestra-romana-tineret\/wp-content\/uploads\/sites\/4\/2016\/12\/ORT_11_2016_12_05.jpg\" title=\"ort_11_2016_12_05\"><img decoding=\"async\" src=\"https:\/\/tinerimearomana.ro\/orchestra-romana-tineret\/wp-content\/uploads\/sites\/4\/2016\/12\/ORT_11_2016_12_05.jpg\" alt=\"ort_11_2016_12_05\" width=\"270\" height=\"180\" \/><span class=\"su-custom-gallery-title\">ort_11_2016_12_05<\/span><\/a><\/div><div class=\"su-custom-gallery-slide\" style=\"width:270px;height:180px\"><a href=\"https:\/\/tinerimearomana.ro\/orchestra-romana-tineret\/wp-content\/uploads\/sites\/4\/2016\/12\/ORT_10_2016_12_05.jpg\" title=\"ort_10_2016_12_05\"><img decoding=\"async\" src=\"https:\/\/tinerimearomana.ro\/orchestra-romana-tineret\/wp-content\/uploads\/sites\/4\/2016\/12\/ORT_10_2016_12_05.jpg\" alt=\"ort_10_2016_12_05\" width=\"270\" height=\"180\" \/><span class=\"su-custom-gallery-title\">ort_10_2016_12_05<\/span><\/a><\/div><div class=\"su-custom-gallery-slide\" style=\"width:270px;height:180px\"><a href=\"https:\/\/tinerimearomana.ro\/orchestra-romana-tineret\/wp-content\/uploads\/sites\/4\/2016\/12\/ORT_9_2016_12_05.jpg\" title=\"ort_9_2016_12_05\"><img loading=\"lazy\" decoding=\"async\" src=\"https:\/\/tinerimearomana.ro\/orchestra-romana-tineret\/wp-content\/uploads\/sites\/4\/2016\/12\/ORT_9_2016_12_05.jpg\" alt=\"ort_9_2016_12_05\" width=\"270\" height=\"180\" \/><span class=\"su-custom-gallery-title\">ort_9_2016_12_05<\/span><\/a><\/div><div class=\"su-custom-gallery-slide\" style=\"width:270px;height:180px\"><a href=\"https:\/\/tinerimearomana.ro\/orchestra-romana-tineret\/wp-content\/uploads\/sites\/4\/2016\/12\/ORT_8_2016_12_05.jpg\" title=\"ort_8_2016_12_05\"><img loading=\"lazy\" decoding=\"async\" src=\"https:\/\/tinerimearomana.ro\/orchestra-romana-tineret\/wp-content\/uploads\/sites\/4\/2016\/12\/ORT_8_2016_12_05.jpg\" alt=\"ort_8_2016_12_05\" width=\"270\" height=\"180\" \/><span class=\"su-custom-gallery-title\">ort_8_2016_12_05<\/span><\/a><\/div><div class=\"su-custom-gallery-slide\" style=\"width:270px;height:180px\"><a href=\"https:\/\/tinerimearomana.ro\/orchestra-romana-tineret\/wp-content\/uploads\/sites\/4\/2016\/12\/ORT_7_2016_12_05.jpg\" title=\"ort_7_2016_12_05\"><img loading=\"lazy\" decoding=\"async\" src=\"https:\/\/tinerimearomana.ro\/orchestra-romana-tineret\/wp-content\/uploads\/sites\/4\/2016\/12\/ORT_7_2016_12_05.jpg\" alt=\"ort_7_2016_12_05\" width=\"270\" height=\"180\" \/><span class=\"su-custom-gallery-title\">ort_7_2016_12_05<\/span><\/a><\/div><div class=\"su-custom-gallery-slide\" style=\"width:270px;height:180px\"><a href=\"https:\/\/tinerimearomana.ro\/orchestra-romana-tineret\/wp-content\/uploads\/sites\/4\/2016\/12\/ORT_6_2016_12_05.jpg\" title=\"ort_6_2016_12_05\"><img loading=\"lazy\" decoding=\"async\" src=\"https:\/\/tinerimearomana.ro\/orchestra-romana-tineret\/wp-content\/uploads\/sites\/4\/2016\/12\/ORT_6_2016_12_05.jpg\" alt=\"ort_6_2016_12_05\" width=\"270\" height=\"180\" \/><span class=\"su-custom-gallery-title\">ort_6_2016_12_05<\/span><\/a><\/div><div class=\"su-custom-gallery-slide\" style=\"width:270px;height:180px\"><a href=\"https:\/\/tinerimearomana.ro\/orchestra-romana-tineret\/wp-content\/uploads\/sites\/4\/2016\/12\/ORT_5_2016_12_05.jpg\" title=\"ort_5_2016_12_05\"><img loading=\"lazy\" decoding=\"async\" src=\"https:\/\/tinerimearomana.ro\/orchestra-romana-tineret\/wp-content\/uploads\/sites\/4\/2016\/12\/ORT_5_2016_12_05.jpg\" alt=\"ort_5_2016_12_05\" width=\"270\" height=\"180\" \/><span class=\"su-custom-gallery-title\">ort_5_2016_12_05<\/span><\/a><\/div><div class=\"su-custom-gallery-slide\" style=\"width:270px;height:180px\"><a href=\"https:\/\/tinerimearomana.ro\/orchestra-romana-tineret\/wp-content\/uploads\/sites\/4\/2016\/12\/ORT_4_2016_12_05.jpg\" title=\"ort_4_2016_12_05\"><img loading=\"lazy\" decoding=\"async\" src=\"https:\/\/tinerimearomana.ro\/orchestra-romana-tineret\/wp-content\/uploads\/sites\/4\/2016\/12\/ORT_4_2016_12_05.jpg\" alt=\"ort_4_2016_12_05\" width=\"270\" height=\"180\" \/><span class=\"su-custom-gallery-title\">ort_4_2016_12_05<\/span><\/a><\/div><div class=\"su-custom-gallery-slide\" style=\"width:270px;height:180px\"><a href=\"https:\/\/tinerimearomana.ro\/orchestra-romana-tineret\/wp-content\/uploads\/sites\/4\/2016\/12\/ORT_3_2016_12_05.jpg\" title=\"ort_3_2016_12_05\"><img loading=\"lazy\" decoding=\"async\" src=\"https:\/\/tinerimearomana.ro\/orchestra-romana-tineret\/wp-content\/uploads\/sites\/4\/2016\/12\/ORT_3_2016_12_05.jpg\" alt=\"ort_3_2016_12_05\" width=\"270\" height=\"180\" \/><span class=\"su-custom-gallery-title\">ort_3_2016_12_05<\/span><\/a><\/div><div class=\"su-custom-gallery-slide\" style=\"width:270px;height:180px\"><a href=\"https:\/\/tinerimearomana.ro\/orchestra-romana-tineret\/wp-content\/uploads\/sites\/4\/2016\/12\/ORT_2_2016_12_05.jpg\" title=\"ort_2_2016_12_05\"><img loading=\"lazy\" decoding=\"async\" src=\"https:\/\/tinerimearomana.ro\/orchestra-romana-tineret\/wp-content\/uploads\/sites\/4\/2016\/12\/ORT_2_2016_12_05.jpg\" alt=\"ort_2_2016_12_05\" width=\"270\" height=\"180\" \/><span class=\"su-custom-gallery-title\">ort_2_2016_12_05<\/span><\/a><\/div><div class=\"su-custom-gallery-slide\" style=\"width:270px;height:180px\"><a href=\"https:\/\/tinerimearomana.ro\/orchestra-romana-tineret\/wp-content\/uploads\/sites\/4\/2016\/12\/ORT_1_2016_12_05.jpg\" title=\"ort_1_2016_12_05\"><img loading=\"lazy\" decoding=\"async\" src=\"https:\/\/tinerimearomana.ro\/orchestra-romana-tineret\/wp-content\/uploads\/sites\/4\/2016\/12\/ORT_1_2016_12_05.jpg\" alt=\"ort_1_2016_12_05\" width=\"270\" height=\"180\" \/><span class=\"su-custom-gallery-title\">ort_1_2016_12_05<\/span><\/a><\/div><div class=\"su-clear\"><\/div><\/div>\n<\/div>\n[:]\n","protected":false},"excerpt":{"rendered":"<p>Luna decembrie readuce Orchestra Rom\u00e2n\u0103 de Tineret \u00een aten\u0163ia publicului din Bucure\u015fti, cu un \u0219ir de Concerte de Gal\u0103, cu mari dirijori, oferind un program divers \u015fi atractiv. Astfel, prima apari\u0163ie va avea loc \u00een Concertul de Cr\u0103ciun organizat de Prim\u0103ria Capitalei, prin Centrul Cultural ARCUB, pe 5 decembrie,la Ateneul Roman, c\u00e2nd Orchestra Rom\u00e2n\u0103 de&#8230;<\/p>\n","protected":false},"author":1,"featured_media":1541,"comment_status":"closed","ping_status":"closed","sticky":false,"template":"","format":"standard","meta":{"_kad_post_transparent":"","_kad_post_title":"","_kad_post_layout":"","_kad_post_sidebar_id":"","_kad_post_content_style":"","_kad_post_vertical_padding":"","_kad_post_feature":"","_kad_post_feature_position":"","_kad_post_header":false,"_kad_post_footer":false,"_kad_post_classname":"","footnotes":""},"categories":[4],"tags":[],"class_list":["post-1530","post","type-post","status-publish","format-standard","has-post-thumbnail","hentry","category-concerte-ro"],"_links":{"self":[{"href":"https:\/\/tinerimearomana.ro\/orchestra-romana-tineret\/wp-json\/wp\/v2\/posts\/1530"}],"collection":[{"href":"https:\/\/tinerimearomana.ro\/orchestra-romana-tineret\/wp-json\/wp\/v2\/posts"}],"about":[{"href":"https:\/\/tinerimearomana.ro\/orchestra-romana-tineret\/wp-json\/wp\/v2\/types\/post"}],"author":[{"embeddable":true,"href":"https:\/\/tinerimearomana.ro\/orchestra-romana-tineret\/wp-json\/wp\/v2\/users\/1"}],"replies":[{"embeddable":true,"href":"https:\/\/tinerimearomana.ro\/orchestra-romana-tineret\/wp-json\/wp\/v2\/comments?post=1530"}],"version-history":[{"count":5,"href":"https:\/\/tinerimearomana.ro\/orchestra-romana-tineret\/wp-json\/wp\/v2\/posts\/1530\/revisions"}],"predecessor-version":[{"id":2644,"href":"https:\/\/tinerimearomana.ro\/orchestra-romana-tineret\/wp-json\/wp\/v2\/posts\/1530\/revisions\/2644"}],"wp:featuredmedia":[{"embeddable":true,"href":"https:\/\/tinerimearomana.ro\/orchestra-romana-tineret\/wp-json\/wp\/v2\/media\/1541"}],"wp:attachment":[{"href":"https:\/\/tinerimearomana.ro\/orchestra-romana-tineret\/wp-json\/wp\/v2\/media?parent=1530"}],"wp:term":[{"taxonomy":"category","embeddable":true,"href":"https:\/\/tinerimearomana.ro\/orchestra-romana-tineret\/wp-json\/wp\/v2\/categories?post=1530"},{"taxonomy":"post_tag","embeddable":true,"href":"https:\/\/tinerimearomana.ro\/orchestra-romana-tineret\/wp-json\/wp\/v2\/tags?post=1530"}],"curies":[{"name":"wp","href":"https:\/\/api.w.org\/{rel}","templated":true}]}}