{"id":1451,"date":"2016-11-01T17:22:24","date_gmt":"2016-11-01T17:22:24","guid":{"rendered":"http:\/\/tinerimearomana.ro\/orchestra-romana-tineret\/?p=1451"},"modified":"2023-03-18T09:26:47","modified_gmt":"2023-03-18T09:26:47","slug":"orchestra-romana-de-tineret-va-invita-la-musxchange-romania-austria","status":"publish","type":"post","link":"https:\/\/tinerimearomana.ro\/orchestra-romana-tineret\/orchestra-romana-de-tineret-va-invita-la-musxchange-romania-austria\/","title":{"rendered":"Orchestra Rom\u00e2n\u0103 de Tineret v\u0103 invit\u0103 la  MusXchange Rom\u00e2nia &#8211; Austria"},"content":{"rendered":"[infobox style=&#8217;info&#8217; static=&#8217;1&#8242;]\n<div class=\"su-row\"><div class=\"su-column su-column-size-3-5\"><div class=\"su-column-inner su-u-clearfix su-u-trim\">\n<div class=\"su-spacer\" style=\"height:20px\"><\/div>\n\u0218apte muzicieni membri ai Orchestrei Rom\u00e2ne de Tineret evolueaz\u0103 \u00een perioada 8-12 noiembrie \u00een cadrul proiectului<strong> MusXchange Rom\u00e2nia &#8211; Austria<\/strong>, proiect muzical rom\u00e2no-austriac al Orchestrei Rom\u00e2ne de Tineret, \u00een patru recitaluri camerale sus\u0163inute la Viena \u015fi Bucure\u015fti.<\/p>\n<p>Seria acestora va \u00eencepe la Viena, la Centrul Cultural \u201cArnold Schonberg\u201d, pe 8 \u015fi 9 noiembrie cu un recital Enescu &#8211; Schonberg, Schubert, Ligeti ce se va relua pe 12 noiembrie la Ateneul Rom\u00e2n din Bucure\u015fti. \u00cen aceea\u0219i perioad\u0103, la Muzeul Na\u021bional George Enescu din Bucure\u0219ti, este programat pe11 noiembrie un recital educativ Enescu-Schonberg. Concertul este organizat \u00een co-parteneriat cu Muzeul Na\u0163ional \u201cGeorge Enescu\u201d.<\/p>\n<p>Muzicienii care vor urca pe scenele amintite sunt membri ai Orchestrelor de tineret ale Rom\u00e2niei \u0219i Austriei, <strong>MusXchange<\/strong> fiind proiectul european \u00een baza c\u0103ruia cei mai valoro\u0219i membri ai orchestrelor de tineret din Europa au posibilitatea de a c\u00e2nta \u00eempreun\u0103 \u0219i a intra \u00een contact cu atmosfera cultural\u0103 din capitalele Europei.<\/p>\n<p>Programul ales cuprinde lucr\u0103ri ale unor compozitori care au marcat istoria muzicii \u0219i care fie s-au n\u0103scut, fie au activat diferite perioade de timp la Viena \u0219i este compus din p\u0103r\u021bi extrase din patru dintre cele mai spectaculoase \u0219i ample opusuri camerale din crea\u021bia lui George Enescu, Arnold Schoenberg, Franz Schubert \u0219i Gyorgy Ligeti.<\/p>\n<p>Numele celor 15 muzicieni, dintre care 7 sunt rom\u00e2ni, sunt : Yevgeny Chepovetsky &#8211; vioar\u0103, R\u0103zvan Anem\u0163oaiei &#8211; vioar\u0103, Christina Hecher &#8211; vioar\u0103, Iulia Adriana Cazacu &#8211; vioar\u0103, Benedict Mitterbauer \u2013 viola, Loredana Apetrei \u2013 viola,\u015etefan Cazacu \u2013 violoncel, Zsuzsanna P\u00e1zm\u00e1ndi \u2013 violoncel, Octavian Maxim \u2013 contrabass, George Murgoci \u2013 flaut, Ana Maria Boiangiu \u2013 oboi,Max Ziehesberger \u2013 clarinet, Maximilian Erb \u2013 fagot, Max Pichler \u2013 corn, Iulian Ochescu &#8211; pian.<\/p>\n<p>\u00cen program fragmente din :<br \/>\nFranz Schubert &#8211; Octetul \u00een Fa major, D 803<br \/>\nGeorge Enescu &#8211; Octetul \u00een Do major, op. 7<br \/>\nGyorgy Ligeti &#8211; \u015ease bagatele<br \/>\nArnold Schoenberg &#8211; Sextetul \u201cNoapte transfigurat\u0103\u201d, op. 4<\/p>\n<p><strong>MusXchange Rom\u00e2nia<\/strong>&#8211; Austria este un proiect european sus\u021binut de :<br \/>\nCentrul Na\u0163ional de Art\u0103 Tinerimea Rom\u00e2n\u0103, Wiener Jeunesse Orchester, Orchestra Rom\u00e2n\u0103 de Tineret, Institutul Cultural Rom\u00e2n, Filarmonica \u201cG. Enescu\u201d, Muzeul Na\u0163ional \u201cG. Enescu\u201d, Lanto Communication<\/p>\n<p>Parteneri media : Radio Rom\u00e2nia Cultural, Radio Rom\u00e2nia Muzical, Rom\u00e2nia TV, Q Magazine, Observator Cultural<br \/>\n<\/div><\/div>\n<div class=\"su-column su-column-size-2-5\"><div class=\"su-column-inner su-u-clearfix su-u-trim\">\n<a href=\"http:\/\/tinerimearomana.ro\/orchestra-romana-tineret\/wp-content\/uploads\/sites\/4\/2016\/11\/ORT-xchange-afis.jpg\"><img fetchpriority=\"high\" decoding=\"async\" class=\"alignright\" src=\"http:\/\/tinerimearomana.ro\/orchestra-romana-tineret\/wp-content\/uploads\/sites\/4\/2016\/11\/ORT-xchange-afis.jpg\" alt=\"Concert Ziua Italiei\" width=\"320\" height=\"451\" \/><\/a><br \/>\n<\/div><\/div><\/div>\n<strong>FOTO<\/strong><br \/>\n<div class=\"su-custom-gallery su-custom-gallery-align-left su-custom-gallery-title-never su-lightbox-gallery\"><div class=\"su-custom-gallery-slide\" style=\"width:270px;height:190px\"><a href=\"https:\/\/tinerimearomana.ro\/orchestra-romana-tineret\/wp-content\/uploads\/sites\/4\/2016\/11\/MusExchange_Romania-Austria_38-11noi.jpg\" title=\"musexchange_romania-austria_38-11noi\"><img decoding=\"async\" src=\"https:\/\/tinerimearomana.ro\/orchestra-romana-tineret\/wp-content\/uploads\/sites\/4\/2016\/11\/MusExchange_Romania-Austria_38-11noi.jpg\" alt=\"musexchange_romania-austria_38-11noi\" width=\"270\" height=\"190\" \/><span class=\"su-custom-gallery-title\">musexchange_romania-austria_38-11noi<\/span><\/a><\/div><div class=\"su-custom-gallery-slide\" style=\"width:270px;height:190px\"><a href=\"https:\/\/tinerimearomana.ro\/orchestra-romana-tineret\/wp-content\/uploads\/sites\/4\/2016\/11\/MusExchange_Romania-Austria_35-11noi.jpg\" title=\"musexchange_romania-austria_35-11noi\"><img decoding=\"async\" src=\"https:\/\/tinerimearomana.ro\/orchestra-romana-tineret\/wp-content\/uploads\/sites\/4\/2016\/11\/MusExchange_Romania-Austria_35-11noi.jpg\" alt=\"musexchange_romania-austria_35-11noi\" width=\"270\" height=\"190\" \/><span class=\"su-custom-gallery-title\">musexchange_romania-austria_35-11noi<\/span><\/a><\/div><div class=\"su-custom-gallery-slide\" style=\"width:270px;height:190px\"><a href=\"https:\/\/tinerimearomana.ro\/orchestra-romana-tineret\/wp-content\/uploads\/sites\/4\/2016\/11\/MusExchange_Romania-Austria_25-11noi.jpg\" title=\"musexchange_romania-austria_25-11noi\"><img loading=\"lazy\" decoding=\"async\" src=\"https:\/\/tinerimearomana.ro\/orchestra-romana-tineret\/wp-content\/uploads\/sites\/4\/2016\/11\/MusExchange_Romania-Austria_25-11noi.jpg\" alt=\"musexchange_romania-austria_25-11noi\" width=\"270\" height=\"190\" \/><span class=\"su-custom-gallery-title\">musexchange_romania-austria_25-11noi<\/span><\/a><\/div><div class=\"su-custom-gallery-slide\" style=\"width:270px;height:190px\"><a href=\"https:\/\/tinerimearomana.ro\/orchestra-romana-tineret\/wp-content\/uploads\/sites\/4\/2016\/11\/MusExchange_Romania-Austria_22-11noi.jpg\" title=\"musexchange_romania-austria_22-11noi\"><img loading=\"lazy\" decoding=\"async\" src=\"https:\/\/tinerimearomana.ro\/orchestra-romana-tineret\/wp-content\/uploads\/sites\/4\/2016\/11\/MusExchange_Romania-Austria_22-11noi.jpg\" alt=\"musexchange_romania-austria_22-11noi\" width=\"270\" height=\"190\" \/><span class=\"su-custom-gallery-title\">musexchange_romania-austria_22-11noi<\/span><\/a><\/div><div class=\"su-custom-gallery-slide\" style=\"width:270px;height:190px\"><a href=\"https:\/\/tinerimearomana.ro\/orchestra-romana-tineret\/wp-content\/uploads\/sites\/4\/2016\/11\/MusExchange_Romania-Austria_11-11noi.jpg\" title=\"musexchange_romania-austria_11-11noi\"><img loading=\"lazy\" decoding=\"async\" src=\"https:\/\/tinerimearomana.ro\/orchestra-romana-tineret\/wp-content\/uploads\/sites\/4\/2016\/11\/MusExchange_Romania-Austria_11-11noi.jpg\" alt=\"musexchange_romania-austria_11-11noi\" width=\"270\" height=\"190\" \/><span class=\"su-custom-gallery-title\">musexchange_romania-austria_11-11noi<\/span><\/a><\/div><div class=\"su-custom-gallery-slide\" style=\"width:270px;height:190px\"><a href=\"https:\/\/tinerimearomana.ro\/orchestra-romana-tineret\/wp-content\/uploads\/sites\/4\/2016\/11\/MusExchange_Romania-Austria_37-11noi.jpg\" title=\"musexchange_romania-austria_37-11noi\"><img loading=\"lazy\" decoding=\"async\" src=\"https:\/\/tinerimearomana.ro\/orchestra-romana-tineret\/wp-content\/uploads\/sites\/4\/2016\/11\/MusExchange_Romania-Austria_37-11noi.jpg\" alt=\"musexchange_romania-austria_37-11noi\" width=\"270\" height=\"190\" \/><span class=\"su-custom-gallery-title\">musexchange_romania-austria_37-11noi<\/span><\/a><\/div><div class=\"su-custom-gallery-slide\" style=\"width:270px;height:190px\"><a href=\"https:\/\/tinerimearomana.ro\/orchestra-romana-tineret\/wp-content\/uploads\/sites\/4\/2016\/11\/MusExchange_Romania-Austria_21-11noi.jpg\" title=\"musexchange_romania-austria_21-11noi\"><img loading=\"lazy\" decoding=\"async\" src=\"https:\/\/tinerimearomana.ro\/orchestra-romana-tineret\/wp-content\/uploads\/sites\/4\/2016\/11\/MusExchange_Romania-Austria_21-11noi.jpg\" alt=\"musexchange_romania-austria_21-11noi\" width=\"270\" height=\"190\" \/><span class=\"su-custom-gallery-title\">musexchange_romania-austria_21-11noi<\/span><\/a><\/div><div class=\"su-custom-gallery-slide\" style=\"width:270px;height:190px\"><a href=\"https:\/\/tinerimearomana.ro\/orchestra-romana-tineret\/wp-content\/uploads\/sites\/4\/2016\/11\/MusExchange_Romania-Austria_23-11noi.jpg\" title=\"musexchange_romania-austria_23-11noi\"><img loading=\"lazy\" decoding=\"async\" src=\"https:\/\/tinerimearomana.ro\/orchestra-romana-tineret\/wp-content\/uploads\/sites\/4\/2016\/11\/MusExchange_Romania-Austria_23-11noi.jpg\" alt=\"musexchange_romania-austria_23-11noi\" width=\"270\" height=\"190\" \/><span class=\"su-custom-gallery-title\">musexchange_romania-austria_23-11noi<\/span><\/a><\/div><div class=\"su-custom-gallery-slide\" style=\"width:270px;height:190px\"><a href=\"https:\/\/tinerimearomana.ro\/orchestra-romana-tineret\/wp-content\/uploads\/sites\/4\/2016\/11\/MusExchange_Romania-Austria_12-11noi.jpg\" title=\"musexchange_romania-austria_12-11noi\"><img loading=\"lazy\" decoding=\"async\" src=\"https:\/\/tinerimearomana.ro\/orchestra-romana-tineret\/wp-content\/uploads\/sites\/4\/2016\/11\/MusExchange_Romania-Austria_12-11noi.jpg\" alt=\"musexchange_romania-austria_12-11noi\" width=\"270\" height=\"190\" \/><span class=\"su-custom-gallery-title\">musexchange_romania-austria_12-11noi<\/span><\/a><\/div><div class=\"su-clear\"><\/div><\/div>\n<p>Vezi mai multe fotografii aici <a href=\"http:\/\/tinerimearomana.ro\/orchestra-romana-tineret\/8-12-noiembrie-orchestra-romana-de-tineret-la-musxchange-romania-austria\/\" target=\"_blank\" rel=\"noopener\">Foto Concert MusXchange Rom\u00e2nia &#8211; Austria<\/a><br \/>\n[\/infobox]\n","protected":false},"excerpt":{"rendered":"<p>[infobox style=&#8217;info&#8217; static=&#8217;1&#8242;] FOTO Vezi mai multe fotografii aici Foto Concert MusXchange Rom\u00e2nia &#8211; Austria [\/infobox]<\/p>\n","protected":false},"author":1,"featured_media":1453,"comment_status":"open","ping_status":"open","sticky":false,"template":"","format":"standard","meta":{"_kad_post_transparent":"","_kad_post_title":"","_kad_post_layout":"","_kad_post_sidebar_id":"","_kad_post_content_style":"","_kad_post_vertical_padding":"","_kad_post_feature":"","_kad_post_feature_position":"","_kad_post_header":false,"_kad_post_footer":false,"_kad_post_classname":"","footnotes":""},"categories":[4],"tags":[],"class_list":["post-1451","post","type-post","status-publish","format-standard","has-post-thumbnail","hentry","category-concerte-ro"],"_links":{"self":[{"href":"https:\/\/tinerimearomana.ro\/orchestra-romana-tineret\/wp-json\/wp\/v2\/posts\/1451"}],"collection":[{"href":"https:\/\/tinerimearomana.ro\/orchestra-romana-tineret\/wp-json\/wp\/v2\/posts"}],"about":[{"href":"https:\/\/tinerimearomana.ro\/orchestra-romana-tineret\/wp-json\/wp\/v2\/types\/post"}],"author":[{"embeddable":true,"href":"https:\/\/tinerimearomana.ro\/orchestra-romana-tineret\/wp-json\/wp\/v2\/users\/1"}],"replies":[{"embeddable":true,"href":"https:\/\/tinerimearomana.ro\/orchestra-romana-tineret\/wp-json\/wp\/v2\/comments?post=1451"}],"version-history":[{"count":10,"href":"https:\/\/tinerimearomana.ro\/orchestra-romana-tineret\/wp-json\/wp\/v2\/posts\/1451\/revisions"}],"predecessor-version":[{"id":2647,"href":"https:\/\/tinerimearomana.ro\/orchestra-romana-tineret\/wp-json\/wp\/v2\/posts\/1451\/revisions\/2647"}],"wp:featuredmedia":[{"embeddable":true,"href":"https:\/\/tinerimearomana.ro\/orchestra-romana-tineret\/wp-json\/wp\/v2\/media\/1453"}],"wp:attachment":[{"href":"https:\/\/tinerimearomana.ro\/orchestra-romana-tineret\/wp-json\/wp\/v2\/media?parent=1451"}],"wp:term":[{"taxonomy":"category","embeddable":true,"href":"https:\/\/tinerimearomana.ro\/orchestra-romana-tineret\/wp-json\/wp\/v2\/categories?post=1451"},{"taxonomy":"post_tag","embeddable":true,"href":"https:\/\/tinerimearomana.ro\/orchestra-romana-tineret\/wp-json\/wp\/v2\/tags?post=1451"}],"curies":[{"name":"wp","href":"https:\/\/api.w.org\/{rel}","templated":true}]}}