{"id":1443,"date":"2016-10-18T18:11:01","date_gmt":"2016-10-18T18:11:01","guid":{"rendered":"http:\/\/tinerimearomana.ro\/orchestra-romana-tineret\/?p=1443"},"modified":"2023-03-18T09:26:47","modified_gmt":"2023-03-18T09:26:47","slug":"muzica-regilor-cu-orchestra-romana-de-tineret","status":"publish","type":"post","link":"https:\/\/tinerimearomana.ro\/orchestra-romana-tineret\/muzica-regilor-cu-orchestra-romana-de-tineret\/","title":{"rendered":"Muzica regilor cu Orchestra Rom\u00e2n\u0103 de Tineret"},"content":{"rendered":"<div class=\"su-spacer\" style=\"height:40px\"><\/div>\n[infobox style=&#8217;info&#8217; static=&#8217;1&#8242;]\n<div class=\"su-row\"><div class=\"su-column su-column-size-3-5\"><div class=\"su-column-inner su-u-clearfix su-u-trim\">\n<div class=\"su-spacer\" style=\"height:20px\"><\/div>\n<strong>Orchestra Rom\u00e2n\u0103 de Tineret<\/strong> \u00een versiunea sa de camera va sus\u0163ine un concert extraordinar sub bagheta lui <strong>Gabriel Bebe\u015felea, solist\u0103 Rodica Vic\u0103<\/strong> la Sala Capitol din Timi\u015foara, eveniment organizat de<strong> Prim\u0103ria Municipiului Timisoara<\/strong> prin <strong>Asocia\u021bia Festivalul Baroc Timi\u0219oara<\/strong> \u00een seara de <strong>23 octombrie 2016<\/strong>, de la ora 19.00, \u00een cadrul <strong>Festivalului baroc de la Timi\u015foara<\/strong>.<\/p>\n<p>Un nucleu de 34 de muzicieni ai <strong>Orchestrei Rom\u00e2ne de Tineret<\/strong> vor sus\u021bine acest concert eveniment prezent\u00e2nd cele mai apreciate muzici de la curtea lui Ludovic al XIV-lea denumit \u0219i Regele Soare sub bagheta dirijorului Gabriel Bebe\u0219elea, urm\u00e2nd s\u0103 dea str\u0103lucire unui repertoriu spectaculos care va purta publicul \u00een zona de apogeu cultural a dinastiior monarhice din Fran\u021ba, Anglia \u0219i Italia.<\/p>\n<\/div><\/div>\n<div class=\"su-column su-column-size-2-5\"><div class=\"su-column-inner su-u-clearfix su-u-trim\">\n<a href=\"http:\/\/tinerimearomana.ro\/orchestra-romana-tineret\/wp-content\/uploads\/sites\/4\/2016\/02\/ORT-martie.jpg\"><img fetchpriority=\"high\" decoding=\"async\" class=\"alignright\" src=\"http:\/\/tinerimearomana.ro\/orchestra-romana-tineret\/wp-content\/uploads\/sites\/4\/2016\/10\/timisoara-2016-ORT-afis.jpg\" alt=\"Concert Ziua Italiei\" width=\"320\" height=\"451\" \/><\/a><br \/>\n<\/div><\/div><\/div>\n<strong>FOTO<\/strong><br \/>\n<div class=\"su-custom-gallery su-custom-gallery-align-left su-custom-gallery-title-never su-lightbox-gallery\"><div class=\"su-custom-gallery-slide\" style=\"width:270px;height:190px\"><a href=\"https:\/\/tinerimearomana.ro\/orchestra-romana-tineret\/wp-content\/uploads\/sites\/4\/2016\/10\/timisoara-2016-ORT.jpg\" title=\"timisoara-2016-ort\"><img decoding=\"async\" src=\"https:\/\/tinerimearomana.ro\/orchestra-romana-tineret\/wp-content\/uploads\/sites\/4\/2016\/10\/timisoara-2016-ORT.jpg\" alt=\"timisoara-2016-ort\" width=\"270\" height=\"190\" \/><span class=\"su-custom-gallery-title\">timisoara-2016-ort<\/span><\/a><\/div><div class=\"su-clear\"><\/div><\/div>\n[\/infobox][:]\n","protected":false},"excerpt":{"rendered":"<p>[infobox style=&#8217;info&#8217; static=&#8217;1&#8242;] FOTO [\/infobox][:]<\/p>\n","protected":false},"author":1,"featured_media":1444,"comment_status":"open","ping_status":"open","sticky":false,"template":"","format":"standard","meta":{"_kad_post_transparent":"","_kad_post_title":"","_kad_post_layout":"","_kad_post_sidebar_id":"","_kad_post_content_style":"","_kad_post_vertical_padding":"","_kad_post_feature":"","_kad_post_feature_position":"","_kad_post_header":false,"_kad_post_footer":false,"_kad_post_classname":"","footnotes":""},"categories":[4],"tags":[],"class_list":["post-1443","post","type-post","status-publish","format-standard","has-post-thumbnail","hentry","category-concerte-ro"],"_links":{"self":[{"href":"https:\/\/tinerimearomana.ro\/orchestra-romana-tineret\/wp-json\/wp\/v2\/posts\/1443"}],"collection":[{"href":"https:\/\/tinerimearomana.ro\/orchestra-romana-tineret\/wp-json\/wp\/v2\/posts"}],"about":[{"href":"https:\/\/tinerimearomana.ro\/orchestra-romana-tineret\/wp-json\/wp\/v2\/types\/post"}],"author":[{"embeddable":true,"href":"https:\/\/tinerimearomana.ro\/orchestra-romana-tineret\/wp-json\/wp\/v2\/users\/1"}],"replies":[{"embeddable":true,"href":"https:\/\/tinerimearomana.ro\/orchestra-romana-tineret\/wp-json\/wp\/v2\/comments?post=1443"}],"version-history":[{"count":7,"href":"https:\/\/tinerimearomana.ro\/orchestra-romana-tineret\/wp-json\/wp\/v2\/posts\/1443\/revisions"}],"predecessor-version":[{"id":2646,"href":"https:\/\/tinerimearomana.ro\/orchestra-romana-tineret\/wp-json\/wp\/v2\/posts\/1443\/revisions\/2646"}],"wp:featuredmedia":[{"embeddable":true,"href":"https:\/\/tinerimearomana.ro\/orchestra-romana-tineret\/wp-json\/wp\/v2\/media\/1444"}],"wp:attachment":[{"href":"https:\/\/tinerimearomana.ro\/orchestra-romana-tineret\/wp-json\/wp\/v2\/media?parent=1443"}],"wp:term":[{"taxonomy":"category","embeddable":true,"href":"https:\/\/tinerimearomana.ro\/orchestra-romana-tineret\/wp-json\/wp\/v2\/categories?post=1443"},{"taxonomy":"post_tag","embeddable":true,"href":"https:\/\/tinerimearomana.ro\/orchestra-romana-tineret\/wp-json\/wp\/v2\/tags?post=1443"}],"curies":[{"name":"wp","href":"https:\/\/api.w.org\/{rel}","templated":true}]}}