{"id":1437,"date":"2016-10-10T08:31:09","date_gmt":"2016-10-10T08:31:09","guid":{"rendered":"http:\/\/tinerimearomana.ro\/orchestra-romana-tineret\/?p=1437"},"modified":"2023-03-18T09:26:47","modified_gmt":"2023-03-18T09:26:47","slug":"vladimir-cosma-50-de-ani-de-muzica-de-film-triumf-al-orchestrei-romane-de-tineret-la-paris","status":"publish","type":"post","link":"https:\/\/tinerimearomana.ro\/orchestra-romana-tineret\/vladimir-cosma-50-de-ani-de-muzica-de-film-triumf-al-orchestrei-romane-de-tineret-la-paris\/","title":{"rendered":"Vladimir Cosma &#8211; 50 de ani de muzic\u0103 de film &#8211; triumf al Orchestrei Rom\u00e2ne de Tineret la Paris"},"content":{"rendered":"[infobox style=&#8217;info&#8217; static=&#8217;1&#8242;]\nPeste 3500 de persoane au aplaudat in picioare duminica seara la finalul concertului triumfal al lui Vladimir Cosma la pupitrul Orchestrei Rom\u00e2ne de Tineret prin care acesta a aniversat la Palatul Congreselor din Paris 50 de ani de activitate artistic\u0103 de succes. Pe scen\u0103 s-au aflat peste 200 de instrumenti\u0219ti \u0219i cori\u0219ti, \u00een prim plan ap\u0103r\u00e2nd soli\u0219ti precum soprana Irina Baian\u021b, legendarul Richard Sanderson (La Boum), Greg Zlap la muzicu\u021b\u0103 sau Marius Preda la \u021bambal.<\/p>\n<p>Acest concert va fi urmat de un turneu \u00een 9 ora\u0219e din Fran\u021ba \u0219i Elve\u021bia realizat tot al\u0103turi de Orchestra Rom\u00e2n\u0103 de Tineret \u00een februarie 2017, pe traseul: 07.02.2017 \u2013 Bordeaux \u2013 Patinoire, 08.02.2017 \u2013 Toulouse \u2013 Z\u00e9nith, 09.02.2017 \u2013 Geneva \u2013 Arena, 10.02.2017 \u2013 Lyon \u2013 Amphith\u00e9\u00e2tre, 11.02.2017 \u2013 Rouen \u2013 Z\u00e9nith, 14.02.2017 \u2013 Lille \u2013 Z\u00e9nith, 15.02.2017 \u2013 Strasbourg \u2013 Z\u00e9nith, 16.02.2017 \u2013 Dijon \u2013 Z\u00e9nith, 17.02.2017 \u2013 Nantes \u2013 Z\u00e9nith.<\/p>\n<p>Vladimir Cosma declara cu ocazia acestui concert : \u201eProiectul acesta care se nume\u0219te Vladimir Cosma \u2013 50 de ani de succes este intitulat, de fapt, a\u0219a, din ra\u021biuni de marketing. Pentru mine totu\u0219i, ace\u0219ti 50 de ani sunt foarte importan\u021bi fiindc\u0103 sunt \u00eentr-un fel 50 de ani de la plecarea mea din Rom\u00e2nia. Am revenit acum 2 ani cu concerte la Bucure\u0219ti care m-au umplut de bucurie \u0219i de entuziasmul reg\u0103sirii ora\u0219ului \u0219i \u021b\u0103rii mele, pe care nu le v\u0103zusem de peste 50 de ani. Cu aceast\u0103 ocazie, am luat contact cu Filarmonica din Bucure\u0219ti \u0219i cu orchestra aceasta na\u021bional\u0103 rom\u00e2n\u0103 de tineri, care m-au entuziasmat at\u00e2t din punct de vedere muzical, c\u00e2t \u0219i al mentalit\u0103\u021bii, prin pasiunea pe care o au c\u00e2nt\u00e2nd. A\u0219a mi-a venit ideea ca acest turneu din iarn\u0103, care era prev\u0103zut a fi cu o orchestr\u0103 francez\u0103, s\u0103 \u00eel fac cu aceast\u0103 formidabil\u0103 Orchestr\u0103 Rom\u00e2n\u0103 de Tineret, care \u0219i-a ar\u0103tat completa disponibilitate de a participa cu entuziasm la acest turneu. Vreau s\u0103 recunosc c\u0103 a fost f\u0103cut \u0219i cu ajutorul autorit\u0103\u021bilor rom\u00e2ne, Institutul Cultural Rom\u00e2n, care a fost pasionat de acest proiect \u0219i a participat la realizarea lui.\u201d<\/p>\n<p>Trec\u00e2nd de la Rabbi Jacob la La Boum, Le Grand Blond, l\u2019As des As \u0219i Diva, Vladimir Cosma a revenit pe scen\u0103 cu cele mai frumoase melodii ale sale din filme \u00eentr-un concert excep\u021bional, prezent\u00e2nd \u0219i o serie din c\u00e2ntecele sale clasice reorchestrate, precum \u201eReality\u201d din La Boum, \u201eDestin\u00e9e\u201d din Sous-dou\u00e9s sau melodii din P\u00e8re No\u00ebl est une ordure \u0219i L\u2019amour en h\u00e9ritage. Vladimir Cosma a prezentat un program plin de nout\u0103\u021bi, \u00een care publicul a reg\u0103sit temele familiare \u00een noi aranjamente. Chiar dac\u0103 le d\u0103 o culoare nou\u0103, Vladimir Cosma r\u0103m\u00e2ne fidel partiturilor originale \u0219i stilului s\u0103u inimitabil. \u00cen afar\u0103 de dou\u0103 premii C\u00e9sar pentru cea mai bun\u0103 muzic\u0103 de film (Diva \u00een 1982 \u0219i Le Bal \u00een 1984) \u0219i alte numeroase distinc\u0163ii prestigioase (SACEM, Prix Henri Langlois al Cinematografiei franceze), Vladimir Cosma a ob\u021binut numeroase discuri de aur \u0219i platin\u0103 \u00een toat\u0103 lumea.<\/p>\n<p>N\u0103scut la Bucure\u0219ti, Vladimir Cosma a sosit la Paris \u00een anul 1963 continu\u00e2ndu-\u0219i studiile muzicale cu Nadia Boulanger \u0219i la Conservatorul Na\u021bional Superior de Muzic\u0103 din Paris. \u00cen 1968, Yves Robert \u00eei \u00eencredin\u021beaz\u0103 prima sa lucrare de muzic\u0103 de film, succes confirmat \u0219i consolidat \u00een 1972 cu muzica din filmul Le Grand Blond avec une chausseure noire. El a compus, dup\u0103 aceea, mai mult de 400 de coloane sonore de filme \u0219i seriale TV. Cinematografia i-a permis s\u0103 abordeze \u0219i jazz-ul (colabor\u00e2nd cu Chet Baker, Toots Thielemans, Don Byas, St\u00e9phane Grappelli, Jean-Luc Ponty, Philip Catherine), melodiile care au devenit veritabile hituri (\u201eReality\u201d din La Boum, \u201eDestin\u00e9e\u201d c\u00e2ntec mitic din filmul Le P\u00e8re No\u00ebl est une ordure, \u201eL\u2019amour en h\u00e9ritage\u201d), dar si muzica lumii (cu Gheorghe Zamfir, Syrinx, Liam O\u2019Flynn). \u00cen paralel, Vladimir Cosma a compus muzic\u0103 clasic\u0103 : lucr\u0103ri pentru cor \u0219i orchestr\u0103, concerte pentru vioar\u0103, eufoniu, trompet\u0103, violoncel, mandolin\u0103, muzic\u0103 de camer\u0103, un divertisment dup\u0103 Fabulele lui La Fontaine creat pentru Lambert Wilson \u0219i o oper\u0103 \u201eMarius et Fanny\u201d dup\u0103 Marcel Pagnol, prezentat\u0103 \u00een premier\u0103 de Roberto Alagna \u0219i Angela Gheorghiu.<\/p>\n<p>De c\u00e2\u021biva ani, concertele simfonice reprezint\u0103 o parte important\u0103 a activit\u0103\u021bii lui Vladimr Cosma. Evolu\u00e2nd de la Geneva la Budapesta \u0219i Sankt Petersburg, de la Bucure\u0219ti la Moscova, trec\u00e2nd prin Paris (Victoria Hall, Ch\u00e2telet, Grand Rex, Th\u00e9\u00e2tre des Champs-Elys\u00e9es, Palatul Kremlin), el s-a dedicat \u00een mare parte rescrierii partiturilor sale \u0219i dirijatului de orchestr\u0103.<\/p>\n<p>Cu sprijinul: <strong>Centrul Na\u021bional de Art\u0103 Tinerimea Rom\u00e2n\u0103, Institutul Cultural Rom\u00e2n<\/strong><br \/>\nParteneri media : <strong>Radio Rom\u00e2nia Cultural, Radio Rom\u00e2nia Muzical, Rom\u00e2nia TV, Observator Cultural, Q Magazine<\/strong><\/p>\n<p><strong>FOTO<\/strong><br \/>\n<div class=\"su-custom-gallery su-custom-gallery-align-left su-custom-gallery-title-never su-lightbox-gallery\"><div class=\"su-custom-gallery-slide\" style=\"width:270px;height:190px\"><a href=\"https:\/\/tinerimearomana.ro\/orchestra-romana-tineret\/wp-content\/uploads\/sites\/4\/2016\/10\/Vladimir-Cosma_Concert_6_ORT.jpg\" title=\"vladimir-cosma_concert_6_ort\"><img fetchpriority=\"high\" decoding=\"async\" src=\"https:\/\/tinerimearomana.ro\/orchestra-romana-tineret\/wp-content\/uploads\/sites\/4\/2016\/10\/Vladimir-Cosma_Concert_6_ORT.jpg\" alt=\"vladimir-cosma_concert_6_ort\" width=\"270\" height=\"190\" \/><span class=\"su-custom-gallery-title\">vladimir-cosma_concert_6_ort<\/span><\/a><\/div><div class=\"su-custom-gallery-slide\" style=\"width:270px;height:190px\"><a href=\"https:\/\/tinerimearomana.ro\/orchestra-romana-tineret\/wp-content\/uploads\/sites\/4\/2016\/10\/Vladimir-Cosma_Concert_4.jpg\" title=\"vladimir-cosma_concert_4\"><img decoding=\"async\" src=\"https:\/\/tinerimearomana.ro\/orchestra-romana-tineret\/wp-content\/uploads\/sites\/4\/2016\/10\/Vladimir-Cosma_Concert_4.jpg\" alt=\"vladimir-cosma_concert_4\" width=\"270\" height=\"190\" \/><span class=\"su-custom-gallery-title\">vladimir-cosma_concert_4<\/span><\/a><\/div><div class=\"su-custom-gallery-slide\" style=\"width:270px;height:190px\"><a href=\"https:\/\/tinerimearomana.ro\/orchestra-romana-tineret\/wp-content\/uploads\/sites\/4\/2016\/10\/Vladimir-Cosma_Concert_2.jpg\" title=\"vladimir-cosma_concert_2\"><img decoding=\"async\" src=\"https:\/\/tinerimearomana.ro\/orchestra-romana-tineret\/wp-content\/uploads\/sites\/4\/2016\/10\/Vladimir-Cosma_Concert_2.jpg\" alt=\"vladimir-cosma_concert_2\" width=\"270\" height=\"190\" \/><span class=\"su-custom-gallery-title\">vladimir-cosma_concert_2<\/span><\/a><\/div><div class=\"su-clear\"><\/div><\/div>\n[\/infobox][:]\n","protected":false},"excerpt":{"rendered":"<p>[infobox style=&#8217;info&#8217; static=&#8217;1&#8242;] Peste 3500 de persoane au aplaudat in picioare duminica seara la finalul concertului triumfal al lui Vladimir Cosma la pupitrul Orchestrei Rom\u00e2ne de Tineret prin care acesta a aniversat la Palatul Congreselor din Paris 50 de ani de activitate artistic\u0103 de succes. Pe scen\u0103 s-au aflat peste 200 de instrumenti\u0219ti \u0219i cori\u0219ti,&#8230;<\/p>\n","protected":false},"author":1,"featured_media":1438,"comment_status":"open","ping_status":"open","sticky":false,"template":"","format":"standard","meta":{"_kad_post_transparent":"","_kad_post_title":"","_kad_post_layout":"","_kad_post_sidebar_id":"","_kad_post_content_style":"","_kad_post_vertical_padding":"","_kad_post_feature":"","_kad_post_feature_position":"","_kad_post_header":false,"_kad_post_footer":false,"_kad_post_classname":"","footnotes":""},"categories":[4],"tags":[],"class_list":["post-1437","post","type-post","status-publish","format-standard","has-post-thumbnail","hentry","category-concerte-ro"],"_links":{"self":[{"href":"https:\/\/tinerimearomana.ro\/orchestra-romana-tineret\/wp-json\/wp\/v2\/posts\/1437"}],"collection":[{"href":"https:\/\/tinerimearomana.ro\/orchestra-romana-tineret\/wp-json\/wp\/v2\/posts"}],"about":[{"href":"https:\/\/tinerimearomana.ro\/orchestra-romana-tineret\/wp-json\/wp\/v2\/types\/post"}],"author":[{"embeddable":true,"href":"https:\/\/tinerimearomana.ro\/orchestra-romana-tineret\/wp-json\/wp\/v2\/users\/1"}],"replies":[{"embeddable":true,"href":"https:\/\/tinerimearomana.ro\/orchestra-romana-tineret\/wp-json\/wp\/v2\/comments?post=1437"}],"version-history":[{"count":2,"href":"https:\/\/tinerimearomana.ro\/orchestra-romana-tineret\/wp-json\/wp\/v2\/posts\/1437\/revisions"}],"predecessor-version":[{"id":2648,"href":"https:\/\/tinerimearomana.ro\/orchestra-romana-tineret\/wp-json\/wp\/v2\/posts\/1437\/revisions\/2648"}],"wp:featuredmedia":[{"embeddable":true,"href":"https:\/\/tinerimearomana.ro\/orchestra-romana-tineret\/wp-json\/wp\/v2\/media\/1438"}],"wp:attachment":[{"href":"https:\/\/tinerimearomana.ro\/orchestra-romana-tineret\/wp-json\/wp\/v2\/media?parent=1437"}],"wp:term":[{"taxonomy":"category","embeddable":true,"href":"https:\/\/tinerimearomana.ro\/orchestra-romana-tineret\/wp-json\/wp\/v2\/categories?post=1437"},{"taxonomy":"post_tag","embeddable":true,"href":"https:\/\/tinerimearomana.ro\/orchestra-romana-tineret\/wp-json\/wp\/v2\/tags?post=1437"}],"curies":[{"name":"wp","href":"https:\/\/api.w.org\/{rel}","templated":true}]}}