{"id":1348,"date":"2016-07-11T13:18:31","date_gmt":"2016-07-11T13:18:31","guid":{"rendered":"http:\/\/tinerimearomana.ro\/orchestra-romana-tineret\/?p=1348"},"modified":"2023-03-18T09:26:47","modified_gmt":"2023-03-18T09:26:47","slug":"orchestra-romana-de-tineret-in-festival-la-milano","status":"publish","type":"post","link":"https:\/\/tinerimearomana.ro\/orchestra-romana-tineret\/orchestra-romana-de-tineret-in-festival-la-milano\/","title":{"rendered":"ORCHESTRA ROMANA DE TINERET IN FESTIVAL LA MILANO"},"content":{"rendered":"<div class=\"su-spacer\" style=\"height:40px\"><\/div>\n[infobox style=&#8217;info&#8217; static=&#8217;1&#8242;]\n<strong>Orchestra Rom\u00e2n\u0103 de Tineret revine \u00een aceast\u0103 var\u0103 la Milano cu un concert \u00een care o va avea ca solist\u0103 pe violoncelista Julia Hagen, cu Varia\u021biuni pe o tem\u0103 rococo pentru violoncel \u0219i orchestr\u0103, op. 33 de Ceaikovski, dirijor fiind, ca \u015fi anul trecut, Cristian Mandeal. <\/strong><\/p>\n<p>Concertul are loc \u00een cadrul Festivalului Interna\u021bional al Orchestrelor de Tineret ce se desf\u0103\u015foar\u0103 la Milano, la Pavilionul UniCredit, Pia\u021ba Gae Aulenti, \u00een perioada 1 \u2013 21 iulie 2016, publicul av\u00e2nd intrarea liber\u0103.Programul va mai cuprinde Simfonia nr. 1 \u00een Re major, op. 25 \u2013 Clasica de Prokofiev \u015fi Simfonia nr. 4 \u00een La major, op. 90 \u2013 Italiana de Mendelssohn.<\/p>\n<p>Milano este pentru prima oar\u0103 gazda unui eveniment dedicat orchestrelor compuse din tineri \u00eencep\u00e2nd cu data de 1 iulie 2016. Festivalul este g\u0103zduit de Pavilionul UniCredit \u015fi are \u00een program 6 concerte prezentate de orchestre de tineret italiene \u0219i europene.<\/p>\n<p>\u00cen urma succesului \u00eenregistrat cu ocazia concertului de la Expozi\u021bia Mondial\u0103 de anul trecut, Orchestra Rom\u00e2n\u0103 de Tineret are onoarea de a se afla de lista select\u0103 a invita\u021bilor din acest an, care cuprinde cele mai bune orchestre de gen din Europa.<\/p>\n<p>Acest festival este conceput de Pavilionul UniCredit \u00een colaborare cu Concerto Management SRL \u2013 societate lider \u00een organizarea evenimentelor de firm\u0103 \u0219i a turneelor de orchestre \u00een Europa \u2013 cu scopul de a promova tinerele talente \u00een domeniul muzical, d\u00e2ndu-le posibilitatea de a evolua pe o scen\u0103 \u00een fa\u021ba unui public larg \u0219i sus\u0163in\u00e2nd organizarea \u0219i promovarea acestora.<\/p>\n<p>Concertul este precedat de un altul care va avea loc la Bucure\u015fti la Ateneul Rom\u00e2n, \u00een seara de 13 iulie, de la ora 19, \u00een deschiderea Festivalului Vara Magic\u0103, cu un program similar, concert \u00een care solist va fi violoncelistul \u015etefan Cazacu.<\/p>\n<p>Organizator\u00a0: <strong>Centrul Na\u021bional de Art\u0103 \u201eTinerimea Rom\u00e2n\u0103\u201d<\/strong><\/p>\n<p>Cu sprjinul :\u00a0<strong>Institutului Cultural Roman<\/strong><\/p>\n<p>Parteneri :\u00a0<strong>Funda\u0163ia Prietenii Muzicii \u201cSerafim Antropov\u201d<\/strong>\u00a0si\u00a0<strong>Lanto Comunication<\/strong><\/p>\n<p>Parteneri media :<strong> Radio Rom\u00e2nia Cultural, Radio Rom\u00e2nia Muzical, Rom\u00e2nia TV, Observator Cultural, Q Magazine<br \/>\n<\/strong><br \/>\n<strong>FOTO<\/strong><br \/>\n<div class=\"su-custom-gallery su-custom-gallery-align-left su-custom-gallery-title-never su-lightbox-gallery\"><div class=\"su-custom-gallery-slide\" style=\"width:270px;height:190px\"><a href=\"https:\/\/tinerimearomana.ro\/orchestra-romana-tineret\/wp-content\/uploads\/sites\/4\/2016\/07\/ORT_22_MILANO_2016.jpg\" title=\"ORT_22_MILANO_2016\"><img fetchpriority=\"high\" decoding=\"async\" src=\"https:\/\/tinerimearomana.ro\/orchestra-romana-tineret\/wp-content\/uploads\/sites\/4\/2016\/07\/ORT_22_MILANO_2016.jpg\" alt=\"ORT_22_MILANO_2016\" width=\"270\" height=\"190\" \/><span class=\"su-custom-gallery-title\">ORT_22_MILANO_2016<\/span><\/a><\/div><div class=\"su-custom-gallery-slide\" style=\"width:270px;height:190px\"><a href=\"https:\/\/tinerimearomana.ro\/orchestra-romana-tineret\/wp-content\/uploads\/sites\/4\/2016\/07\/ORT_21_MILANO_2016.jpg\" title=\"ORT_21_MILANO_2016\"><img decoding=\"async\" src=\"https:\/\/tinerimearomana.ro\/orchestra-romana-tineret\/wp-content\/uploads\/sites\/4\/2016\/07\/ORT_21_MILANO_2016.jpg\" alt=\"ORT_21_MILANO_2016\" width=\"270\" height=\"190\" \/><span class=\"su-custom-gallery-title\">ORT_21_MILANO_2016<\/span><\/a><\/div><div class=\"su-custom-gallery-slide\" style=\"width:270px;height:190px\"><a href=\"https:\/\/tinerimearomana.ro\/orchestra-romana-tineret\/wp-content\/uploads\/sites\/4\/2016\/07\/ORT_20_MILANO_2016.jpg\" title=\"ORT_20_MILANO_2016\"><img decoding=\"async\" src=\"https:\/\/tinerimearomana.ro\/orchestra-romana-tineret\/wp-content\/uploads\/sites\/4\/2016\/07\/ORT_20_MILANO_2016.jpg\" alt=\"ORT_20_MILANO_2016\" width=\"270\" height=\"190\" \/><span class=\"su-custom-gallery-title\">ORT_20_MILANO_2016<\/span><\/a><\/div><div class=\"su-custom-gallery-slide\" style=\"width:270px;height:190px\"><a href=\"https:\/\/tinerimearomana.ro\/orchestra-romana-tineret\/wp-content\/uploads\/sites\/4\/2016\/07\/ORT_19_MILANO_2016.jpg\" title=\"ORT_19_MILANO_2016\"><img loading=\"lazy\" decoding=\"async\" src=\"https:\/\/tinerimearomana.ro\/orchestra-romana-tineret\/wp-content\/uploads\/sites\/4\/2016\/07\/ORT_19_MILANO_2016.jpg\" alt=\"ORT_19_MILANO_2016\" width=\"270\" height=\"190\" \/><span class=\"su-custom-gallery-title\">ORT_19_MILANO_2016<\/span><\/a><\/div><div class=\"su-custom-gallery-slide\" style=\"width:270px;height:190px\"><a href=\"https:\/\/tinerimearomana.ro\/orchestra-romana-tineret\/wp-content\/uploads\/sites\/4\/2016\/07\/ORT_18_MILANO_2016.jpg\" title=\"ORT_18_MILANO_2016\"><img loading=\"lazy\" decoding=\"async\" src=\"https:\/\/tinerimearomana.ro\/orchestra-romana-tineret\/wp-content\/uploads\/sites\/4\/2016\/07\/ORT_18_MILANO_2016.jpg\" alt=\"ORT_18_MILANO_2016\" width=\"270\" height=\"190\" \/><span class=\"su-custom-gallery-title\">ORT_18_MILANO_2016<\/span><\/a><\/div><div class=\"su-custom-gallery-slide\" style=\"width:270px;height:190px\"><a href=\"https:\/\/tinerimearomana.ro\/orchestra-romana-tineret\/wp-content\/uploads\/sites\/4\/2016\/07\/ORT_17_MILANO_2016.jpg\" title=\"ORT_17_MILANO_2016\"><img loading=\"lazy\" decoding=\"async\" src=\"https:\/\/tinerimearomana.ro\/orchestra-romana-tineret\/wp-content\/uploads\/sites\/4\/2016\/07\/ORT_17_MILANO_2016.jpg\" alt=\"ORT_17_MILANO_2016\" width=\"270\" height=\"190\" \/><span class=\"su-custom-gallery-title\">ORT_17_MILANO_2016<\/span><\/a><\/div><div class=\"su-custom-gallery-slide\" style=\"width:270px;height:190px\"><a href=\"https:\/\/tinerimearomana.ro\/orchestra-romana-tineret\/wp-content\/uploads\/sites\/4\/2016\/07\/ORT_15_MILANO_2016.jpg\" title=\"ORT_15_MILANO_2016\"><img loading=\"lazy\" decoding=\"async\" src=\"https:\/\/tinerimearomana.ro\/orchestra-romana-tineret\/wp-content\/uploads\/sites\/4\/2016\/07\/ORT_15_MILANO_2016.jpg\" alt=\"ORT_15_MILANO_2016\" width=\"270\" height=\"190\" \/><span class=\"su-custom-gallery-title\">ORT_15_MILANO_2016<\/span><\/a><\/div><div class=\"su-custom-gallery-slide\" style=\"width:270px;height:190px\"><a href=\"https:\/\/tinerimearomana.ro\/orchestra-romana-tineret\/wp-content\/uploads\/sites\/4\/2016\/07\/ORT_14_MILANO_2016.jpg\" title=\"ORT_14_MILANO_2016\"><img loading=\"lazy\" decoding=\"async\" src=\"https:\/\/tinerimearomana.ro\/orchestra-romana-tineret\/wp-content\/uploads\/sites\/4\/2016\/07\/ORT_14_MILANO_2016.jpg\" alt=\"ORT_14_MILANO_2016\" width=\"270\" height=\"190\" \/><span class=\"su-custom-gallery-title\">ORT_14_MILANO_2016<\/span><\/a><\/div><div class=\"su-custom-gallery-slide\" style=\"width:270px;height:190px\"><a href=\"https:\/\/tinerimearomana.ro\/orchestra-romana-tineret\/wp-content\/uploads\/sites\/4\/2016\/07\/ORT_13_MILANO_2016.jpg\" title=\"ORT_13_MILANO_2016\"><img loading=\"lazy\" decoding=\"async\" src=\"https:\/\/tinerimearomana.ro\/orchestra-romana-tineret\/wp-content\/uploads\/sites\/4\/2016\/07\/ORT_13_MILANO_2016.jpg\" alt=\"ORT_13_MILANO_2016\" width=\"270\" height=\"190\" \/><span class=\"su-custom-gallery-title\">ORT_13_MILANO_2016<\/span><\/a><\/div><div class=\"su-custom-gallery-slide\" style=\"width:270px;height:190px\"><a href=\"https:\/\/tinerimearomana.ro\/orchestra-romana-tineret\/wp-content\/uploads\/sites\/4\/2016\/07\/ORT_12_MILANO_2016.jpg\" title=\"ORT_12_MILANO_2016\"><img loading=\"lazy\" decoding=\"async\" src=\"https:\/\/tinerimearomana.ro\/orchestra-romana-tineret\/wp-content\/uploads\/sites\/4\/2016\/07\/ORT_12_MILANO_2016.jpg\" alt=\"ORT_12_MILANO_2016\" width=\"270\" height=\"190\" \/><span class=\"su-custom-gallery-title\">ORT_12_MILANO_2016<\/span><\/a><\/div><div class=\"su-custom-gallery-slide\" style=\"width:270px;height:190px\"><a href=\"https:\/\/tinerimearomana.ro\/orchestra-romana-tineret\/wp-content\/uploads\/sites\/4\/2016\/07\/ORT_11_MILANO_2016.jpg\" title=\"ORT_11_MILANO_2016\"><img loading=\"lazy\" decoding=\"async\" src=\"https:\/\/tinerimearomana.ro\/orchestra-romana-tineret\/wp-content\/uploads\/sites\/4\/2016\/07\/ORT_11_MILANO_2016.jpg\" alt=\"ORT_11_MILANO_2016\" width=\"270\" height=\"190\" \/><span class=\"su-custom-gallery-title\">ORT_11_MILANO_2016<\/span><\/a><\/div><div class=\"su-custom-gallery-slide\" style=\"width:270px;height:190px\"><a href=\"https:\/\/tinerimearomana.ro\/orchestra-romana-tineret\/wp-content\/uploads\/sites\/4\/2016\/07\/ORT_10_MILANO_2016.jpg\" title=\"ORT_10_MILANO_2016\"><img loading=\"lazy\" decoding=\"async\" src=\"https:\/\/tinerimearomana.ro\/orchestra-romana-tineret\/wp-content\/uploads\/sites\/4\/2016\/07\/ORT_10_MILANO_2016.jpg\" alt=\"ORT_10_MILANO_2016\" width=\"270\" height=\"190\" \/><span class=\"su-custom-gallery-title\">ORT_10_MILANO_2016<\/span><\/a><\/div><div class=\"su-custom-gallery-slide\" style=\"width:270px;height:190px\"><a href=\"https:\/\/tinerimearomana.ro\/orchestra-romana-tineret\/wp-content\/uploads\/sites\/4\/2016\/07\/ORT_9_MILANO_2016.jpg\" title=\"ORT_9_MILANO_2016\"><img loading=\"lazy\" decoding=\"async\" src=\"https:\/\/tinerimearomana.ro\/orchestra-romana-tineret\/wp-content\/uploads\/sites\/4\/2016\/07\/ORT_9_MILANO_2016.jpg\" alt=\"ORT_9_MILANO_2016\" width=\"270\" height=\"190\" \/><span class=\"su-custom-gallery-title\">ORT_9_MILANO_2016<\/span><\/a><\/div><div class=\"su-custom-gallery-slide\" style=\"width:270px;height:190px\"><a href=\"https:\/\/tinerimearomana.ro\/orchestra-romana-tineret\/wp-content\/uploads\/sites\/4\/2016\/07\/ORT_8_MILANO_2016.jpg\" title=\"ORT_8_MILANO_2016\"><img loading=\"lazy\" decoding=\"async\" src=\"https:\/\/tinerimearomana.ro\/orchestra-romana-tineret\/wp-content\/uploads\/sites\/4\/2016\/07\/ORT_8_MILANO_2016.jpg\" alt=\"ORT_8_MILANO_2016\" width=\"270\" height=\"190\" \/><span class=\"su-custom-gallery-title\">ORT_8_MILANO_2016<\/span><\/a><\/div><div class=\"su-custom-gallery-slide\" style=\"width:270px;height:190px\"><a href=\"https:\/\/tinerimearomana.ro\/orchestra-romana-tineret\/wp-content\/uploads\/sites\/4\/2016\/07\/ORT_7_MILANO_20161.jpg\" title=\"ORT_7_MILANO_2016\"><img loading=\"lazy\" decoding=\"async\" src=\"https:\/\/tinerimearomana.ro\/orchestra-romana-tineret\/wp-content\/uploads\/sites\/4\/2016\/07\/ORT_7_MILANO_20161.jpg\" alt=\"ORT_7_MILANO_2016\" width=\"270\" height=\"190\" \/><span class=\"su-custom-gallery-title\">ORT_7_MILANO_2016<\/span><\/a><\/div><div class=\"su-custom-gallery-slide\" style=\"width:270px;height:190px\"><a href=\"https:\/\/tinerimearomana.ro\/orchestra-romana-tineret\/wp-content\/uploads\/sites\/4\/2016\/07\/ORT_7_MILANO_2016.jpg\" title=\"ORT_7_MILANO_2016\"><img loading=\"lazy\" decoding=\"async\" src=\"https:\/\/tinerimearomana.ro\/orchestra-romana-tineret\/wp-content\/uploads\/sites\/4\/2016\/07\/ORT_7_MILANO_2016.jpg\" alt=\"ORT_7_MILANO_2016\" width=\"270\" height=\"190\" \/><span class=\"su-custom-gallery-title\">ORT_7_MILANO_2016<\/span><\/a><\/div><div class=\"su-custom-gallery-slide\" style=\"width:270px;height:190px\"><a href=\"https:\/\/tinerimearomana.ro\/orchestra-romana-tineret\/wp-content\/uploads\/sites\/4\/2016\/07\/ORT_6_MILANO_2016.jpg\" title=\"ORT_6_MILANO_2016\"><img loading=\"lazy\" decoding=\"async\" src=\"https:\/\/tinerimearomana.ro\/orchestra-romana-tineret\/wp-content\/uploads\/sites\/4\/2016\/07\/ORT_6_MILANO_2016.jpg\" alt=\"ORT_6_MILANO_2016\" width=\"270\" height=\"190\" \/><span class=\"su-custom-gallery-title\">ORT_6_MILANO_2016<\/span><\/a><\/div><div class=\"su-custom-gallery-slide\" style=\"width:270px;height:190px\"><a href=\"https:\/\/tinerimearomana.ro\/orchestra-romana-tineret\/wp-content\/uploads\/sites\/4\/2016\/07\/ORT_5_MILANO_2016.jpg\" title=\"ORT_5_MILANO_2016\"><img loading=\"lazy\" decoding=\"async\" src=\"https:\/\/tinerimearomana.ro\/orchestra-romana-tineret\/wp-content\/uploads\/sites\/4\/2016\/07\/ORT_5_MILANO_2016.jpg\" alt=\"ORT_5_MILANO_2016\" width=\"270\" height=\"190\" \/><span class=\"su-custom-gallery-title\">ORT_5_MILANO_2016<\/span><\/a><\/div><div class=\"su-custom-gallery-slide\" style=\"width:270px;height:190px\"><a href=\"https:\/\/tinerimearomana.ro\/orchestra-romana-tineret\/wp-content\/uploads\/sites\/4\/2016\/07\/ORT_4_MILANO_2016.jpg\" title=\"ORT_4_MILANO_2016\"><img loading=\"lazy\" decoding=\"async\" src=\"https:\/\/tinerimearomana.ro\/orchestra-romana-tineret\/wp-content\/uploads\/sites\/4\/2016\/07\/ORT_4_MILANO_2016.jpg\" alt=\"ORT_4_MILANO_2016\" width=\"270\" height=\"190\" \/><span class=\"su-custom-gallery-title\">ORT_4_MILANO_2016<\/span><\/a><\/div><div class=\"su-custom-gallery-slide\" style=\"width:270px;height:190px\"><a href=\"https:\/\/tinerimearomana.ro\/orchestra-romana-tineret\/wp-content\/uploads\/sites\/4\/2016\/07\/ORT_3_MILANO_2016.jpg\" title=\"ORT_3_MILANO_2016\"><img loading=\"lazy\" decoding=\"async\" src=\"https:\/\/tinerimearomana.ro\/orchestra-romana-tineret\/wp-content\/uploads\/sites\/4\/2016\/07\/ORT_3_MILANO_2016.jpg\" alt=\"ORT_3_MILANO_2016\" width=\"270\" height=\"190\" \/><span class=\"su-custom-gallery-title\">ORT_3_MILANO_2016<\/span><\/a><\/div><div class=\"su-clear\"><\/div><\/div>\n[\/infobox][:]\n","protected":false},"excerpt":{"rendered":"<p>[infobox style=&#8217;info&#8217; static=&#8217;1&#8242;] Orchestra Rom\u00e2n\u0103 de Tineret revine \u00een aceast\u0103 var\u0103 la Milano cu un concert \u00een care o va avea ca solist\u0103 pe violoncelista Julia Hagen, cu Varia\u021biuni pe o tem\u0103 rococo pentru violoncel \u0219i orchestr\u0103, op. 33 de Ceaikovski, dirijor fiind, ca \u015fi anul trecut, Cristian Mandeal. Concertul are loc \u00een cadrul Festivalului&#8230;<\/p>\n","protected":false},"author":1,"featured_media":1359,"comment_status":"open","ping_status":"open","sticky":false,"template":"","format":"standard","meta":{"_kad_post_transparent":"","_kad_post_title":"","_kad_post_layout":"","_kad_post_sidebar_id":"","_kad_post_content_style":"","_kad_post_vertical_padding":"","_kad_post_feature":"","_kad_post_feature_position":"","_kad_post_header":false,"_kad_post_footer":false,"_kad_post_classname":"","footnotes":""},"categories":[4],"tags":[],"class_list":["post-1348","post","type-post","status-publish","format-standard","has-post-thumbnail","hentry","category-concerte-ro"],"_links":{"self":[{"href":"https:\/\/tinerimearomana.ro\/orchestra-romana-tineret\/wp-json\/wp\/v2\/posts\/1348"}],"collection":[{"href":"https:\/\/tinerimearomana.ro\/orchestra-romana-tineret\/wp-json\/wp\/v2\/posts"}],"about":[{"href":"https:\/\/tinerimearomana.ro\/orchestra-romana-tineret\/wp-json\/wp\/v2\/types\/post"}],"author":[{"embeddable":true,"href":"https:\/\/tinerimearomana.ro\/orchestra-romana-tineret\/wp-json\/wp\/v2\/users\/1"}],"replies":[{"embeddable":true,"href":"https:\/\/tinerimearomana.ro\/orchestra-romana-tineret\/wp-json\/wp\/v2\/comments?post=1348"}],"version-history":[{"count":3,"href":"https:\/\/tinerimearomana.ro\/orchestra-romana-tineret\/wp-json\/wp\/v2\/posts\/1348\/revisions"}],"predecessor-version":[{"id":2653,"href":"https:\/\/tinerimearomana.ro\/orchestra-romana-tineret\/wp-json\/wp\/v2\/posts\/1348\/revisions\/2653"}],"wp:featuredmedia":[{"embeddable":true,"href":"https:\/\/tinerimearomana.ro\/orchestra-romana-tineret\/wp-json\/wp\/v2\/media\/1359"}],"wp:attachment":[{"href":"https:\/\/tinerimearomana.ro\/orchestra-romana-tineret\/wp-json\/wp\/v2\/media?parent=1348"}],"wp:term":[{"taxonomy":"category","embeddable":true,"href":"https:\/\/tinerimearomana.ro\/orchestra-romana-tineret\/wp-json\/wp\/v2\/categories?post=1348"},{"taxonomy":"post_tag","embeddable":true,"href":"https:\/\/tinerimearomana.ro\/orchestra-romana-tineret\/wp-json\/wp\/v2\/tags?post=1348"}],"curies":[{"name":"wp","href":"https:\/\/api.w.org\/{rel}","templated":true}]}}