{"id":320,"date":"2023-03-28T12:30:53","date_gmt":"2023-03-28T12:30:53","guid":{"rendered":"https:\/\/tinerimearomana.ro\/orchestra-nationala-simfonica\/?p=320"},"modified":"2025-07-30T15:23:26","modified_gmt":"2025-07-30T15:23:26","slug":"orchestra-nationala-simfonica-a-romaniei-dublu-concert-extraordinar-la-bucuresti-si-salonic","status":"publish","type":"post","link":"https:\/\/tinerimearomana.ro\/orchestra-nationala-simfonica\/ro\/orchestra-nationala-simfonica-a-romaniei-dublu-concert-extraordinar-la-bucuresti-si-salonic\/","title":{"rendered":"ORCHESTRA NATIONALA SIMFONICA A ROMANIEI, DUBLU CONCERT EXTRAORDINAR LA BUCURESTI SI SALONIC"},"content":{"rendered":"<p><strong><b>Orchestra Na\u0163ional\u0103 Simfonic\u0103 a Rom\u00e2niei <\/b><\/strong>dirijat\u0103 de <strong><b>Cristian Mandeal<\/b><\/strong>\u00a0va sus\u0163ine miercuri, <strong><b>5 aprilie 2023<\/b><\/strong>, ora 20.30 un concert extraordinar la Salonic, mai precis la Megaron Thessaloniki Concert Hall,<strong><b>\u00a0precedat de un concert la Ateneul Rom\u00e2n<\/b><\/strong>, pe 3 aprilie 2023 de la ora 19.00, cu un program ce va cuprinde lucr\u0103ri de Dan Dediu &#8211; <em><i>Elegia minacciosa<\/i><\/em>, Serghei Rahmaninov &#8211; <em><i>Concertul nr. 3, \u00een re minor, pentru pian \u015fi orchestr\u0103, op. 30<\/i><\/em>\u00a0\u015fi Serghei Rahmaninov &#8211; Simfonia nr. 2, \u00een mi minor, op. 27. Solistul concertului de la Bucure\u015fti va fi <strong><b>Antoniu Nagy<\/b><\/strong>, iar al celui de la Salonic <strong><b>Alexei Volodin<\/b><\/strong>.<\/p>\n<p>Orchestra Na\u021bional\u0103 Simfonic\u0103 a Rom\u00e2niei reprezint\u0103 etapa de maturitate \u0219i deplin\u0103 excelen\u021b\u0103 artistic\u0103 a celor mai valoro\u0219i membri ai Orchestrelor Rom\u00e2ne de Tineret ale Rom\u00e2niei. Pornit\u0103 de la ini\u021biativa fo\u0219tilor membri ai primelor genera\u021bii care au dep\u0103\u0219it v\u00e2rsta maxim\u0103 de selec\u021bie \u00een faimoasa Orchestr\u0103 Rom\u00e2n\u0103 de Tineret \u0219i care ocupau deja posturi importante \u00een orchestrele simfonice profesioniste din Rom\u00e2nia \u0219i nu numai, actuala Orchestr\u0103 Na\u021bional\u0103 Simfonic\u0103 a Rom\u00e2niei a reprezentat cu brio cultura na\u021bional\u0103 pe mari scene din Europa \u0219i Statele Unite ale Americii.<\/p>\n<p>Evolu\u00e2nd al\u0103turi de mai tinerii lor colegi, to\u021bi membrii acestei orchestre impresioneaz\u0103 prin acea combina\u021bie unic\u0103 de tinere\u021be dublat\u0103 deja de o solid\u0103 experien\u021b\u0103 interna\u021bional\u0103, expresie a for\u021bei pe care proiectul Orchestrelor Na\u021bionale de Tineret ale Rom\u00e2niei, creat de violoncelistul \u0219i profesorul Marin Cazacu a c\u00e2\u0219tigat-o de-a lungul celor 15 ani de existen\u021b\u0103.<\/p>\n<p>Organizator: \u00a0Centrul Na\u021bional de Art\u0103 \u201eTinerimea Rom\u00e2n\u0103&#8221;<\/p>\n<p>Parteneri: Filarmonica \u201eGeorge Enescu\u201d, Institutul Cultural Rom\u00e2n<\/p>\n<p>Parteneri media \u015fi culturali: Radio Rom\u00e2nia Cultural \u015fi Radio Rom\u00e2nia Muzical, Rom\u00e2nia TV, Mediatrust, Observator Cultural, Liternet, Agen\u0163ia de carte<\/p>\n<p><img fetchpriority=\"high\" decoding=\"async\" class=\"aligncenter wp-image-323 size-full\" src=\"https:\/\/tinerimearomana.ro\/orchestra-nationala-simfonica\/wp-content\/uploads\/sites\/12\/2023\/03\/AFIS-ONSR_3-APRILIE-2023.jpg\" alt=\"\" width=\"960\" height=\"1359\" srcset=\"https:\/\/tinerimearomana.ro\/orchestra-nationala-simfonica\/wp-content\/uploads\/sites\/12\/2023\/03\/AFIS-ONSR_3-APRILIE-2023.jpg 960w, https:\/\/tinerimearomana.ro\/orchestra-nationala-simfonica\/wp-content\/uploads\/sites\/12\/2023\/03\/AFIS-ONSR_3-APRILIE-2023-212x300.jpg 212w, https:\/\/tinerimearomana.ro\/orchestra-nationala-simfonica\/wp-content\/uploads\/sites\/12\/2023\/03\/AFIS-ONSR_3-APRILIE-2023-723x1024.jpg 723w, https:\/\/tinerimearomana.ro\/orchestra-nationala-simfonica\/wp-content\/uploads\/sites\/12\/2023\/03\/AFIS-ONSR_3-APRILIE-2023-768x1087.jpg 768w\" sizes=\"(max-width: 960px) 100vw, 960px\" \/><\/p>\n","protected":false},"excerpt":{"rendered":"<p>Orchestra Na\u0163ional\u0103 Simfonic\u0103 a Rom\u00e2niei dirijat\u0103 de Cristian Mandeal\u00a0va sus\u0163ine miercuri, 5 aprilie 2023, ora 20.30 un concert extraordinar la Salonic, mai precis la Megaron Thessaloniki Concert Hall,\u00a0precedat de un concert la Ateneul Rom\u00e2n, pe 3 aprilie 2023 de la ora 19.00, cu un program ce va cuprinde lucr\u0103ri de Dan Dediu &#8211; Elegia minacciosa,&#8230;<\/p>\n","protected":false},"author":1,"featured_media":323,"comment_status":"open","ping_status":"open","sticky":false,"template":"","format":"standard","meta":{"_kad_post_transparent":"default","_kad_post_title":"default","_kad_post_layout":"default","_kad_post_sidebar_id":"","_kad_post_content_style":"default","_kad_post_vertical_padding":"default","_kad_post_feature":"","_kad_post_feature_position":"","_kad_post_header":false,"_kad_post_footer":false,"_kad_post_classname":"","footnotes":""},"categories":[19],"tags":[],"class_list":["post-320","post","type-post","status-publish","format-standard","has-post-thumbnail","hentry","category-evenimente"],"_links":{"self":[{"href":"https:\/\/tinerimearomana.ro\/orchestra-nationala-simfonica\/wp-json\/wp\/v2\/posts\/320"}],"collection":[{"href":"https:\/\/tinerimearomana.ro\/orchestra-nationala-simfonica\/wp-json\/wp\/v2\/posts"}],"about":[{"href":"https:\/\/tinerimearomana.ro\/orchestra-nationala-simfonica\/wp-json\/wp\/v2\/types\/post"}],"author":[{"embeddable":true,"href":"https:\/\/tinerimearomana.ro\/orchestra-nationala-simfonica\/wp-json\/wp\/v2\/users\/1"}],"replies":[{"embeddable":true,"href":"https:\/\/tinerimearomana.ro\/orchestra-nationala-simfonica\/wp-json\/wp\/v2\/comments?post=320"}],"version-history":[{"count":3,"href":"https:\/\/tinerimearomana.ro\/orchestra-nationala-simfonica\/wp-json\/wp\/v2\/posts\/320\/revisions"}],"predecessor-version":[{"id":325,"href":"https:\/\/tinerimearomana.ro\/orchestra-nationala-simfonica\/wp-json\/wp\/v2\/posts\/320\/revisions\/325"}],"wp:featuredmedia":[{"embeddable":true,"href":"https:\/\/tinerimearomana.ro\/orchestra-nationala-simfonica\/wp-json\/wp\/v2\/media\/323"}],"wp:attachment":[{"href":"https:\/\/tinerimearomana.ro\/orchestra-nationala-simfonica\/wp-json\/wp\/v2\/media?parent=320"}],"wp:term":[{"taxonomy":"category","embeddable":true,"href":"https:\/\/tinerimearomana.ro\/orchestra-nationala-simfonica\/wp-json\/wp\/v2\/categories?post=320"},{"taxonomy":"post_tag","embeddable":true,"href":"https:\/\/tinerimearomana.ro\/orchestra-nationala-simfonica\/wp-json\/wp\/v2\/tags?post=320"}],"curies":[{"name":"wp","href":"https:\/\/api.w.org\/{rel}","templated":true}]}}